{"id":966,"date":"2014-01-02T15:55:00","date_gmt":"2014-01-02T14:55:00","guid":{"rendered":"http:\/\/wassersch.eu\/corumblog\/neujahrsbrezel-2013-598967396\/"},"modified":"2020-08-17T12:19:33","modified_gmt":"2020-08-17T10:19:33","slug":"neujahrsbrezel-2013-598967396","status":"publish","type":"post","link":"https:\/\/wassersch.eu\/corumblog\/2014\/01\/neujahrsbrezel-2013-598967396\/","title":{"rendered":"Ein bi\u00dfchen krumm&#8230;"},"content":{"rendered":"<p>&#8230; und schief: So wie das alte Jahr zu Ende ging, kann das neue Jahr ruhig anfangen &#8211; Hauptsache, es schmeckt!<\/p>\n<p><img decoding=\"async\" src=\"http:\/\/www.wassersch.eu\/Blog\/Rez\/Neujahrsbrezel2013.jpg\" alt=\"Neujahrsbrezel2013.jpg\" title=\"Neujahrsbrezel 2013\" \/><\/p>\n<h3>Neujahrsbrezel mit Zopf aus dem Pl\u00f6tzblog<\/h3>\n<table border= \"0\" width= \"100%\">\n<tr>\n<td width= \"150\" align= \"left\">Quellenangabe: <\/td>\n<td><a href= \"http:\/\/www.ploetzblog.de\/2012\/12\/29\/leserwunsch-neujahrsbrezel\/\" target= \"_blank\">Pl\u00f6tzblog<\/a><br \/>Nachgebacken und erfa\u00dft 31.12.2013 von Sus<\/td>\n<\/tr>\n<tr>\n<td width= \"150\" align= \"left\">Kategorien: <\/td>\n<td>Backen, Hefe, Neujahr<\/td>\n<\/tr>\n<tr>\n<td width= \"150\" align= \"left\">Mengenangaben f&uuml;r: <\/td>\n<td>1 Rezept<\/td>\n<\/tr>\n<\/table>\n<h4>Zutaten:<\/h4>\n<table>\n<tr>\n<td width= \"50\" align= \"right\"><\/td>\n<td width= \"100\"><\/td>\n<td><strong>Vorteig:<\/strong><\/td>\n<\/tr>\n<tr>\n<td width= \"50\" align= \"right\">100<\/td>\n<td width= \"100\">g<\/td>\n<td>Weizenmehl 550<\/td>\n<\/tr>\n<tr>\n<td width= \"50\" align= \"right\">100<\/td>\n<td width= \"100\">g<\/td>\n<td>Milch (3,5% Fett)<\/td>\n<\/tr>\n<tr>\n<td width= \"50\" align= \"right\">0.1<\/td>\n<td width= \"100\">g<\/td>\n<td>Frischhefe<\/td>\n<\/tr>\n<tr>\n<td width= \"50\" align= \"right\"><\/td>\n<td width= \"100\"><\/td>\n<td><strong>Mehlkochst\u00fcck:<\/strong><\/td>\n<\/tr>\n<tr>\n<td width= \"50\" align= \"right\">75<\/td>\n<td width= \"100\">g<\/td>\n<td>Milch (3,5% Fett)<\/td>\n<\/tr>\n<tr>\n<td width= \"50\" align= \"right\">15<\/td>\n<td width= \"100\">g<\/td>\n<td>Weizenmehl 550<\/td>\n<\/tr>\n<tr>\n<td width= \"50\" align= \"right\"><\/td>\n<td width= \"100\"><\/td>\n<td><strong>Hauptteig:<\/strong><\/td>\n<\/tr>\n<tr>\n<td width= \"50\" align= \"right\"><\/td>\n<td width= \"100\"><\/td>\n<td>Vorteig<\/td>\n<\/tr>\n<tr>\n<td width= \"50\" align= \"right\"><\/td>\n<td width= \"100\"><\/td>\n<td>Mehlkochst\u00fcck<\/td>\n<\/tr>\n<tr>\n<td width= \"50\" align= \"right\">280<\/td>\n<td width= \"100\">g<\/td>\n<td>Weizenmehl 550<\/td>\n<\/tr>\n<tr>\n<td width= \"50\" align= \"right\">65<\/td>\n<td width= \"100\">g<\/td>\n<td>Milch (3,5% Fett)<\/td>\n<\/tr>\n<tr>\n<td width= \"50\" align= \"right\">10<\/td>\n<td width= \"100\">g<\/td>\n<td>Frischhefe<\/td>\n<\/tr>\n<tr>\n<td width= \"50\" align= \"right\">50<\/td>\n<td width= \"100\">g<\/td>\n<td>Ei (ca. 1 Ei)<\/td>\n<\/tr>\n<tr>\n<td width= \"50\" align= \"right\">25<\/td>\n<td width= \"100\">g<\/td>\n<td>Zucker<\/td>\n<\/tr>\n<tr>\n<td width= \"50\" align= \"right\">70<\/td>\n<td width= \"100\">g<\/td>\n<td>Butter<\/td>\n<\/tr>\n<tr>\n<td width= \"50\" align= \"right\">5<\/td>\n<td width= \"100\">g<\/td>\n<td>Salz<\/td>\n<\/tr>\n<tr>\n<td width= \"50\" align= \"right\">1<\/td>\n<td width= \"100\"><\/td>\n<td>Ei zum Abstreichen<\/td>\n<\/tr>\n<\/table>\n<h4>Zubereitung:<\/h4>\n<p>Die Vorteigzutaten mischen und 20 Stunden bei Raumtemperatur reifen lassen.<\/p>\n<p>F\u00fcr das Mehlkochst\u00fcck das Mehl mit einem Schneebesen in der Milch verteilen und unter st\u00e4ndigem R\u00fchren auf ca. 65\u00b0C erhitzen. Sobald die Masse z\u00e4hfl\u00fcssiger wird, den Topf vom Herd nehmen und etwa 2 Minuten weiterr\u00fchren. Die Masse ausk\u00fchlen lassen und mindestens 4 Stunden im K\u00fchlschrank lagern.<\/p>\n<p>Alle Zutaten au\u00dfer Butter und Zucker 5 Minuten auf niedrigster Stufe und weitere 10 Minuten auf zweiter Stufe zu einem festen Teig kneten. Butter und Zucker zugeben und weitere 10 Minuten auf zweiter Stufe kneten.<\/p>\n<p>90 Minuten Gare bei 24\u00b0C. Nach 60 Minuten aussto\u00dfen.<\/p>\n<p>210 g Teig abnehmen, in 70 g-St\u00fccke teilen und rundschleifen. Einige Minuten entspannen lassen. In der Zwischenzeit den \u00fcbrigen Teig rundwirken und 15 Minuten ruhen lassen. Nun einen etwa 90 cm langen Strang formen und zu einer Brezel legen. Sollte der Teig zu straff sein, nochmals f\u00fcr 10 Minuten ruhen lassen. Aus den 3 kleinen Teiglingen 30 cm lange Str\u00e4nge mit einer leichten Verdickung in der Mitte formen und zu einem Zopf flechten. Den Zopf auf den Brezelbauch setzen.<\/p>\n<p>Die Brezel mit Ei abstreichen und 60 Minuten bei 24\u00b0C zur Gare stellen. <\/p>\n<p>Nochmals mit Ei abstreichen und bei 200\u00b0C fallend auf 180\u00b0C 30 Minuten ohne Dampf backen.<\/p>\n<h4>Anmerkung:<\/h4>\n<p>&#8211; Die letzte Stunde Gare fiel aus wegen Zeitmangel.<br \/>\n&#8211; Sehr lecker, kaum Hefegeschmack, aber trotzdem sch\u00f6n weich, &#8222;faserig-fluffig&#8220;.<br \/>\n&#8211; Lohnt sich!  <img decoding=\"async\" src=\"http:\/\/www.wassersch.eu\/Blog\/Blog\/SmileyLecker.gif\" alt=\"SmileyLecker.gif\" title= \"Es schmeckt!\" \/><\/p>\n<hr \/>\n<div class= \"snap_nopreview\" align= \"right\"><font size= \"1\">Tags: <a class= \"techtag\" href= \"http:\/\/www.wassersch.eu\/Rezepte\/Index\/Rez_B#BackenSuess\" rel= \"tag\">Backen<\/a>, <a class= \"techtag\" href= \"http:\/\/www.wassersch.eu\/Rezepte\/Index\/Rez_H#Hefe\" rel= \"tag\">Hefe<\/a>, <a class= \"techtag\" href= \"http:\/\/www.wassersch.eu\/Rezepte\/Index\/Rez_N#Neujahr\" rel= \"tag\">Neujahr<\/a><\/font> <\/div>\n","protected":false},"excerpt":{"rendered":"<p>&#8230; und schief: So wie das alte Jahr zu Ende ging, kann das neue Jahr ruhig anfangen &#8211; Hauptsache, es schmeckt! Neujahrsbrezel mit Zopf aus dem Pl\u00f6tzblog Quellenangabe: Pl\u00f6tzblogNachgebacken und erfa\u00dft 31.12.2013 von Sus Kategorien: Backen, Hefe, Neujahr Mengenangaben f&uuml;r: 1 Rezept Zutaten: Vorteig: 100 g Weizenmehl 550 100 g Milch (3,5% Fett) 0.1 g &hellip; <a href=\"https:\/\/wassersch.eu\/corumblog\/2014\/01\/neujahrsbrezel-2013-598967396\/\" class=\"more-link\"><span class=\"screen-reader-text\">\u201eEin bi\u00dfchen krumm&#8230;\u201c<\/span> weiterlesen<\/a><\/p>\n","protected":false},"author":1,"featured_media":0,"comment_status":"open","ping_status":"open","sticky":false,"template":"","format":"standard","meta":{"jetpack_post_was_ever_published":false,"_jetpack_newsletter_access":"","_jetpack_dont_email_post_to_subs":false,"_jetpack_newsletter_tier_id":0,"_jetpack_memberships_contains_paywalled_content":false,"_jetpack_memberships_contains_paid_content":false,"footnotes":"","jetpack_publicize_message":"","jetpack_publicize_feature_enabled":true,"jetpack_social_post_already_shared":false,"jetpack_social_options":{"image_generator_settings":{"template":"highway","default_image_id":0,"font":"","enabled":false},"version":2}},"categories":[2,522,527],"tags":[32,45,49],"class_list":["post-966","post","type-post","status-publish","format-standard","hentry","category-kochen-backen-und-geniessen","category-kuchen","category-neujahr","tag-backensuess","tag-hefesuess","tag-neujahr"],"jetpack_publicize_connections":[],"jetpack_featured_media_url":"","jetpack_sharing_enabled":true,"jetpack_shortlink":"https:\/\/wp.me\/p923CK-fA","jetpack-related-posts":[],"_links":{"self":[{"href":"https:\/\/wassersch.eu\/corumblog\/wp-json\/wp\/v2\/posts\/966","targetHints":{"allow":["GET"]}}],"collection":[{"href":"https:\/\/wassersch.eu\/corumblog\/wp-json\/wp\/v2\/posts"}],"about":[{"href":"https:\/\/wassersch.eu\/corumblog\/wp-json\/wp\/v2\/types\/post"}],"author":[{"embeddable":true,"href":"https:\/\/wassersch.eu\/corumblog\/wp-json\/wp\/v2\/users\/1"}],"replies":[{"embeddable":true,"href":"https:\/\/wassersch.eu\/corumblog\/wp-json\/wp\/v2\/comments?post=966"}],"version-history":[{"count":3,"href":"https:\/\/wassersch.eu\/corumblog\/wp-json\/wp\/v2\/posts\/966\/revisions"}],"predecessor-version":[{"id":2123,"href":"https:\/\/wassersch.eu\/corumblog\/wp-json\/wp\/v2\/posts\/966\/revisions\/2123"}],"wp:attachment":[{"href":"https:\/\/wassersch.eu\/corumblog\/wp-json\/wp\/v2\/media?parent=966"}],"wp:term":[{"taxonomy":"category","embeddable":true,"href":"https:\/\/wassersch.eu\/corumblog\/wp-json\/wp\/v2\/categories?post=966"},{"taxonomy":"post_tag","embeddable":true,"href":"https:\/\/wassersch.eu\/corumblog\/wp-json\/wp\/v2\/tags?post=966"}],"curies":[{"name":"wp","href":"https:\/\/api.w.org\/{rel}","templated":true}]}}