{"id":93,"date":"2007-10-07T11:52:00","date_gmt":"2007-10-07T09:52:00","guid":{"rendered":"http:\/\/wassersch.eu\/corumblog\/igel-2007-4326676\/"},"modified":"2007-10-07T11:52:00","modified_gmt":"2007-10-07T09:52:00","slug":"igel-2007-4326676","status":"publish","type":"post","link":"https:\/\/wassersch.eu\/corumblog\/2007\/10\/igel-2007-4326676\/","title":{"rendered":"Oooh!"},"content":{"rendered":"<p>Ich war eben gerade am Tomatenpflanzen <strike>entsorgen<\/strike> zurechtstutzen, als es neben mir raschelte. Naja, werden wohl wieder die Amseln sein&#8230; Falsch! Es war ein Igel! Bei mir im Garten!<\/p>\n<p><img src= \"http:\/\/www.wassersch.eu\/Blog\/Garten\/Igel2007.jpg\" alt= \"Igel2007.jpg\" title= \"Igel im Garten\" \/><\/p>\n<p>Und jetzt? Ist er gro\u00df genug? H\u00e4tte ich ihn wiegen sollen? Soll ich ihm Futter hinstellen?<\/p>\n<p>Ich dachte immer, Igel w\u00e4ren nachtaktiv. Wieso ist der jetzt um die Mittagszeit unterwegs?<\/p>\n","protected":false},"excerpt":{"rendered":"<p>Ich war eben gerade am Tomatenpflanzen entsorgen zurechtstutzen, als es neben mir raschelte. Naja, werden wohl wieder die Amseln sein&#8230; Falsch! Es war ein Igel! Bei mir im Garten! Und jetzt? Ist er gro\u00df genug? H\u00e4tte ich ihn wiegen sollen? Soll ich ihm Futter hinstellen? Ich dachte immer, Igel w\u00e4ren nachtaktiv. Wieso ist der jetzt &hellip; <a href=\"https:\/\/wassersch.eu\/corumblog\/2007\/10\/igel-2007-4326676\/\" class=\"more-link\"><span class=\"screen-reader-text\">\u201eOooh!\u201c<\/span> weiterlesen<\/a><\/p>\n","protected":false},"author":1,"featured_media":0,"comment_status":"open","ping_status":"open","sticky":false,"template":"","format":"standard","meta":{"jetpack_post_was_ever_published":false,"_jetpack_newsletter_access":"","_jetpack_dont_email_post_to_subs":false,"_jetpack_newsletter_tier_id":0,"_jetpack_memberships_contains_paywalled_content":false,"_jetpack_memberships_contains_paid_content":false,"footnotes":"","jetpack_publicize_message":"","jetpack_publicize_feature_enabled":true,"jetpack_social_post_already_shared":false,"jetpack_social_options":{"image_generator_settings":{"template":"highway","default_image_id":0,"font":"","enabled":false},"version":2}},"categories":[8],"tags":[],"class_list":["post-93","post","type-post","status-publish","format-standard","hentry","category-getier"],"jetpack_publicize_connections":[],"jetpack_featured_media_url":"","jetpack_sharing_enabled":true,"jetpack_shortlink":"https:\/\/wp.me\/p923CK-1v","jetpack-related-posts":[],"_links":{"self":[{"href":"https:\/\/wassersch.eu\/corumblog\/wp-json\/wp\/v2\/posts\/93","targetHints":{"allow":["GET"]}}],"collection":[{"href":"https:\/\/wassersch.eu\/corumblog\/wp-json\/wp\/v2\/posts"}],"about":[{"href":"https:\/\/wassersch.eu\/corumblog\/wp-json\/wp\/v2\/types\/post"}],"author":[{"embeddable":true,"href":"https:\/\/wassersch.eu\/corumblog\/wp-json\/wp\/v2\/users\/1"}],"replies":[{"embeddable":true,"href":"https:\/\/wassersch.eu\/corumblog\/wp-json\/wp\/v2\/comments?post=93"}],"version-history":[{"count":0,"href":"https:\/\/wassersch.eu\/corumblog\/wp-json\/wp\/v2\/posts\/93\/revisions"}],"wp:attachment":[{"href":"https:\/\/wassersch.eu\/corumblog\/wp-json\/wp\/v2\/media?parent=93"}],"wp:term":[{"taxonomy":"category","embeddable":true,"href":"https:\/\/wassersch.eu\/corumblog\/wp-json\/wp\/v2\/categories?post=93"},{"taxonomy":"post_tag","embeddable":true,"href":"https:\/\/wassersch.eu\/corumblog\/wp-json\/wp\/v2\/tags?post=93"}],"curies":[{"name":"wp","href":"https:\/\/api.w.org\/{rel}","templated":true}]}}