{"id":872,"date":"2014-11-29T08:20:00","date_gmt":"2014-11-29T07:20:00","guid":{"rendered":"http:\/\/wassersch.eu\/corumblog\/suedkorea-3-suwon-1022374213\/"},"modified":"2018-01-05T14:23:41","modified_gmt":"2018-01-05T13:23:41","slug":"suedkorea-3-suwon","status":"publish","type":"post","link":"https:\/\/wassersch.eu\/corumblog\/2014\/11\/suedkorea-3-suwon\/","title":{"rendered":"S\u00fcdkorea 3: Suwon"},"content":{"rendered":"<p>Am Freitag hatte ich Zeit, die Stadt zu erkunden.<\/p>\n<p>Hier sieht man noch ein paar Feuerahorn-B\u00e4ume, die um diese Jahreszeit (bzw. ein paar Wochen eher als Mitte November) ganz Korea zu einem Naturschauspiel werden lassen.<\/p>\n<figure class=\"center\">\n<img decoding=\"async\" src=\"http:\/\/www.wassersch.eu\/Blog\/Div\/Suedkorea2014\/SuwonHerbstbaume.jpg\" alt=\"SuwonHerbstbaume.jpg\" title=\"Herbstlich gef\u00e4rbte B\u00e4ume\" \/><figcaption class=\"center\">Bunt gef\u00e4rbte Ahornb\u00e4ume<\/figcaption><\/figure>\n<p>Dieser Buddha wacht \u00fcber Suwon:<\/p>\n<figure class=\"center\">\n<img decoding=\"async\" src=\"http:\/\/www.wassersch.eu\/Blog\/Div\/Suedkorea2014\/SuwonBuddha.jpg\" alt=\"SuwonBuddha.jpg\" title=\"Suwon Buddhastatue\" \/><figcaption class=\"center\">Buddha-Statue \u00fcber Suwon<\/figcaption><\/figure>\n<p>&#8230; und hat dabei die folgende Aussicht:<\/p>\n<figure class=\"center\">\n<img decoding=\"async\" src=\"http:\/\/www.wassersch.eu\/Blog\/Div\/Suedkorea2014\/SuwonBlickAufDieStadt.jpg\" alt=\"SuwonBlickAufDieStadt.jpg\" title=\"Blick auf Suwon\" \/><figcaption class=\"center\">Blick auf Suwon<\/figcaption><\/figure>\n<p>&nbsp;<\/p>\n<p>Danach war Palastbesichtigung angesagt:<\/p>\n<p>Der Hwaseong Haenggung war ein Palast, der Mitte des 18. Jahrhundert errichtet wurde, zuerst als eine Art &#8222;Zweitwohnsitz&#8220;, sollte aber sp\u00e4ter ausgebaut werden, wenn die Stadt Hwaseon (sp\u00e4ter: Suwon) zur Hauptstadt erkl\u00e4rt werden w\u00fcrde. Doch dazu kam es nie.<\/p>\n<figure class=\"center\">\n<img decoding=\"async\" src=\"http:\/\/www.wassersch.eu\/Blog\/Div\/Suedkorea2014\/SuwonHwaseongPalast.jpg\" alt=\"SuwonHwaseongPalast.jpg\" title=\"\" \/><figcaption class=\"center\">Typische Dachreiter<\/figcaption><\/figure>\n<figure class=\"center\">\n<img decoding=\"async\" src=\"http:\/\/www.wassersch.eu\/Blog\/Div\/Suedkorea2014\/SuwonHwaseongPalast2.jpg\" alt=\"SuwonHwaseongPalast2.jpg\" title=\"\" \/><figcaption class=\"center\">H\u00fcbsche Ecke<\/figcaption><\/figure>\n<figure class=\"center\">\n<img decoding=\"async\" src=\"http:\/\/www.wassersch.eu\/Blog\/Div\/Suedkorea2014\/SuwonHwaseongPalastHund.jpg\" alt=\"SuwonHwaseongPalastHund.jpg\" title=\"\" \/><figcaption class=\"center\">Drache, L\u00f6we oder Hund &#8211; wer wei\u00df das schon so genau?<\/figcaption><\/figure>\n<figure class=\"center\">\n<img decoding=\"async\" src=\"http:\/\/www.wassersch.eu\/Blog\/Div\/Suedkorea2014\/SuwonHwaseongPalastSonnenuhr.jpg\" alt=\"SuwonHwaseongPalastSonnenuhr.jpg\" title=\"Koreanische Sonnenuhr\" \/><figcaption class=\"center\">Koreanische Sonnenuhr<\/figcaption><\/figure>\n<p>Diese Sonnenuhr wurde Mitte des 15. Jahrhunderts erfunden, um auf einfache Weise auf gr\u00f6\u00dferen Pl\u00e4tzen der Bev\u00f6lkerung Uhren zur Verf\u00fcgung zu stellen. Richtig justiert, kann an ihr Datum und Uhrzeit abgelesen werden.<\/p>\n<p>&nbsp;<\/p>\n<p>Danach wanderte ich mehr oder weniger ziellos durch die Innenstadt.<\/p>\n<figure class=\"center\">\n<img decoding=\"async\" src=\"http:\/\/www.wassersch.eu\/Blog\/Div\/Suedkorea2014\/SuwonGinseng.jpg\" alt=\"SuwonGinseng.jpg\" title=\"Ginseng und rote Datteln im Stra\u00dfenverkauf\" \/><figcaption class=\"center\">Stra\u00dfenverk\u00e4ufer mit Ginseng, Kastanien und chinesischen Datteln<\/figcaption><\/figure>\n<figure class=\"center\">\n<img decoding=\"async\" src=\"http:\/\/www.wassersch.eu\/Blog\/Div\/Suedkorea2014\/SuwonPaldalmunGate.jpg\" alt=\"SuwonPaldalmunGate.jpg\" title=\"Suwon Paldalmun Gate\" \/><figcaption class=\"center\">Paldalmun Gate &#8211; Erhaltenes Stadttor<\/figcaption><\/figure>\n<figure class=\"center\">\n<img decoding=\"async\" src=\"http:\/\/www.wassersch.eu\/Blog\/Div\/Suedkorea2014\/SuwonMarkt.jpg\" alt=\"SuwonMarkt.jpg\" title=\"Suwon Markt\" \/><figcaption class=\"center\">Markt<\/figcaption><\/figure>\n<p>Markt = Feste L\u00e4den + Fliegende H\u00e4ndler mit allem, was der Mensch so braucht&#8230;<\/p>\n<figure class=\"center\">\n<img decoding=\"async\" src=\"http:\/\/www.wassersch.eu\/Blog\/Div\/Suedkorea2014\/SuwonHinterDemMarkt.jpg\" alt=\"SuwonHinterDemMarkt.jpg\" title=\"Suwon Hinter dem Markt\" \/><figcaption class=\"center\">Hinter dem Markt<\/figcaption><\/figure>\n<p>&nbsp;<\/p>\n<p>Ein paar Snacks zwischendurch:<\/p>\n<figure class=\"center\">\n<img decoding=\"async\" src=\"http:\/\/www.wassersch.eu\/Blog\/Div\/Suedkorea2014\/SuwonOdeng.jpg\" alt=\"SuwonOdeng.jpg\" title=\"\" \/><figcaption class=\"center\">Odeng<\/figcaption><\/figure>\n<p>Fischp\u00fcree mit Teig vemengt, als Pfannkuchen in Streifen geschnitten und in deftiger Br\u00fche ziehen lassen.<\/p>\n<figure class=\"center\">\n<img decoding=\"async\" src=\"http:\/\/www.wassersch.eu\/Blog\/Div\/Suedkorea2014\/SuwonWaffelFische.jpg\" alt=\"SuwonWaffelFische.jpg\" title=\"Suwon Waffel-Fische\" \/><figcaption class=\"center\">Bungeoppang<\/figcaption><\/figure>\n<p>Fische aus Waffelteig mit roter Bohnenpaste &#8211; ein Winter-Snack<\/p>\n<hr \/>\n<div class=\"snap_nopreview\" align=\"right\"><font size=\"1\">Tags: <a class=\"techtag\" href=\"http:\/\/www.wassersch.eu\/corumblog\/tag\/Suedkorea\" rel=\"tag\">S\u00fcdkorea<\/a>, <a class=\"techtag\" href=\"http:\/\/www.wassersch.eu\/corumblog\/tag\/Suwon\" rel=\"tag\">Suwon<\/a><\/font> <\/div>\n","protected":false},"excerpt":{"rendered":"<p>Am Freitag hatte ich Zeit, die Stadt zu erkunden. Hier sieht man noch ein paar Feuerahorn-B\u00e4ume, die um diese Jahreszeit (bzw. ein paar Wochen eher als Mitte November) ganz Korea zu einem Naturschauspiel werden lassen. Bunt gef\u00e4rbte Ahornb\u00e4ume Dieser Buddha wacht \u00fcber Suwon: Buddha-Statue \u00fcber Suwon &#8230; und hat dabei die folgende Aussicht: Blick auf &hellip; <a href=\"https:\/\/wassersch.eu\/corumblog\/2014\/11\/suedkorea-3-suwon\/\" class=\"more-link\"><span class=\"screen-reader-text\">\u201eS\u00fcdkorea 3: Suwon\u201c<\/span> weiterlesen<\/a><\/p>\n","protected":false},"author":1,"featured_media":0,"comment_status":"open","ping_status":"open","sticky":false,"template":"","format":"standard","meta":{"jetpack_post_was_ever_published":false,"_jetpack_newsletter_access":"","_jetpack_dont_email_post_to_subs":false,"_jetpack_newsletter_tier_id":0,"_jetpack_memberships_contains_paywalled_content":false,"_jetpack_memberships_contains_paid_content":false,"footnotes":"","jetpack_publicize_message":"","jetpack_publicize_feature_enabled":true,"jetpack_social_post_already_shared":false,"jetpack_social_options":{"image_generator_settings":{"template":"highway","default_image_id":0,"font":"","enabled":false},"version":2}},"categories":[17],"tags":[19,219,85],"class_list":["post-872","post","type-post","status-publish","format-standard","hentry","category-unterwegs","tag-suedkorea","tag-suwon","tag-urlaub"],"jetpack_publicize_connections":[],"jetpack_featured_media_url":"","jetpack_sharing_enabled":true,"jetpack_shortlink":"https:\/\/wp.me\/p923CK-e4","jetpack-related-posts":[],"_links":{"self":[{"href":"https:\/\/wassersch.eu\/corumblog\/wp-json\/wp\/v2\/posts\/872","targetHints":{"allow":["GET"]}}],"collection":[{"href":"https:\/\/wassersch.eu\/corumblog\/wp-json\/wp\/v2\/posts"}],"about":[{"href":"https:\/\/wassersch.eu\/corumblog\/wp-json\/wp\/v2\/types\/post"}],"author":[{"embeddable":true,"href":"https:\/\/wassersch.eu\/corumblog\/wp-json\/wp\/v2\/users\/1"}],"replies":[{"embeddable":true,"href":"https:\/\/wassersch.eu\/corumblog\/wp-json\/wp\/v2\/comments?post=872"}],"version-history":[{"count":3,"href":"https:\/\/wassersch.eu\/corumblog\/wp-json\/wp\/v2\/posts\/872\/revisions"}],"predecessor-version":[{"id":1880,"href":"https:\/\/wassersch.eu\/corumblog\/wp-json\/wp\/v2\/posts\/872\/revisions\/1880"}],"wp:attachment":[{"href":"https:\/\/wassersch.eu\/corumblog\/wp-json\/wp\/v2\/media?parent=872"}],"wp:term":[{"taxonomy":"category","embeddable":true,"href":"https:\/\/wassersch.eu\/corumblog\/wp-json\/wp\/v2\/categories?post=872"},{"taxonomy":"post_tag","embeddable":true,"href":"https:\/\/wassersch.eu\/corumblog\/wp-json\/wp\/v2\/tags?post=872"}],"curies":[{"name":"wp","href":"https:\/\/api.w.org\/{rel}","templated":true}]}}