{"id":833,"date":"2015-06-14T14:27:00","date_gmt":"2015-06-14T12:27:00","guid":{"rendered":"http:\/\/wassersch.eu\/corumblog\/tomaten-mit-bulgur-fuellung-1022446426\/"},"modified":"2020-08-17T11:17:39","modified_gmt":"2020-08-17T09:17:39","slug":"tomaten-mit-bulgur-fuellung-1022446426","status":"publish","type":"post","link":"https:\/\/wassersch.eu\/corumblog\/2015\/06\/tomaten-mit-bulgur-fuellung-1022446426\/","title":{"rendered":"Vorspeise 2: Tomaten mit Bulgur-F\u00fcllung"},"content":{"rendered":"<p>Wenn man so niedliche Tomaten hat, sollte man auch ihre Form zum Vorschein bringen. Deshalb habe ich nicht irgendwie kleingeschnitten verwendet, sondern sozusgen die \u00e4u\u00dfere H\u00fclle erhalten.<\/p>\n<p>Ich habe \u00fcbrigens sofort ein paar Samen daraus getrocknet, allerdings ist die Sorte &#8222;Marinda&#8220; eine F1-Hybride, deshalb ist es unwahrscheinlich, dass ich n\u00e4chstes Jahr diese Tomaten selbst ziehen werde. Aber lassen wir uns \u00fcberraschen&#8230;<\/p>\n<p><img decoding=\"async\" src=\"http:\/\/www.wassersch.eu\/Blog\/Rez\/TomatenMitBulgurFuellung.jpg\" alt=\"TomatenMitBulgurFuellung.jpg\" title=\"Mit Bulgur und Halloumi gef\u00fcllte Tomaten\" class=\"center\" \/><\/p>\n<h3>Mit Bulgur und Halloumi gef\u00fcllte Tomaten<\/h3>\n<table border= \"0\" width= \"100%\">\n<tr>\n<td width= \"150\" align= \"left\">Quellenangabe: <\/td>\n<td>Erfasst 14.06.15 von Sus<\/td>\n<\/tr>\n<tr>\n<td width= \"150\" align= \"left\">Kategorien: <\/td>\n<td>Tomate, Bulgur, K\u00e4se, Vegetarisch, Blog-Event<\/td>\n<\/tr>\n<tr>\n<td width= \"150\" align= \"left\">Mengenangaben f&uuml;r: <\/td>\n<td>2 Portionen<\/td>\n<\/tr>\n<\/table>\n<h4>Zutaten:<\/h4>\n<table>\n<tr>\n<td width= \"50\" align= \"right\">6<\/td>\n<td width= \"100\">kleine<\/td>\n<td>Ochsenherz-Tomaten &#8222;Marinda&#8220;<\/td>\n<\/tr>\n<tr>\n<td width= \"50\" align= \"right\">50<\/td>\n<td width= \"100\">g<\/td>\n<td>Halloumi<\/td>\n<\/tr>\n<tr>\n<td width= \"50\" align= \"right\">100<\/td>\n<td width= \"100\">g<\/td>\n<td>Bulgur; gekocht<\/td>\n<\/tr>\n<tr>\n<td width= \"50\" align= \"right\">1\/2<\/td>\n<td width= \"100\">Packung<\/td>\n<td>Gartenkresse<\/td>\n<\/tr>\n<tr>\n<td width= \"50\" align= \"right\"><\/td>\n<td width= \"100\"><\/td>\n<td>Zitronenthymian<\/td>\n<\/tr>\n<tr>\n<td width= \"50\" align= \"right\"><\/td>\n<td width= \"100\"><\/td>\n<td>Salz, Pfeffer<\/td>\n<\/tr>\n<tr>\n<td width= \"50\" align= \"right\">1<\/td>\n<td width= \"100\">E\u00dfl\u00f6ffel<\/td>\n<td>Honig<\/td>\n<\/tr>\n<\/table>\n<h4>Zubereitung:<\/h4>\n<p>Tomaten waschen und den Strunk entfernen. An der Oberseite einen d\u00fcnnen Deckel abschneiden und die Tomaten vorsichtig aush\u00f6hlen, dabei das Fruchtfleisch aufheben. Den bereits nach Packungsanweisung gekochten Bulgur in einer Sch\u00fcssel mit dem kleingehackten Tomatenfleisch, dem kleingehackten Halloumi, der Kresse und den Gew\u00fcrzen vermischen; ggf. etwas ziehen lassen.<\/p>\n<p>Die Tomaten mit der Bulgur-K\u00e4semischung f\u00fcllen und in eine hitzefeste Form legen. Die Deckel erst einmal beiseite lassen. Die Tomaten mit etwas Honig betr\u00e4ufeln. Unter dem Backofengrill 5 Minuten grillen lassen; nach der H\u00e4lfte der Zeit die Tomatendeckel dazugeben. Hei\u00df oder kalt servieren.<\/p>\n<hr \/>\n<div class= \"snap_nopreview\" align= \"right\"><font size= \"1\">Tags: <a class= \"techtag\" href= \"http:\/\/www.wassersch.eu\/Rezepte\/Index\/RezeptIndex.html\" rel= \"tag\">Rezept<\/a>, <a class= \"techtag\" href= \"http:\/\/www.wassersch.eu\/Rezepte\/Index\/Rez_T#Tomate\" rel= \"tag\">Tomate<\/a>, <a class= \"techtag\" href= \"http:\/\/www.wassersch.eu\/Rezepte\/Index\/Rez_B#Bulgur\" rel= \"tag\">Bulgur<\/a>, <a class= \"techtag\" href= \"http:\/\/www.wassersch.eu\/Rezepte\/Index\/Rez_K#K\u00e4se\" rel= \"tag\">K\u00e4se<\/a>, <a class= \"techtag\" href= \"http:\/\/www.wassersch.eu\/Rezepte\/Index\/Rez_V#Vegetarisch\" rel= \"tag\">Vegetarisch<\/a>, <a class= \"techtag\" href= \"http:\/\/www.wassersch.eu\/Rezepte\/Index\/Rez_B#Blog-Event\" rel= \"tag\">Blog-Event<\/a><\/font> <\/div>\n","protected":false},"excerpt":{"rendered":"<p>Wenn man so niedliche Tomaten hat, sollte man auch ihre Form zum Vorschein bringen. Deshalb habe ich nicht irgendwie kleingeschnitten verwendet, sondern sozusgen die \u00e4u\u00dfere H\u00fclle erhalten. Ich habe \u00fcbrigens sofort ein paar Samen daraus getrocknet, allerdings ist die Sorte &#8222;Marinda&#8220; eine F1-Hybride, deshalb ist es unwahrscheinlich, dass ich n\u00e4chstes Jahr diese Tomaten selbst ziehen &hellip; <a href=\"https:\/\/wassersch.eu\/corumblog\/2015\/06\/tomaten-mit-bulgur-fuellung-1022446426\/\" class=\"more-link\"><span class=\"screen-reader-text\">\u201eVorspeise 2: Tomaten mit Bulgur-F\u00fcllung\u201c<\/span> weiterlesen<\/a><\/p>\n","protected":false},"author":1,"featured_media":0,"comment_status":"open","ping_status":"open","sticky":false,"template":"","format":"standard","meta":{"jetpack_post_was_ever_published":false,"_jetpack_newsletter_access":"","_jetpack_dont_email_post_to_subs":false,"_jetpack_newsletter_tier_id":0,"_jetpack_memberships_contains_paywalled_content":false,"_jetpack_memberships_contains_paid_content":false,"footnotes":"","jetpack_publicize_message":"","jetpack_publicize_feature_enabled":true,"jetpack_social_post_already_shared":false,"jetpack_social_options":{"image_generator_settings":{"template":"highway","default_image_id":0,"font":"","enabled":false},"version":2}},"categories":[2,536],"tags":[44],"class_list":["post-833","post","type-post","status-publish","format-standard","hentry","category-kochen-backen-und-geniessen","category-vorspeisen-tapas","tag-blog-event"],"jetpack_publicize_connections":[],"jetpack_featured_media_url":"","jetpack_sharing_enabled":true,"jetpack_shortlink":"https:\/\/wp.me\/p923CK-dr","jetpack-related-posts":[],"_links":{"self":[{"href":"https:\/\/wassersch.eu\/corumblog\/wp-json\/wp\/v2\/posts\/833","targetHints":{"allow":["GET"]}}],"collection":[{"href":"https:\/\/wassersch.eu\/corumblog\/wp-json\/wp\/v2\/posts"}],"about":[{"href":"https:\/\/wassersch.eu\/corumblog\/wp-json\/wp\/v2\/types\/post"}],"author":[{"embeddable":true,"href":"https:\/\/wassersch.eu\/corumblog\/wp-json\/wp\/v2\/users\/1"}],"replies":[{"embeddable":true,"href":"https:\/\/wassersch.eu\/corumblog\/wp-json\/wp\/v2\/comments?post=833"}],"version-history":[{"count":1,"href":"https:\/\/wassersch.eu\/corumblog\/wp-json\/wp\/v2\/posts\/833\/revisions"}],"predecessor-version":[{"id":2816,"href":"https:\/\/wassersch.eu\/corumblog\/wp-json\/wp\/v2\/posts\/833\/revisions\/2816"}],"wp:attachment":[{"href":"https:\/\/wassersch.eu\/corumblog\/wp-json\/wp\/v2\/media?parent=833"}],"wp:term":[{"taxonomy":"category","embeddable":true,"href":"https:\/\/wassersch.eu\/corumblog\/wp-json\/wp\/v2\/categories?post=833"},{"taxonomy":"post_tag","embeddable":true,"href":"https:\/\/wassersch.eu\/corumblog\/wp-json\/wp\/v2\/tags?post=833"}],"curies":[{"name":"wp","href":"https:\/\/api.w.org\/{rel}","templated":true}]}}