{"id":753,"date":"2016-08-27T15:10:00","date_gmt":"2016-08-27T13:10:00","guid":{"rendered":"http:\/\/wassersch.eu\/corumblog\/skandinavien-3-1022585059\/"},"modified":"2018-01-05T16:02:10","modified_gmt":"2018-01-05T15:02:10","slug":"skandinavien-3","status":"publish","type":"post","link":"https:\/\/wassersch.eu\/corumblog\/2016\/08\/skandinavien-3\/","title":{"rendered":"Auf der Suche nach der Mitternachtssonne &#8211; Teil 3"},"content":{"rendered":"<p><i>(Es ist schon witzig, am hei\u00dfesten Tag im Jahr sich schwitzenderweise Bilder aus Norwegens Fjorden anzusehen und sich zu erinnern, wie schweinekalt das war!)<\/i><\/p>\n<p>Am n\u00e4chsten Morgen ging es fr\u00fch und im Schweinsgalopp quer durch Norwegens Fjorde \u00fcber Br\u00fccken, durch Tunnel und mit F\u00e4hren nach Stokmarknes, um unser Schiff der Hurtigruten-Linie rechtzeitig zu erreichen.<\/p>\n<p>Die Tjeldsund-Br\u00fccke:<\/p>\n<figure class= \"center nocaption\">\n<img decoding=\"async\" src=\"http:\/\/www.wassersch.eu\/Blog\/Div\/Skandinavien2016\/NorwegenTjeldsundbrua.jpg\" alt=\"NorwegenTjeldsundbrua.jpg\" title=\"Norwegen - Tjeldsundbr\u00fccke\" \/><br \/>\n<\/figure>\n<p>Der Tjeldsund, eine norwegische Meerenge; riesig und wundersch\u00f6ne Landschaft:<br \/>\n(Merke: Ein Fjord ist an einem Ende geschlossen, durch einen Sund kann man hindurchfahren!)<\/p>\n<figure class= \"center nocaption\">\n<img decoding=\"async\" src=\"http:\/\/www.wassersch.eu\/Blog\/Div\/Skandinavien2016\/NorwegenTjeldsund.jpg\" alt=\"NorwegenTjeldsund.jpg\" title=\"Norwegen - Tjeldsund\" \/><br \/>\n<\/figure>\n<p>Mit der F\u00e4hre ging es von Olderdalen nach Lyngseidet und gleich mit der n\u00e4chsten F\u00e4hre von Svensby nach Breivikeidet:<\/p>\n<figure class= \"center nocaption\">\n<img decoding=\"async\" src=\"http:\/\/www.wassersch.eu\/Blog\/Div\/Skandinavien2016\/NorwegenLyngseidet.jpg\" alt=\"NorwegenLyngseidet.jpg\" title=\"Norwegen - Lyngseidet\" \/><br \/>\n<\/figure>\n<p>Unser Schiff, die Nordlys, im Hafen von Stokmarknes:<\/p>\n<figure class= \"center nocaption\">\n<img decoding=\"async\" src=\"http:\/\/www.wassersch.eu\/Blog\/Div\/Skandinavien2016\/NorwegenStokmarknesNordlys.jpg\" alt=\"NorwegenStokmarknesNordlys.jpg\" title=\"Norwegen - Stokmarknes - Die Nordlys\" \/><br \/>\n<\/figure>\n<p>Der Raftsund &#8211; wie im M\u00e4rchen&#8230;<\/p>\n<figure class= \"center nocaption\">\n<img decoding=\"async\" src=\"http:\/\/www.wassersch.eu\/Blog\/Div\/Skandinavien2016\/NorwegenRaftsund1.jpg\" alt=\"NorwegenRaftsund1.jpg\" title=\"Norwegen - Raftsund\" \/><br \/>\n<\/figure>\n<figure class= \"center nocaption\">\n<img decoding=\"async\" src=\"http:\/\/www.wassersch.eu\/Blog\/Div\/Skandinavien2016\/NorwegenRaftsund2.jpg\" alt=\"NorwegenRaftsund2.jpg\" title=\"Norwegen - Raftsund\" \/><br \/>\n<\/figure>\n<figure class= \"center nocaption\">\n<img decoding=\"async\" src=\"http:\/\/www.wassersch.eu\/Blog\/Div\/Skandinavien2016\/NorwegenRaftsund3.jpg\" alt=\"NorwegenRaftsund3.jpg\" title=\"Norwegen - Raftsund\" \/><br \/>\n<\/figure>\n<p>Und weil das Wetter so sch\u00f6n war, fuhr das Schiff noch in den Trollfjord, nur um dort am Ende zu wenden und gleich wieder herauszufahren:<\/p>\n<figure class= \"center nocaption\">\n<img decoding=\"async\" src=\"http:\/\/www.wassersch.eu\/Blog\/Div\/Skandinavien2016\/NorwegenTrollfjord1.jpg\" alt=\"NorwegenTrollfjord1.jpg\" title=\"Norwegen -  Trollfjord\" \/><br \/>\n<\/figure>\n<figure class= \"center nocaption\">\n<img decoding=\"async\" src=\"http:\/\/www.wassersch.eu\/Blog\/Div\/Skandinavien2016\/NorwegenTrollfjord2.jpg\" alt=\"NorwegenTrollfjord2.jpg\" title=\"Norwegen -  Trollfjord\" \/><br \/>\n<\/figure>\n<figure class= \"center nocaption\">\n<img decoding=\"async\" src=\"http:\/\/www.wassersch.eu\/Blog\/Div\/Skandinavien2016\/NorwegenTrollfjord3.jpg\" alt=\"NorwegenTrollfjord3.jpg\" title=\"Norwegen -  Trollfjord\" \/><br \/>\n<\/figure>\n<figure class= \"center nocaption\">\n<img decoding=\"async\" src=\"http:\/\/www.wassersch.eu\/Blog\/Div\/Skandinavien2016\/NorwegenTrollfjord4.jpg\" alt=\"NorwegenTrollfjord4.jpg\" title=\"Norwegen -  Trollfjord\" \/><br \/>\n<\/figure>\n<p>Am Ende des Raftsunds gelangten wir an unser Tagesziel: Svolv\u00e6r auf den  Lofoten. Bei der Hafeneinfahrt wurden wir von der Fischersfrau begr\u00fc\u00dft, die sehns\u00fcchtig auf ihren Mann wartet.<\/p>\n<figure class= \"center nocaption\">\n<img decoding=\"async\" src=\"http:\/\/www.wassersch.eu\/Blog\/Div\/Skandinavien2016\/NorwegenSvolvaer1.jpg\" alt=\"NorwegenSvolvaer1.jpg\" title=\"Norwegen - Svolv\u00e6r - Hafeneinfahrt\" \/><br \/>\n<\/figure>\n<p>Vom Hotelzimmer hatten wir einen wundersch\u00f6nen Blick auf den Marktplatz und den Hafen:<\/p>\n<figure class= \"center nocaption\">\n<img decoding=\"async\" src=\"http:\/\/www.wassersch.eu\/Blog\/Div\/Skandinavien2016\/NorwegenSvolvaer2.jpg\" alt=\"NorwegenSvolvaer2.jpg\" title=\"Norwegen - Svolv\u00e6r - Blick vom Hotelzimmer auf den Marktplatz und Hafen\" \/><br \/>\n<\/figure>\n<p>Nach dem Abendessen klarte es tats\u00e4chlich auf und wir hatten nachts um elf den sch\u00f6nsten Sonnenschein!<\/p>\n<figure class= \"center nocaption\">\n<img decoding=\"async\" src=\"http:\/\/www.wassersch.eu\/Blog\/Div\/Skandinavien2016\/NorwegenSvolvaer3.jpg\" alt=\"NorwegenSvolvaer3.jpg\" title=\"Norwegen - Svolv\u00e6r - ehemalige Fischerh\u00fctten - heute Touristenappartments\" \/><br \/>\n<\/figure>\n<p>Am n\u00e4chsten Morgen ging es nach einem genialen Fr\u00fchst\u00fccksbuffet wieder weiter. Auf dem Weg nach Henningsv\u00e6r zeigte sich, wie sch\u00f6n Norwegen mit Sonnenschein aussehen kann.<\/p>\n<figure class= \"center nocaption\">\n<img decoding=\"async\" src=\"http:\/\/www.wassersch.eu\/Blog\/Div\/Skandinavien2016\/NorwegenHenningsvaer.jpg\" alt=\"NorwegenHenningsvaer.jpg\" title=\"Norwegen - Henningsv\u00e6r\" \/><br \/>\n<\/figure>\n<p>Klare, quietschgr\u00fcne Seen:<\/p>\n<figure class= \"center nocaption\">\n<img decoding=\"async\" src=\"http:\/\/www.wassersch.eu\/Blog\/Div\/Skandinavien2016\/NorwegenHenningsvaer2.jpg\" alt=\"NorwegenHenningsvaer2.jpg\" title=\"Norwegen - Henningsv\u00e6r\" \/><br \/>\n<\/figure>\n<p>Genauso quietschgr\u00fcne Birken:<\/p>\n<figure class= \"center nocaption\">\n<img decoding=\"async\" src=\"http:\/\/www.wassersch.eu\/Blog\/Div\/Skandinavien2016\/NorwegenBirken.jpg\" alt=\"NorwegenBirken.jpg\" title=\"Norwegen - Birken\" \/><br \/>\n<\/figure>\n<p>Leider bew\u00f6lkte es sich wieder in den n\u00e4chsten Stunden, so dass wir die Grenze nach Schweden bei Bj\u00f8rnfjell im Regen \u00fcberquerten.<\/p>\n<figure class= \"center nocaption\">\n<img decoding=\"async\" src=\"http:\/\/www.wassersch.eu\/Blog\/Div\/Skandinavien2016\/SchwedenBjoernfellGrenze.jpg\" alt=\"\" title=\"Schweden - Bj\u00f8rnfjell\" \/><br \/>\n<\/figure>\n<p>Fortsetzung folgt&#8230;<\/p>\n<p><a href=\"https:\/\/wassersch.eu\/corumblog\/2016\/08\/skandinavien-1\/\">Teil 1<\/a>&nbsp; &nbsp;<a href=\"https:\/\/wassersch.eu\/corumblog\/2016\/08\/skandinavien-2\/\">Teil 2<\/a>&nbsp; &nbsp;Teil 3&nbsp; &nbsp;<a href=\"https:\/\/wassersch.eu\/corumblog\/2016\/09\/skandinavien-4\/\">Teil 4<\/a><\/p>\n<hr \/>\n<div class=\"snap_nopreview\" align=\"right\"><font size=\"1\">Tags: <a class=\"techtag\" href=\"https:\/\/wassersch.eu\/corumblog\/tag\/Urlaub\" rel=\"tag\">Urlaub<\/a>, <a class=\"techtag\" href=\"https:\/\/wassersch.eu\/corumblog\/tag\/Skandinavien\" rel=\"tag\">Skandinavien<\/a>, <a class=\"techtag\" href=\"https:\/\/wassersch.eu\/corumblog\/tag\/Norwegen\" rel=\"tag\">Norwegen<\/a><\/font><\/div>\n","protected":false},"excerpt":{"rendered":"<p>(Es ist schon witzig, am hei\u00dfesten Tag im Jahr sich schwitzenderweise Bilder aus Norwegens Fjorden anzusehen und sich zu erinnern, wie schweinekalt das war!) Am n\u00e4chsten Morgen ging es fr\u00fch und im Schweinsgalopp quer durch Norwegens Fjorde \u00fcber Br\u00fccken, durch Tunnel und mit F\u00e4hren nach Stokmarknes, um unser Schiff der Hurtigruten-Linie rechtzeitig zu erreichen. Die &hellip; <a href=\"https:\/\/wassersch.eu\/corumblog\/2016\/08\/skandinavien-3\/\" class=\"more-link\"><span class=\"screen-reader-text\">\u201eAuf der Suche nach der Mitternachtssonne &#8211; Teil 3\u201c<\/span> weiterlesen<\/a><\/p>\n","protected":false},"author":1,"featured_media":0,"comment_status":"open","ping_status":"open","sticky":false,"template":"","format":"standard","meta":{"jetpack_post_was_ever_published":false,"_jetpack_newsletter_access":"","_jetpack_dont_email_post_to_subs":false,"_jetpack_newsletter_tier_id":0,"_jetpack_memberships_contains_paywalled_content":false,"_jetpack_memberships_contains_paid_content":false,"footnotes":"","jetpack_publicize_message":"","jetpack_publicize_feature_enabled":true,"jetpack_social_post_already_shared":false,"jetpack_social_options":{"image_generator_settings":{"template":"highway","default_image_id":0,"font":"","enabled":false},"version":2}},"categories":[17],"tags":[107,87,80,86,85],"class_list":["post-753","post","type-post","status-publish","format-standard","hentry","category-unterwegs","tag-lappland","tag-norwegen","tag-schweden","tag-skandinavien","tag-urlaub"],"jetpack_publicize_connections":[],"jetpack_featured_media_url":"","jetpack_sharing_enabled":true,"jetpack_shortlink":"https:\/\/wp.me\/p923CK-c9","jetpack-related-posts":[],"_links":{"self":[{"href":"https:\/\/wassersch.eu\/corumblog\/wp-json\/wp\/v2\/posts\/753","targetHints":{"allow":["GET"]}}],"collection":[{"href":"https:\/\/wassersch.eu\/corumblog\/wp-json\/wp\/v2\/posts"}],"about":[{"href":"https:\/\/wassersch.eu\/corumblog\/wp-json\/wp\/v2\/types\/post"}],"author":[{"embeddable":true,"href":"https:\/\/wassersch.eu\/corumblog\/wp-json\/wp\/v2\/users\/1"}],"replies":[{"embeddable":true,"href":"https:\/\/wassersch.eu\/corumblog\/wp-json\/wp\/v2\/comments?post=753"}],"version-history":[{"count":10,"href":"https:\/\/wassersch.eu\/corumblog\/wp-json\/wp\/v2\/posts\/753\/revisions"}],"predecessor-version":[{"id":3003,"href":"https:\/\/wassersch.eu\/corumblog\/wp-json\/wp\/v2\/posts\/753\/revisions\/3003"}],"wp:attachment":[{"href":"https:\/\/wassersch.eu\/corumblog\/wp-json\/wp\/v2\/media?parent=753"}],"wp:term":[{"taxonomy":"category","embeddable":true,"href":"https:\/\/wassersch.eu\/corumblog\/wp-json\/wp\/v2\/categories?post=753"},{"taxonomy":"post_tag","embeddable":true,"href":"https:\/\/wassersch.eu\/corumblog\/wp-json\/wp\/v2\/tags?post=753"}],"curies":[{"name":"wp","href":"https:\/\/api.w.org\/{rel}","templated":true}]}}