{"id":6905,"date":"2026-03-11T15:45:31","date_gmt":"2026-03-11T14:45:31","guid":{"rendered":"https:\/\/wassersch.eu\/corumblog\/?p=6905"},"modified":"2026-04-13T15:17:33","modified_gmt":"2026-04-13T13:17:33","slug":"pflanzenflohmaerkte-2026","status":"publish","type":"post","link":"https:\/\/wassersch.eu\/corumblog\/2026\/03\/pflanzenflohmaerkte-2026\/","title":{"rendered":"Pflanzenflohm\u00e4rkte 2026"},"content":{"rendered":"<p>Es ist Fr\u00fchling und es wird Zeit, dass dieser Blog aus seinem Winterschlaf erwacht. Erfreulicherweise kann es mit einer gut gef\u00fcllten Liste der Pflanzen-Floh- und anderer M\u00e4rkte losgehen.<br \/>\n<img decoding=\"async\" src=\"https:\/\/www.wassersch.eu\/Blog\/Blog\/Flower.jpg\" alt=\"Flower.jpg\" title=\"Fr\u00fchling!\" class=\"center\"\/><\/p>\n<p>Wenn nicht anders vermerkt, werden keine Standgeb\u00fchren erhoben, jedoch freuen sich die meisten Veranstalter \u00fcber eine Spende zur Deckung der Unkosten. <\/p>\n<p>Alle Angaben sind nach Auskunft durch die Veranstalter bzw. aus dem Internet zusammengetragen, daher keine Gew\u00e4hr. Z.T. sind es auch nur Vorinformationen, bei Updates wird diese Liste aktualisiert. Weitere Informationen und definitive Ausk\u00fcnfte (z.B. \u00fcber ge\u00e4nderte Bedingungen oder kurzfristige Absagen) erhaltet Ihr \u00fcber die angegebenen Kontaktdaten. <\/p>\n<h3>Fr\u00fchjahr:<\/h3>\n<div style= \"text-align:left;\">\nFreitag bis Sonntag, 10. \u2013 12. April  2026<br \/>\n<strong>Fr\u00fchlingsfest &#038; Saatgutmarkt, Alte Seilerei, Frankfurt \u2013 Oberrad<\/strong><br \/>\nSeilerbahn Kunst &#038; Kultur e.V., Offenbacher Landstr. 190, 60599 Frankfurt<br \/>\n &#8212; noch keine weiteren Infos &#8212;<br \/>\nInfo: <a href=\"https:\/\/netzwerk-seilerei.net\">https:\/\/netzwerk-seilerei.net<\/a>\n<\/div>\n<p>&nbsp;<\/p>\n<div style= \"text-align:left;\">\nSamstag, 11. April 2026, 14;00 \u2013 17:00 Uhr, Aufbau ab 13:00 Uhr m\u00f6glich<br \/>\n<strong>Naturschutzzentrum Ingelheim<\/strong>, Neum\u00fchle 5, 55218 Ingelheim\/Rhein;<br \/>\nPflanzenflohmarkt, Kaffee und Kuchen, Bratw\u00fcrste vom Grill, anregende Fachgespr\u00e4che. Keine Standgeb\u00fchr.<br \/>\nZur besseren Planung werden interessierte AnbieterInnen gebeten, sich vorher anzumelden, ggf. auch mit Tisch- oder Bankwunsch: <a href=\"mailto:wtschuck@posteo.de\">wtschuck@posteo.de<\/a> oder 0176 21594681 (auch Info). Spontane Teilnahme ist trotzdem m\u00f6glich.<br \/>\nInfo: Die Homepage unter <a href=\"http:\/\/www.nsgi.de\/\">www.nsgi.de<\/a> wird gerade neu gestaltet und ist noch unfertig.\n<\/div>\n<p>&nbsp;<\/p>\n<div style= \"text-align:left;\">\nSamstag, 18. April 2026, 9:00 &#8211; 13:00 Uhr<br \/>\n<mark>Neu!<\/mark> <strong>BUND Darmstadt<\/strong>; BUND Zentrum f\u00fcr Stadtnatur, Klappacher Strasse 27 (Zufahrt Orangerie), 64285 Darmstadt<br \/>\nPflanzenflohmarkt, Kaffee, Kuchen und Spa\u00df f\u00fcr die Kids.<br \/>\nThemenschwerpunkt: Wildstauden und invasive Pflanzenarten. Private Aussteller*innen k\u00f6nnen sich einen kostenlosen Standplatz sichern; Anmeldung unter: <a href=\"mailto:john.marx@bund.net\">john.marx@bund.net<\/a>\n<\/div>\n<p>&nbsp;<\/p>\n<div style= \"text-align:left;\">\nSamstag, 25. April 2026,  8:00 &#8211; 12:00 Uhr<br \/>\n<strong>BUND Nauheim<\/strong>; Friedensplatz (Ecke Heinrich-Heine-Stra\u00dfe \/ Waldstra\u00dfe);<br \/>\n<img decoding=\"async\" src=\"https:\/\/www.wassersch.eu\/Blog\/Div\/2026\/PFM_Nauheim_2026.png\" class=\"center\" width=\"300\"><br \/>\nDieses Jahr werden AnbieterInnen aus gegebenem Anlass um telefonische Anmeldung gebeten: 06152-57891 oder 06152-64464 (auch Info).<br \/>\nKeine Standgeb\u00fchr (Spenden werden aber gern genommen).<br \/>\nInfo: <a href=\"https:\/\/www.bund-kv-gg.de\">www.bund-kv-gg.de<\/a>\n<\/div>\n<p>&nbsp;<\/p>\n<div style= \"text-align:left;\">\nSamstag, 25. April 2026, 8:00 &#8211; 12:00 Uhr<br \/>\n<strong>BUND Seeheim-Jugenheim<\/strong>; im Park rund um das evangelische Gemeindehaus Jugenheim, Lindenstr. 6, 64342 Seeheim-Jugenheim<br \/>\nPflanzenflohmarkt. Parken ist auf dem Parkplatz unterhalb des Freibades Jugenheim m\u00f6glich; Toiletten stehen zur Verf\u00fcgung, Getr\u00e4nke werden angeboten.<br \/>\nKeine Standgeb\u00fchr (Spenden werden aber gern genommen), Anmeldung nicht notwendig.<br \/>\nInfo: <a href= \"mailto:corneliafried@gmx.de\">corneliafried@gmx.de<\/a> oder lieber unter <a href= \"mailto:info@bund-region-frankstein.de\">info@bund-region-frankstein.de<\/a>\n<\/div>\n<p>&nbsp;<\/p>\n<div style= \"text-align:left;\">\nSamstag, 25. April 2026, 9:00 \u2013 13:00 Uhr, Aufbau ab 8:00 Uhr<br \/>\n<strong>Heimatverein Dieburg<\/strong>; 64807 Dieburg, Am Rathaus, Markt 4 und Allee zum Schloss Fechenbach<br \/>\nKauf- und Tausch-B\u00f6rse f\u00fcr Blumen und Pflanzen, Gartenzubeh\u00f6r und \u2013deko, Standgeb\u00fchr 8 \u20ac, kein Eintritt.<br \/>\nEs gibt Essen und Getr\u00e4nke. Zugang f\u00fcr Menschen mit Rollstuhl m\u00f6glich, rollstuhlgerechtes WC vorhanden.<br \/>\nStandanfragen, Anmeldung (erforderlich) und Info: <a href= \"mailto:h.schirling@t-online.de\">h.schirling@t-online.de<\/a>, 06071-25214 (Schirling)<br \/>\nDie Anfahrt ist w\u00e4hrend der B\u00f6rse \u00fcber Darmst\u00e4dter STra\u00dfe, Minnefeld und Steinstra\u00dfe in die Fu\u00dfg\u00e4ngerzone m\u00f6glich. Auf den umliegenden Parkpl\u00e4tzen kann kostenlos geparkt werden.\n<\/div>\n<p>&nbsp;<\/p>\n<div style= \"text-align:left;\">\nSamstag, 25. April 2026 ab 13:00 Uhr<br \/>\n<strong>Landfrauenverein Crumstadt<\/strong>, Jahnplatz in Riedstadt-Crumstadt , Platz hinter der Turnhalle, Lagerstra\u00dfe<br \/>\nPflanzenflohmarkt, es gibt  Kaffee und Landfrauen-Kuchen, Standgeb\u00fchr 10\u20ac, Info und Anmeldung (erw\u00fcnscht) unter <a href=\"mailto:Landfrauen-Crumstadt@web.de\">Landfrauen-Crumstadt@web.de<\/a>.<br \/>\nDer Pflanzenflohmarkt findet bei jedem Wetter statt.\n<\/div>\n<p>&nbsp;<\/p>\n<div style= \"text-align:left;\">\nSonntag, 26. April 2026, 10:00 &#8211; 16:00 Uhr, Aufbau f\u00fcr Verk\u00e4uferInnen ab 08:00 Uhr<br \/>\n<mark>Neu!<\/mark><strong>Gartenfreunde Raunheim<\/strong>, auf dem Gel\u00e4nde des Gartenvereins, Hasslocher Str 25a (am Kreisel)<br \/>\nFlohmarkt &#8222;Pflanzen und Tr\u00f6del&#8220;, mit Anmeldung unter 0174 3971505; Essen und Getr\u00e4nke werden geboten, Toilette vorhanden.<br \/>\nInfo: <a href=\"https:\/\/www.gartenfreunde-raunheim.net\/home\/aktuelles-und-termine-2026\/\">https:\/\/www.gartenfreunde-raunheim.net\/home\/aktuelles-und-termine-2026\/<\/a>\n<\/div>\n<p>&nbsp;<\/p>\n<div style= \"text-align:left;\">\n<mark>Samstag, 2. Mai 2026<\/mark>, 8:00 \u2013 12:00 Uhr<br \/>\n<strong>BUND Gro\u00df-Gerau<\/strong>, Am Sandb\u00f6hl (vor der Volksbank), Gro\u00df-Gerau<br \/>\nPflanzenflohmarkt.<br \/>\nDieses Jahr werden AnbieterInnen aus gegebenem Anlass um telefonische Anmeldung gebeten. Info und Anmeldung unter 06152\/57891 oder <a href= \"mailto:gutta.dreyer@googlemail.com\">gutta.dreyer@googlemail.com<\/a><br \/>\nInfo auch unter <a href=\"https:\/\/www.bund-kv-gg.de\">www.bund-kv-gg.de<\/a>\n<\/div>\n<p>&nbsp;<\/p>\n<div style= \"text-align:left;\">\nSonntag, 3. Mai 2026, 10:00 &#8211; 14:00 Uhr (Aufbau ab 9:00 Uhr)<br \/>\n<strong>Obst und Gartenbauverein 1888 e.V. Griesheim<\/strong>, R\u00fcckgasse 1, 64347 Griesheim<br \/>\nPflanzenb\u00f6rse: Pflanzen, S\u00e4mereien, Gartenzubeh\u00f6r und -deko.<br \/>\nKostenlose Parkpl\u00e4tze vor dem Gel\u00e4nde. Getr\u00e4nke und Imbiss vom Grill, Toiletten vorhanden. Keine Standgeb\u00fchr (Spenden werden gerne angenommen).<br \/>\nInfo 0172-6737492\n<\/div>\n<p>&nbsp;<\/p>\n<div style= \"text-align:left;\">\nSamstag, 9. Mai 2026, 9:00 \u2013 13:00 Uhr, Aufbau ab 7:00 Uhr<br \/>\n<strong>Kleingartenverein R\u00fcsselsheim<\/strong>, Schreberstra\u00dfe 10, auf dem Kleingartengel\u00e4nde N\u00e4he Krankenhaus<br \/>\nPflanzenflohmarkt, div. Infost\u00e4nde, Kuchen, Gegrilltes und Getr\u00e4nke, Toiletten vorhanden.<br \/>\nInfo: Zuck, Tel. 0157-74004926 oder <a href= \"mailto:r.zuck@schrebergarten-online.de\">r.zuck@schrebergarten-online.de<\/a> und <a href= \"https:\/\/www.schrebergarten-online.de\">www.schrebergarten-online.de<\/a>\n<\/div>\n<p>&nbsp;<\/p>\n<div style= \"text-align:left;\">\nSamstag, 9. Mai 2026, 10:00 bis 14:00 Uhr, Aufbau ab 9:00 Uhr<br \/>\n<strong>BUND Taunusstein-Wehen<\/strong>, Auf dem Biohof Bornhof, Dornbornstra\u00dfe 10<br \/>\nPflanzenflohmarkt.<br \/>\nAnmeldung f\u00fcr Verkaufsstand (keine gewerblichen Anbieter): <a href= \"mailto:carola@pfuetzner.de\">carola@pfuetzner.de<\/a> oder Tel. 06128-7409993; bitte Platzbedarf angeben.\n<\/div>\n<p>&nbsp;<\/p>\n<div style= \"text-align:left;\">\nSamstag, 9. Mai 2026, 09:00 \u2013 12:00 Uhr<br \/>\n<mark>Neu!<\/mark><strong>B\u00fcndnis 90\/Die Gr\u00fcnen Gro\u00df-Zimmern<\/strong>, Platz vor der Evangelischen Kirche, Kirchstra\u00dfe Ecke Opelgasse, 64846 Gro\u00df-Zimmern<br \/>\nZimmerpflanzen, Setzlinge etc. Die Veranstalter steuern selbst Tomaten, Erdbeeren, Wildstauden bei, die gegen freiwillige Spenden mitgenommen werden k\u00f6nnen und f\u00fcr Nistk\u00e4sten f\u00fcr den \u00f6rtlichen Nabu verwendet werden. Spenden werden f\u00fcr Nistk\u00e4sten f\u00fcr den \u00f6rtlichen Nabu verwendet.<br \/> <br \/>\nInfo: <a href=\"https:\/\/gruene-gross-zimmern.de\/termine\/1-gruene-pflanzentauschboerse\/\">https:\/\/gruene-gross-zimmern.de\/termine\/1-gruene-pflanzentauschboerse\/<\/a>\n<\/div>\n<p>&nbsp;<\/p>\n<div style= \"text-align:left;\">\nSamstag, 9. Mai  2026, ab 14 Uhr (Aufbau ab 12 Uhr)<br \/>\n<strong>SPD-Ortsverein Ginsheim-Gustavsburg<\/strong>, Ballouplatz (Ginsheim Nord)<br \/>\nPflanzenflohmarkt, es gibt Kaffee und Kuchen.<br \/>\nInfo und Anmeldung (zur besseren Planung erbeten): Redlin,  06144-3349787 (auch Anrufbeantworter nutzen!) oder <a href= \"mailto:susanne-redlin@t-online.de\">susanne-redlin@t-online.de<\/a>.<br \/>\nEs wird um eine Kuchenspende als Standgeb\u00fchr gebeten.\n<\/div>\n<p>&nbsp;<\/p>\n<div style= \"text-align:left;\">\nSamstag, 30. Mai 2025<br \/>\n<strong>Klimawerkstatt Frankfurt-Ginnheim<\/strong>, Ginnheimer Kirchplatzg\u00e4rtchen, Ginnheimer Hohl 2<br \/>\nUrban Gardening Pflanzentauschb\u00f6rse; Vormerktermin, noch keine weiteren Infos.<br \/>\nInfos: <a href= \"mailto:sybille@klimawerkstatt-frankfurt.de\">sybille@klimawerkstatt-frankfurt.de<\/a> und <a href=\"https:\/\/www.klimawerkstatt-frankfurt.de\/events\/naturwandeln-erde-teilen-416-393-595-280-825\/?occurrence=2026-05-30\">https:\/\/www.klimawerkstatt-frankfurt.de\/events\/naturwandeln-erde-teilen-416-393-595-280-825\/?occurrence=2026-05-30<\/a>\n<\/div>\n<p>&nbsp;<\/p>\n<h4>Veranstaltungen von \u00f6ffentlichen Einrichtungen oder Vereinen mit eigenem Pflanzenverkauf, aber ohne Fremdanbieter<\/h4>\n<p>&nbsp;<\/p>\n<div style= \"text-align:left;\">\nSamstag, 21. M\u00e4rz &#8211; Sonntag 22. M\u00e4rz 2026, 09:00 &#8211; !8:00 Uhr<br \/>\n<strong>Pflanzen-B\u00f6rse Palmengarten Frankfurt<\/strong><br \/>\nBreites Rahmenprogramm, Pflanzenverkauf, Infob\u00f6rse \u201eUtopien\u201c, Workshops, F\u00fchrungen, Familienprogramm -> <a href=\"https:\/\/www.palmengarten.de\/de\/index.html\">zum gesamten Programm<\/a><br \/>\nIndividuelle Pflanzenberatung durch G\u00e4rtner:innen vor Ort.<br \/>\nInfo: Es gelten die regul\u00e4ren Eintrittspreise des Palmengartens.<br \/>\nAnmeldung f\u00fcr Workshops und F\u00fchrungen per E-Mail an <a href=\"mailto:palmengarten.kultur@stadt-frankfurt.de\">palmengarten.kultur@stadt-frankfurt.de<\/a>\n<\/div>\n<p>&nbsp;<\/p>\n<div style= \"text-align:left;\">\nSonntag, 22. M\u00e4rz 2026, 10:00 \u2013 17:00 Uhr<br \/>\n<strong>Pfl\u00e4nzeltag im Schau- und Sichtungsgarten Hermannshof Weinheim e.V.<\/strong>, Babostra\u00dfe 5<br \/>\nKein Flohmarkt!, aber Pflanzen-Verkauf mit Pflanzen aus eigener Anzucht und viele \u00d6ko- und Garten-Infos\n<\/div>\n<p>&nbsp;<\/p>\n<div style= \"text-align:left;\">\nSonntag, 26. April 2026 (Vormerktermin)<br \/>\n<strong>Gartenmarkt Oppenheim<\/strong>, Interessengemeinschaft Gartenf\u00fchrer Rheinhessen, Gartenmarkt im Dienstleistungszentrum L\u00e4ndlicher Raum Rheinhessen-Nahe-Hunsr\u00fcck, 55276 Oppenheim, Wormser Str. 111<br \/>\nInfos: <a href=\"https:\/\/offene-gaerten-in-rheinhessen.de\/gartenmarkt\">https:\/\/offene-gaerten-in-rheinhessen.de\/gartenmarkt<\/a>\n<\/div>\n<p>&nbsp;<\/p>\n<div style= \"text-align:left;\">\nFreitag, 1 Mai \u2013 Sonntag, 3. Mai 2026, jeweils 9:00 \u2013 18:00 Uhr<br \/>\n<strong>Freilichtmuseum Hessenpark, Neu-Anspach<\/strong>, Laubweg 5, 61267 Neu-Anspach.<br \/>\nVerkaufsveranstaltung mit vielen St\u00e4nden von G\u00e4rtnereien, Pflanzenz\u00fcchtern, Kunsthandwerkern und Manufakturen, au\u00dferdem diverse Vorf\u00fchrungen und Ausstellungen im Museumsdorf.<br \/>\nKostet Eintritt.<br \/>\nInfo: <a href=\"https:\/\/www.hessenpark.de\/event\/pflanzenmarkt-vom-1-bis-3-mai-2\/\">https:\/\/www.hessenpark.de\/event\/pflanzenmarkt-vom-1-bis-3-mai-2\/<\/a>\n<\/div>\n<p>&nbsp;<\/p>\n<div style= \"text-align:left;\">\nSamstag, 9. Mai 2026, 9:00 \u2013 16:00 Uhr<br \/>\n<strong>Botanischer Garten Frankfurt<\/strong>, Siesmayerstra\u00dfe 72<br \/>\nTag des Botanischen Gartens mit Pflanzenb\u00f6rse, Informationen, F\u00fchrungen, Speis &#038; Trank<br \/>\n&#8211; Pflanzenb\u00f6rse (keine Fremdanbieter, nur bot. Garten) auf dem Betriebshof des Botan. Gartens<br \/>\n&#8211; Speisen und Getr\u00e4nke, nachmittags Kaffee und Kuchen<br \/>\n&#8211; Infostand des BUND Frankfurt am Main e.V. zum Thema &#8222;Einheimische Wildpflanzen f.d. Hausgarten&#8220;<br \/>\n&#8211; Verkauf subtropischer und mediterraner Pflanzen von Rainer Gesell<br \/>\n&#8211; kostenlose F\u00fchrungen (werden noch bekannt gegeben)<br \/>\n&#8211; B\u00fccherstand mit botanischer und g\u00e4rtnerischer Fachliteratur<br \/>\nDer Erl\u00f6s dieser Veranstaltung kommt dem Freundeskreis Botanischer Garten Frankfurt e.V. und den weiteren beteiligten Vereinen zugute.<br \/>\nInfo: <a href=\"https:\/\/www.botanischergarten-frankfurt.de\/programm\/\">https:\/\/www.botanischergarten-frankfurt.de\/programm\/<\/a><br \/>\nKontakt: 069 \u2013 21239058 und <a href=\"mailto:info@botanischergarten-frankfurt.de\">info@botanischergarten-frankfurt.de<\/a>\n<\/div>\n<p>&nbsp;<\/p>\n<div style= \"text-align:left;\">\nSamstag, 9. Mai 2026, 9:00 &#8211; 17:00 Uhr<br \/>\n<strong>Hofgut Oberfeld, Darmstadt<\/strong>, Erbacher Str. 125<br \/>\nBio-Jungpflanzenverkauf &#038; Fr\u00fchlingsfest; kein Flohmarkt. Gro\u00dfe Auswahl an Bio-Jungpflanzen.<br \/>\nFr\u00fchlingsfest mit Live-Musik, Leckereien vom Hof. Vorbestellen von Jungpflanzen bald m\u00f6glich.<br \/>\nInfo: <a href=\"https:\/\/www.landwirtschaft-oberfeld.de\/feste-veranstaltungen.html\">https:\/\/www.landwirtschaft-oberfeld.de\/feste-veranstaltungen.html<\/a>\n<\/div>\n<p>&nbsp;<\/p>\n<div style= \"text-align:left;\">\nSonntag, 10. Mai 2026, 9:00 &#8211; 17:00 Uhr<br \/>\n<strong>Kakteenfreunde Darmstadt<\/strong>, Darmstra\u00dfe 4a (Stadtheim der Naturfreunde, N\u00e4he Jugendstilbad)<br \/>\nTag der offenen T\u00fcr mit Ausstellung, Pflanzenverkauf durch Vereinsmitglieder (keine Fremdanbieter), Kaffee und Kuchen. Eintritt frei<br \/>\nInfo: Graf, 06152-59312 und <a href=\"https:\/\/kakteenfreunde-darmstadt.de\/jahresprogramm\">https:\/\/kakteenfreunde-darmstadt.de\/jahresprogramm<\/a>\n<\/div>\n<p>&nbsp;<\/p>\n<div style= \"text-align:left;\">\nDonnerstag, 14. Mai 2026 (Christi Himmelfahrt, Vatertag), 10:00 \u2013 18:00 Uhr<br \/>\n<strong>\u00d6ko-Markt und Agenda-Fest, Riedstadt-Erfelden<\/strong>, Richthofenplatz<br \/>\nKein Flohmarkt!, aber Pflanzen-Verkaufsst\u00e4nde, viele \u00d6ko-Infos, Beratung, musikalische Unterhaltung und Brot, Speisen, Bier und Wein aus der Region.<br \/>\nInfos: <a href=\"https:\/\/www.riedstadt.de\/leben-in-riedstadt\/umwelt-natur-energie-abfall\/oekomarkt.html\">https:\/\/www.riedstadt.de\/leben-in-riedstadt\/umwelt-natur-energie-abfall\/oekomarkt.html<\/a>\n<\/div>\n<p>Samstag, 13. Juni 2026, Vorank\u00fcndigung<br \/>\n<strong>Betriebshof der Stadt R\u00fcsselsheim<\/strong>, Johann-Sebastian-Bach-Str. 52<br \/>\nNachhaltigkeitstag und Tag der Offenen T\u00fcr, reichhaltiges Programm (noch nicht ver\u00f6ffentlicht), gro\u00dfer Flohmarkt (aus gespendeten Gegenst\u00e4nden, die ab sofort dort abgegeben werden k\u00f6nnen), Pflanzenverkauf (keine Fremdanbieter!), Essen, Trinken, Kinderprogramm, Vorf\u00fchrungen, Mitmachaktionen und mehr. Der Erl\u00f6s wird jedes Jahr f\u00fcr einen anderen guten Zweck gespendet.<br \/>\nInfo unter <a href=\"https:\/\/www.staedteservice.de\/news-presse\/2026\/staedteservice-startet-flohmarkt-sammlung.html\">https:\/\/www.staedteservice.de\/news-presse\/2026\/staedteservice-startet-flohmarkt-sammlung.html<\/a><\/p>\n<h3>Herbst:<\/h3>\n<p>&nbsp;<\/p>\n<div style= \"text-align:left;\">\nSamstag, 19. September 2026, 9:00 &#8211; 13:00 Uhr<br \/>\n<strong>BUND Darmstadt<\/strong>, BUND Zentrum f\u00fcr Stadtnatur Klappacher Strasse 27 (Zufahrt Orangerie), 64285 Darmstadt.<br \/>\nPrivate Aussteller*innen k\u00f6nnen sich einen kostenlosen Standplatz sichern; Anmeldung unter: <a href=\"mailto:john.marx@bund.net\">john.marx@bund.net<\/a>.\n<\/div>\n<p>&nbsp;<\/p>\n<div style= \"text-align:left;\">\nSamstag, 26. September 2026 (Vormerktermin!)<br \/>\n<strong>BUND Seeheim-Jugenheim<\/strong>; im Park rund um das evangelische Gemeindehaus Jugenheim, Lindenstr. 6, 64342 Seeheim-Jugenheim\n<\/div>\n<p>&nbsp;<\/p>\n<div style= \"text-align:left;\">\nSamstag, 26. September 2026, ab 14:00 Uhr (Aufbau ab 12:00 Uhr)<br \/>\n<strong>SPD-Ortsverein Ginsheim-Gustavsburg<\/strong>, Ballouplatz (Ginsheim Nord)<br \/>\nEs gibt Kaffee und Kuchen. Info und Anmeldung (zur besseren Planung erbeten): Redlin, 06144-3349787 (auch Anrufbeantworter nutzen!) oder <a href=\"mailto:susanne-redlin@t-online.de\">susanne-redlin@t-online.de<\/a>.<br \/>\nEs wird um eine Kuchenspende als Standgeb\u00fchr gebeten.\n<\/div>\n<p>&nbsp;<\/p>\n<div style= \"text-align:left;\">\nSamstag, 10. Oktober 2026, 14:00 \u2013 17:00 Uhr,<br \/>\n<strong>Naturschutzzentrum Ingelheim<\/strong>, Neum\u00fchle 5, 55218 Ingelheim\/Rhein<br \/>\nPflanzenmarkt und Apfelfest.<br \/>\nInfo: <a href=\"http:\/\/www.nsgi.de\/index.htm\">http:\/\/www.nsgi.de\/index.htm<\/a>  und Tel. 06132\/85062\n<\/div>\n<p>&nbsp;<\/p>\n<div style= \"text-align:left;\">\nDer <strong>Kleingartenverein R\u00fcsselsheim<\/strong> hat mitgeteilt, dass er im Herbst 2026 keinen Pflanzenflohmarkt anbieten wird.\n<\/div>\n","protected":false},"excerpt":{"rendered":"<p>Es ist Fr\u00fchling und es wird Zeit, dass dieser Blog aus seinem Winterschlaf erwacht. Erfreulicherweise kann es mit einer gut gef\u00fcllten Liste der Pflanzen-Floh- und anderer M\u00e4rkte losgehen. Wenn nicht anders vermerkt, werden keine Standgeb\u00fchren erhoben, jedoch freuen sich die meisten Veranstalter \u00fcber eine Spende zur Deckung der Unkosten. Alle Angaben sind nach Auskunft durch &hellip; <a href=\"https:\/\/wassersch.eu\/corumblog\/2026\/03\/pflanzenflohmaerkte-2026\/\" class=\"more-link\"><span class=\"screen-reader-text\">\u201ePflanzenflohm\u00e4rkte 2026\u201c<\/span> weiterlesen<\/a><\/p>\n","protected":false},"author":1,"featured_media":0,"comment_status":"open","ping_status":"open","sticky":false,"template":"","format":"standard","meta":{"jetpack_post_was_ever_published":false,"_jetpack_newsletter_access":"","_jetpack_dont_email_post_to_subs":false,"_jetpack_newsletter_tier_id":0,"_jetpack_memberships_contains_paywalled_content":false,"_jetpack_memberships_contains_paid_content":false,"footnotes":"","jetpack_publicize_message":"Pflanzenflohm\u00e4rkte 2026","jetpack_publicize_feature_enabled":true,"jetpack_social_post_already_shared":true,"jetpack_social_options":{"image_generator_settings":{"template":"highway","default_image_id":0,"font":"","enabled":false},"version":2}},"categories":[4],"tags":[99],"class_list":["post-6905","post","type-post","status-publish","format-standard","hentry","category-gruenfutter","tag-pflanzenboerse"],"jetpack_publicize_connections":[],"jetpack_featured_media_url":"","jetpack_sharing_enabled":true,"jetpack_shortlink":"https:\/\/wp.me\/p923CK-1Nn","jetpack-related-posts":[],"_links":{"self":[{"href":"https:\/\/wassersch.eu\/corumblog\/wp-json\/wp\/v2\/posts\/6905","targetHints":{"allow":["GET"]}}],"collection":[{"href":"https:\/\/wassersch.eu\/corumblog\/wp-json\/wp\/v2\/posts"}],"about":[{"href":"https:\/\/wassersch.eu\/corumblog\/wp-json\/wp\/v2\/types\/post"}],"author":[{"embeddable":true,"href":"https:\/\/wassersch.eu\/corumblog\/wp-json\/wp\/v2\/users\/1"}],"replies":[{"embeddable":true,"href":"https:\/\/wassersch.eu\/corumblog\/wp-json\/wp\/v2\/comments?post=6905"}],"version-history":[{"count":10,"href":"https:\/\/wassersch.eu\/corumblog\/wp-json\/wp\/v2\/posts\/6905\/revisions"}],"predecessor-version":[{"id":6950,"href":"https:\/\/wassersch.eu\/corumblog\/wp-json\/wp\/v2\/posts\/6905\/revisions\/6950"}],"wp:attachment":[{"href":"https:\/\/wassersch.eu\/corumblog\/wp-json\/wp\/v2\/media?parent=6905"}],"wp:term":[{"taxonomy":"category","embeddable":true,"href":"https:\/\/wassersch.eu\/corumblog\/wp-json\/wp\/v2\/categories?post=6905"},{"taxonomy":"post_tag","embeddable":true,"href":"https:\/\/wassersch.eu\/corumblog\/wp-json\/wp\/v2\/tags?post=6905"}],"curies":[{"name":"wp","href":"https:\/\/api.w.org\/{rel}","templated":true}]}}