{"id":688,"date":"2010-03-17T16:57:00","date_gmt":"2010-03-17T15:57:00","guid":{"rendered":"http:\/\/wassersch.eu\/corumblog\/schefflera-6242165\/"},"modified":"2020-01-07T09:27:47","modified_gmt":"2020-01-07T08:27:47","slug":"schefflera-6242165","status":"publish","type":"post","link":"https:\/\/wassersch.eu\/corumblog\/2010\/03\/schefflera-6242165\/","title":{"rendered":"Da w\u00e4chst was Merkw\u00fcrdiges &#8230;"},"content":{"rendered":"<p>Letzten Winter beobachtete ich bei meiner B\u00fcro-Schefflera (oder Strahlenaralie bzw. <i>Schefflera arboricola<\/i>) seltsame Verwachsungen. Im Laufe der Zeit stellte sich dann heraus, da\u00df es sich um Bl\u00fctenknospen handelte:<\/p>\n<p><img decoding=\"async\" src=\"http:\/\/www.wassersch.eu\/Blog\/Garten\/ScheffleraBluete20091215_Knospen.jpg\" alt=\"ScheffleraBluete20091215_Knospen.jpg\" title= \"Schefflera Knospen 15.12.2009\" class= \"center\"\/><\/p>\n<p align= \"center\">Knospen 15.12.2009<\/p>\n<p>\nDie Knospen wurden immer l\u00e4nger und d\u00fcnner, bis dann die sehr kleinen, wei\u00dfen Bl\u00fcten zum Vorschein kamen:<\/p>\n<p><img decoding=\"async\" src=\"http:\/\/www.wassersch.eu\/Blog\/Garten\/ScheffleraBluete20100112_Bluete.jpg\" alt=\"ScheffleraBluete20100112_Bluete.jpg\" title= \"Schefflera Bl\u00fcte 12.01.2010\"  class= \"center\"\/><\/p>\n<p align= \"center\">Bl\u00fcte 12.01.2010<\/p>\n<p>\nDie meisten Bl\u00fcten und Fruchtans\u00e4tze sind zwischenzeitlich vertrocknet und abgefallen, aber ein paar Fr\u00fcchte haben sich entwickeln k\u00f6nnen:<\/p>\n<p><img decoding=\"async\" src=\"http:\/\/www.wassersch.eu\/Blog\/Garten\/ScheffleraBluete20100315_Fruechte.jpg\" alt=\"ScheffleraBluete20100315_Fruechte.jpg\" title= \"Schefflera Fr\u00fcchte 15.03.2010\" class= \"center\" \/><\/p>\n<p align= \"center\">Fr\u00fcchte 15.03.2010<\/p>\n<p>\nWenn die Fr\u00fcchte dann abfallen, werde ich nachschauen, ob sie Samen enthalten.<\/p>\n<hr \/>\n<div class=\"snap_nopreview\" align=\"right\"><font size=\"1\">Tags: <a class=\"techtag\" href=\"https:\/\/wassersch.eu\/corumblog\/?s=Schefflera\" rel=\"tag\">Schefflera<\/a>,  <a class=\"techtag\" href=\"https:\/\/wassersch.eu\/corumblog\/?s=Strahlenaralie\" rel=\"tag\">Strahlenaralie<\/a>, <a class=\"techtag\" href=\"https:\/\/wassersch.eu\/corumblog\/?s=Baum\" rel=\"tag\">Baum<\/a>, <a class=\"techtag\" href=\"https:\/\/wassersch.eu\/corumblog\/?s=Bl\u00fcte\" rel=\"tag\">Bl\u00fcte<\/a><\/font> <\/div>\n<\/div>\n","protected":false},"excerpt":{"rendered":"<p>Letzten Winter beobachtete ich bei meiner B\u00fcro-Schefflera (oder Strahlenaralie bzw. Schefflera arboricola) seltsame Verwachsungen. Im Laufe der Zeit stellte sich dann heraus, da\u00df es sich um Bl\u00fctenknospen handelte: Knospen 15.12.2009 Die Knospen wurden immer l\u00e4nger und d\u00fcnner, bis dann die sehr kleinen, wei\u00dfen Bl\u00fcten zum Vorschein kamen: Bl\u00fcte 12.01.2010 Die meisten Bl\u00fcten und Fruchtans\u00e4tze sind &hellip; <a href=\"https:\/\/wassersch.eu\/corumblog\/2010\/03\/schefflera-6242165\/\" class=\"more-link\"><span class=\"screen-reader-text\">\u201eDa w\u00e4chst was Merkw\u00fcrdiges &#8230;\u201c<\/span> weiterlesen<\/a><\/p>\n","protected":false},"author":1,"featured_media":0,"comment_status":"open","ping_status":"open","sticky":false,"template":"","format":"standard","meta":{"jetpack_post_was_ever_published":false,"_jetpack_newsletter_access":"","_jetpack_dont_email_post_to_subs":false,"_jetpack_newsletter_tier_id":0,"_jetpack_memberships_contains_paywalled_content":false,"_jetpack_memberships_contains_paid_content":false,"footnotes":"","jetpack_publicize_message":"","jetpack_publicize_feature_enabled":true,"jetpack_social_post_already_shared":false,"jetpack_social_options":{"image_generator_settings":{"template":"highway","default_image_id":0,"font":"","enabled":false},"version":2}},"categories":[4],"tags":[468,255,469,467,470],"class_list":["post-688","post","type-post","status-publish","format-standard","hentry","category-gruenfutter","tag-baum","tag-bluete","tag-pflanze","tag-schefflera","tag-strahlenaralie"],"jetpack_publicize_connections":[],"jetpack_featured_media_url":"","jetpack_sharing_enabled":true,"jetpack_shortlink":"https:\/\/wp.me\/p923CK-b6","jetpack-related-posts":[],"_links":{"self":[{"href":"https:\/\/wassersch.eu\/corumblog\/wp-json\/wp\/v2\/posts\/688","targetHints":{"allow":["GET"]}}],"collection":[{"href":"https:\/\/wassersch.eu\/corumblog\/wp-json\/wp\/v2\/posts"}],"about":[{"href":"https:\/\/wassersch.eu\/corumblog\/wp-json\/wp\/v2\/types\/post"}],"author":[{"embeddable":true,"href":"https:\/\/wassersch.eu\/corumblog\/wp-json\/wp\/v2\/users\/1"}],"replies":[{"embeddable":true,"href":"https:\/\/wassersch.eu\/corumblog\/wp-json\/wp\/v2\/comments?post=688"}],"version-history":[{"count":3,"href":"https:\/\/wassersch.eu\/corumblog\/wp-json\/wp\/v2\/posts\/688\/revisions"}],"predecessor-version":[{"id":4280,"href":"https:\/\/wassersch.eu\/corumblog\/wp-json\/wp\/v2\/posts\/688\/revisions\/4280"}],"wp:attachment":[{"href":"https:\/\/wassersch.eu\/corumblog\/wp-json\/wp\/v2\/media?parent=688"}],"wp:term":[{"taxonomy":"category","embeddable":true,"href":"https:\/\/wassersch.eu\/corumblog\/wp-json\/wp\/v2\/categories?post=688"},{"taxonomy":"post_tag","embeddable":true,"href":"https:\/\/wassersch.eu\/corumblog\/wp-json\/wp\/v2\/tags?post=688"}],"curies":[{"name":"wp","href":"https:\/\/api.w.org\/{rel}","templated":true}]}}