{"id":659,"date":"2010-06-19T12:36:00","date_gmt":"2010-06-19T10:36:00","guid":{"rendered":"http:\/\/wassersch.eu\/corumblog\/holunder-6385268\/"},"modified":"2021-06-14T15:16:45","modified_gmt":"2021-06-14T13:16:45","slug":"holunder-6385268","status":"publish","type":"post","link":"https:\/\/wassersch.eu\/corumblog\/2010\/06\/holunder-6385268\/","title":{"rendered":"Variationen in Holunder &#8230;"},"content":{"rendered":"<p><a class= \"deadlink\" title= \"Dead Link: http:\/\/gaertnerblog.de\/blog\/2010\/garten-koch-event-juni-essbare-blueten\/\" title=\"Garten-Koch-Event Juni 2010: Essbare Bl\u00fcten - Teilnahme bis 30.06.2010\" target= \"_blank\"><img loading=\"lazy\" decoding=\"async\" src=\"http:\/\/farm5.static.flickr.com\/4023\/4663149958_be686f13df.jpg\" alt=\"Garten-Koch-Event\" height=\"112\" width=\"500\" \/><\/a><\/p>\n<p>Im aktuellen Garten-Koch-Event des <a class= \"deadlink\" title= \"Dead Link:  http:\/\/gaertnerblog.de\/blog\/\" target=\"_blank\">G\u00e4rtner-Blogs<\/a> hat sich <a href= \"http:\/\/barbaras-spielwiese.blogspot.com\/\" target= \"_blank\">Barbara<\/a> Rezepte mit <a class= \"deadlink\" title= \"Dead Link:  http:\/\/gaertnerblog.de\/blog\/2010\/garten-koch-event-juni-essbare-blueten\/\" target=\"_blank\">essbaren Bl\u00fcten<\/a> gew\u00fcnscht. Essbare Bl\u00fcten&#8230; Da f\u00e4llt mir als erstes L\u00f6wenzahn ein. Aber den hatten <a href=\"https:\/\/wassersch.eu\/corumblog\/2007\/04\/loewenzahn-gelee-3646439\/\">wir<\/a> <a href=\"https:\/\/wassersch.eu\/corumblog\/2010\/05\/rhabarber-streusel-mit-loewenzahn-sahne-6333686\/\">schon<\/a> <a href= \"https:\/\/wassersch.eu\/corumblog\/2010\/04\/loewenzahnaufziegenfrischkaese-6314539\/\">mehrmals<\/a>, au\u00dferdem bl\u00fcht er nicht mehr.<\/p>\n<p>Vielleicht sollte ich mal etwas mit Holunderbl\u00fcten anfangen? Die hatte ich n\u00e4mlich noch nie. Ich habe mir zwei sch\u00f6ne gro\u00dfe Holunderb\u00fcsche gesucht und diese beerntet. Wobei es gar nicht so einfach ist, Holunderb\u00fcsche zu finden, an die man auch drankommt. Entweder sie stehen auf einem Privatgrundst\u00fcck oder an einer vielbefahrenen Stra\u00dfe. Wenn sie am Feldrand wachsen, ist es auch nicht immer so einfach, dranzukommen: Oft genug ist ein Graben oder eine Brenn(n)essel-Hecke dazwischen &#8230;<\/p>\n<p>Nun ja, ich habe mich in drei verschiedenen (klassischen) \u00dcbungen versucht:<\/p>\n<p>1. Holunderbl\u00fcten-Sirup<br \/>\n2. Holunderbl\u00fcten-Essig<br \/>\n3. Frittierte Holunderbl\u00fcten<\/p>\n<p>Ergebnis:<\/p>\n<table>\n<tbody>\n<tr>\n<td><img decoding=\"async\" src=\"http:\/\/www.wassersch.eu\/Blog\/Rez\/HolunderEssig.jpg\" alt=\"HolunderEssig.jpg\" title=\"Holunderbl\u00fcten-Essig\" width=\"245\"\/><\/td>\n<td><img decoding=\"async\" src=\"http:\/\/www.wassersch.eu\/Blog\/Rez\/HolunderInTeig.jpg\" alt=\"HolunderInTeig.jpg\" title=\"Holunderbl\u00fcten in Teig\" width=\"245\"\/><\/td>\n<\/tr>\n<tr>\n<td align=\"center\">Holunderbl\u00fcten-Essig<\/td>\n<td align=\"center\"\">Holunderbl\u00fcten in Teig<\/td>\n<\/tr>\n<\/tbody>\n<\/table>\n<p>&nbsp;<br \/>\nDer Sirup ist mir schon nach drei Tagen verschimmelt (warum auch immer&#8230;) und die in Teig frittierten Holunderbl\u00fcten waren zwar lecker, aber nicht so aufregend, wie es immer beschrieben wurde. Der Holunderbl\u00fcten-Essig ist an <a href= \"http:\/\/kuechenlatein.com\" target= \"_blank\">Ulrikes<\/a> Rezept f\u00fcr <a href= \"https:\/\/kuechenlatein.com\/heller-fliederessig\/\" target=\"_blank\">hellen Fliederessig<\/a> angelehnt, nur eben mit Holunderbl\u00fcten. Da ich diesen Essig zwar schon Anfang Juni angesetzt habe, er aber sechs Wochen ziehen muss, wird das wohl nichts mit dem Event-Beitrag.<\/p>\n<p>Am besten hat mir der Original-Geruch der Bl\u00fcten gefallen.<\/p>\n<p>Auf zur n\u00e4chsten Bl\u00fcte &#8230;<\/p>\n<hr \/>\n<div class=\"snap_nopreview\" align=\"right\"><font size=\"1\">Index: <a class=\"techtag\" href=\"http:\/\/www.wassersch.eu\/Rezepte\/Index\/Rez_H#Holunder\" rel=\"tag\">Holunder<\/a>, <a class=\"techtag\" href=\"http:\/\/www.wassersch.eu\/Rezepte\/Index\/Rez_B#Blog-Event\" rel=\"tag\">Blog-Event<\/a><\/font> <\/div>\n","protected":false},"excerpt":{"rendered":"<p>Im aktuellen Garten-Koch-Event des G\u00e4rtner-Blogs hat sich Barbara Rezepte mit essbaren Bl\u00fcten gew\u00fcnscht. Essbare Bl\u00fcten&#8230; Da f\u00e4llt mir als erstes L\u00f6wenzahn ein. Aber den hatten wir schon mehrmals, au\u00dferdem bl\u00fcht er nicht mehr. Vielleicht sollte ich mal etwas mit Holunderbl\u00fcten anfangen? Die hatte ich n\u00e4mlich noch nie. Ich habe mir zwei sch\u00f6ne gro\u00dfe Holunderb\u00fcsche gesucht &hellip; <a href=\"https:\/\/wassersch.eu\/corumblog\/2010\/06\/holunder-6385268\/\" class=\"more-link\"><span class=\"screen-reader-text\">\u201eVariationen in Holunder &#8230;\u201c<\/span> weiterlesen<\/a><\/p>\n","protected":false},"author":1,"featured_media":0,"comment_status":"open","ping_status":"open","sticky":false,"template":"","format":"standard","meta":{"jetpack_post_was_ever_published":false,"_jetpack_newsletter_access":"","_jetpack_dont_email_post_to_subs":false,"_jetpack_newsletter_tier_id":0,"_jetpack_memberships_contains_paywalled_content":false,"_jetpack_memberships_contains_paid_content":false,"footnotes":"","jetpack_publicize_message":"","jetpack_publicize_feature_enabled":true,"jetpack_social_post_already_shared":false,"jetpack_social_options":{"image_generator_settings":{"template":"highway","default_image_id":0,"font":"","enabled":false},"version":2}},"categories":[506,2],"tags":[44,288,385],"class_list":["post-659","post","type-post","status-publish","format-standard","hentry","category-essig-oel-gewuerze","category-kochen-backen-und-geniessen","tag-blog-event","tag-essig","tag-holunder"],"jetpack_publicize_connections":[],"jetpack_featured_media_url":"","jetpack_sharing_enabled":true,"jetpack_shortlink":"https:\/\/wp.me\/p923CK-aD","jetpack-related-posts":[],"_links":{"self":[{"href":"https:\/\/wassersch.eu\/corumblog\/wp-json\/wp\/v2\/posts\/659","targetHints":{"allow":["GET"]}}],"collection":[{"href":"https:\/\/wassersch.eu\/corumblog\/wp-json\/wp\/v2\/posts"}],"about":[{"href":"https:\/\/wassersch.eu\/corumblog\/wp-json\/wp\/v2\/types\/post"}],"author":[{"embeddable":true,"href":"https:\/\/wassersch.eu\/corumblog\/wp-json\/wp\/v2\/users\/1"}],"replies":[{"embeddable":true,"href":"https:\/\/wassersch.eu\/corumblog\/wp-json\/wp\/v2\/comments?post=659"}],"version-history":[{"count":2,"href":"https:\/\/wassersch.eu\/corumblog\/wp-json\/wp\/v2\/posts\/659\/revisions"}],"predecessor-version":[{"id":5272,"href":"https:\/\/wassersch.eu\/corumblog\/wp-json\/wp\/v2\/posts\/659\/revisions\/5272"}],"wp:attachment":[{"href":"https:\/\/wassersch.eu\/corumblog\/wp-json\/wp\/v2\/media?parent=659"}],"wp:term":[{"taxonomy":"category","embeddable":true,"href":"https:\/\/wassersch.eu\/corumblog\/wp-json\/wp\/v2\/categories?post=659"},{"taxonomy":"post_tag","embeddable":true,"href":"https:\/\/wassersch.eu\/corumblog\/wp-json\/wp\/v2\/tags?post=659"}],"curies":[{"name":"wp","href":"https:\/\/api.w.org\/{rel}","templated":true}]}}