{"id":6370,"date":"2023-08-04T08:00:16","date_gmt":"2023-08-04T06:00:16","guid":{"rendered":"https:\/\/wassersch.eu\/corumblog\/?p=6370"},"modified":"2023-08-04T19:13:18","modified_gmt":"2023-08-04T17:13:18","slug":"mexikanischer-reis","status":"publish","type":"post","link":"https:\/\/wassersch.eu\/corumblog\/2023\/08\/mexikanischer-reis\/","title":{"rendered":"Mexikanischer Reis"},"content":{"rendered":"<p>F\u00fcr das Event &#8222;<a href=\"https:\/\/www.facebook.com\/groups\/717554214943517\">Wir retten, was zu retten ist<\/a>: Reisgerichte&#8220; habe ich mir kein vollst\u00e4ndiges Gericht, sondern eine Beilage ausgesucht.<\/p>\n<p>Ihr kennt doch bestimmt alle diese T\u00fcten, von dem Onkel (der \u00fcbrigens gar kein Onkel mehr, f\u00e4llt mir gerade auf&#8230;), der keinen klebrigen, klumpigen Reis mag, die schon vorgekochten Reis enthalten und in der Mikrowelle in 1-2 Minuten fertig sind. Diese gibt es nat\u00fcrlich in diversen Geschmacksrichtungen mit den entsprechenden Zutaten.<\/p>\n<p>Seit Corona anfing und wir alle ins Home Office gewandert sind, stand ich damals t\u00e4glich und auch jetzt noch regelm\u00e4\u00dfig vor der Aufgabe, in ca. 10-15 Minuten ein halbwegs vern\u00fcnftiges Mittagessen auf den Tisch zu bringen. Ich gebe zu, dass ich daf\u00fcr auch gelegentlich diesen Reis kaufe, aber so gut wie immer in pur, ohne weitere Zutaten.<\/p>\n<p>Da ich aber wei\u00df, dass es auch anders geht, habe ich mir mal eine solche T\u00fcte ausgesucht und nachgebastelt:   <\/p>\n<p><img decoding=\"async\" src=\"https:\/\/www.wassersch.eu\/Blog\/Rez\/2023\/MexikanischerReis.jpg\" alt=\"MexikanischerReis.jpg\" title=\"Mexikanischer Reis\" class= \"center\"><br \/>\n<br \/>\n<img decoding=\"async\" src=\"https:\/\/www.wassersch.eu\/Blog\/Rez\/2023\/SchweinefiletMitRosmarinUndSpeck.jpg\" alt=\"SchweinefiletMitRosmarinUndSpeck.jpg\" title=\"Schweinefilets mit Rosmarin und Speck\" class= \"right\" width = \"250\">Eigentlich hat es so lange auch nicht gedauert, die Viertelstunde habe ich nur knapp verfehlt. Dazu gab es mit Speck und Rosmarin umwickelte Schweinefilets vom Grill.<\/p>\n<p><\/p>\n<h3>Mexikanischer Reis<\/h3>\n<table border= \"0\" width= \"100%\">\n<tr>\n<td width= \"200\" align= \"left\">Quellenangabe: <\/td>\n<td>Erfasst 26.07.23 von Sus<\/td>\n<\/tr>\n<tr>\n<td width= \"200\" align= \"left\">Kategorien: <\/td>\n<td>Reis, Beilage, Blog-Event<\/td>\n<\/tr>\n<tr>\n<td width= \"200\" align= \"left\">Mengenangaben f&uuml;r: <\/td>\n<td>4 Portionen<\/td>\n<\/tr>\n<\/table>\n<h4>Zutaten:<\/h4>\n<table>\n<tr>\n<td width= \"70\" align= \"right\">2<\/td>\n<td width= \"130\">Tasse(n)<\/td>\n<td>Reis<\/td>\n<\/tr>\n<tr>\n<td width= \"70\" align= \"right\">4<\/td>\n<td width= \"130\">Tasse(n)<\/td>\n<td>Wasser<\/td>\n<\/tr>\n<tr>\n<td width= \"70\" align= \"right\">1<\/td>\n<td width= \"130\"><\/td>\n<td>Rote Paprika<\/td>\n<\/tr>\n<tr>\n<td width= \"70\" align= \"right\">1<\/td>\n<td width= \"130\"><\/td>\n<td>Gelbe Paprika<\/td>\n<\/tr>\n<tr>\n<td width= \"70\" align= \"right\">1<\/td>\n<td width= \"130\">kleine<\/td>\n<td>Chili (Sch\u00e4rfe nach Geschmack)<\/td>\n<\/tr>\n<tr>\n<td width= \"70\" align= \"right\">2<\/td>\n<td width= \"130\"><\/td>\n<td>Rote Zwiebeln<\/td>\n<\/tr>\n<tr>\n<td width= \"70\" align= \"right\">1<\/td>\n<td width= \"130\"><\/td>\n<td>Knoblauchzehe<\/td>\n<\/tr>\n<tr>\n<td width= \"70\" align= \"right\">2<\/td>\n<td width= \"130\">Essl\u00f6ffel<\/td>\n<td>Tomatenmark<\/td>\n<\/tr>\n<tr>\n<td width= \"70\" align= \"right\"><\/td>\n<td width= \"130\"><\/td>\n<td>Salz, Pfeffer<\/td>\n<\/tr>\n<tr>\n<td width= \"70\" align= \"right\">1<\/td>\n<td width= \"130\">Teel\u00f6ffel<\/td>\n<td>Koriandersamen; gem\u00f6rsert<\/td>\n<\/tr>\n<tr>\n<td width= \"70\" align= \"right\"><\/td>\n<td width= \"130\"><\/td>\n<td>Gem\u00fcsebr\u00fche<\/td>\n<\/tr>\n<tr>\n<td width= \"70\" align= \"right\"><\/td>\n<td width= \"130\"><\/td>\n<td>Neutrales \u00d6l<\/td>\n<\/tr>\n<\/table>\n<h4>Zubereitung:<\/h4>\n<p>Reis mit Wasser zum Kochen bringen, salzen und bei ausgeschalteter Herdplatte ziehen lassen, bis das Wasser verdampft bzw. in den Reis gezogen ist.<\/p>\n<p>W\u00e4hrenddessen das Gem\u00fcse putzen und in kleine St\u00fcckchen schneiden. \u00d6l in einer gro\u00dfen Pfanne erhitzen, Zwiebeln, Paprika und Knoblauch darin anschwitzen. Reis dazugeben, mit Tomatenmark und den Gew\u00fcrzen vermengen. Ggf. etwas Gem\u00fcsebr\u00fche zugeben, damit der Reis nicht zu trocken wird.<\/p>\n<h4>Anmerkung:<\/h4>\n<p>Inwieweit das wirklich &#8222;mexikanisch&#8220; ist, kann ich nicht sagen, aber das war auch nicht das Ziel der \u00dcbung.<br \/>\n<\/p>\n<hr \/>\n<p>Weitere Reisgericht-Retter:<br \/>\n<img decoding=\"async\" src=\"https:\/\/www.wassersch.eu\/Blog\/Div\/BlogEvents\/WirRettenWasZuRettenIstReis.jpg\" alt=\"WirRettenWasZuRettenIstReis.jpg\" title=\"Wir retten, was zu retten ist: Reisgerichte\" class= \"center\"><br \/>\nAnna Antonia-Herzensangelegenheiten &#8211; <a href=\"https:\/\/annaantonia1.wordpress.com\/2023\/08\/04\/risibisi-frisch-gerettet\/\" target=\"_blank\" rel=\"noopener\">RisiBisi frisch gerettet<\/a><br \/>\nBarbaras Spielwiese &#8211; <a href=\"https:\/\/barbaras-spielwiese.blogspot.com\/2023\/08\/milchreis-mit-johannisbeeren-und-kokos.html\" target=\"_blank\" rel=\"noopener\">Milchreis mit Johannisbeeren und Kokos<\/a><br \/>\nBrittas Kochbuch &#8211; <a href=\"https:\/\/brittas-kochbuch.info\/?p=27070\" target=\"_blank\" rel=\"noopener\">Zucchinireispfanne mit Lammhack<\/a><br \/>\nBrotwein &#8211; <a href=\"https:\/\/brotwein.net\/nasi-goreng-rezept-7126\" target=\"_blank\" rel=\"noopener\">Nasi Goreng<\/a><br \/>\nCahama &#8211; <a href=\"https:\/\/cahama.wordpress.com\/2023\/08\/04\/weises-tomatenrisotto-mit-jakobsmuscheln-und-riesengarnelenschwanz\/\" target=\"_blank\" rel=\"noopener\">Wei\u00dfes Tomatenrisotto mit Jakobsmuscheln und Riesengarnelenschwanz<\/a><br \/>\nCakes, Cookies and more &#8211; <a href=\"https:\/\/cakescookiesandmore.ch\/2023\/08\/ofenrisotto-mit-broccoli.html\" target=\"_blank\" rel=\"noopener\">Ofenrisotto mit Broccoli<\/a><br \/>\nKaffeebohne &#8211; <a href=\"https:\/\/www.fambrenner.de\/Kaffeebohne\/wordpress\/2023\/08\/04\/paelle-de-verduras\/\" target=\"_blank\" rel=\"noopener\">Paella de verduras<\/a><\/p>\n<hr \/>\n<div align= \"right\"><span style=\"font-size: 0.625rem; \"1\">Tags: <a class= \"techtag\" href= \"https:\/\/www.wassersch.eu\/Rezepte\/Index\/Rez_R#Reis\" rel= \"tag\">Reis<\/a>, <a class= \"techtag\" href= \"https:\/\/www.wassersch.eu\/Rezepte\/Index\/Rez_B#Beilage\" rel= \"tag\">Beilage<\/a>, <a class= \"techtag\" href= \"https:\/\/www.wassersch.eu\/Rezepte\/Index\/Rez_B#Blog-Event\" rel= \"tag\">Blog-Event<\/a><\/span> <\/div>\n","protected":false},"excerpt":{"rendered":"<p>F\u00fcr das Event &#8222;Wir retten, was zu retten ist: Reisgerichte&#8220; habe ich mir kein vollst\u00e4ndiges Gericht, sondern eine Beilage ausgesucht. Ihr kennt doch bestimmt alle diese T\u00fcten, von dem Onkel (der \u00fcbrigens gar kein Onkel mehr, f\u00e4llt mir gerade auf&#8230;), der keinen klebrigen, klumpigen Reis mag, die schon vorgekochten Reis enthalten und in der Mikrowelle &hellip; <a href=\"https:\/\/wassersch.eu\/corumblog\/2023\/08\/mexikanischer-reis\/\" class=\"more-link\"><span class=\"screen-reader-text\">\u201eMexikanischer Reis\u201c<\/span> weiterlesen<\/a><\/p>\n","protected":false},"author":1,"featured_media":0,"comment_status":"open","ping_status":"open","sticky":false,"template":"","format":"standard","meta":{"jetpack_post_was_ever_published":false,"_jetpack_newsletter_access":"","_jetpack_dont_email_post_to_subs":false,"_jetpack_newsletter_tier_id":0,"_jetpack_memberships_contains_paywalled_content":false,"_jetpack_memberships_contains_paid_content":false,"footnotes":"","jetpack_publicize_message":"Mexikanischer Reis","jetpack_publicize_feature_enabled":true,"jetpack_social_post_already_shared":true,"jetpack_social_options":{"image_generator_settings":{"template":"highway","default_image_id":0,"font":"","enabled":false},"version":2}},"categories":[497,2],"tags":[124,44,181],"class_list":["post-6370","post","type-post","status-publish","format-standard","hentry","category-beilage","category-kochen-backen-und-geniessen","tag-beilage","tag-blog-event","tag-reis"],"jetpack_publicize_connections":[],"jetpack_featured_media_url":"","jetpack_sharing_enabled":true,"jetpack_shortlink":"https:\/\/wp.me\/p923CK-1EK","jetpack-related-posts":[],"_links":{"self":[{"href":"https:\/\/wassersch.eu\/corumblog\/wp-json\/wp\/v2\/posts\/6370","targetHints":{"allow":["GET"]}}],"collection":[{"href":"https:\/\/wassersch.eu\/corumblog\/wp-json\/wp\/v2\/posts"}],"about":[{"href":"https:\/\/wassersch.eu\/corumblog\/wp-json\/wp\/v2\/types\/post"}],"author":[{"embeddable":true,"href":"https:\/\/wassersch.eu\/corumblog\/wp-json\/wp\/v2\/users\/1"}],"replies":[{"embeddable":true,"href":"https:\/\/wassersch.eu\/corumblog\/wp-json\/wp\/v2\/comments?post=6370"}],"version-history":[{"count":10,"href":"https:\/\/wassersch.eu\/corumblog\/wp-json\/wp\/v2\/posts\/6370\/revisions"}],"predecessor-version":[{"id":6393,"href":"https:\/\/wassersch.eu\/corumblog\/wp-json\/wp\/v2\/posts\/6370\/revisions\/6393"}],"wp:attachment":[{"href":"https:\/\/wassersch.eu\/corumblog\/wp-json\/wp\/v2\/media?parent=6370"}],"wp:term":[{"taxonomy":"category","embeddable":true,"href":"https:\/\/wassersch.eu\/corumblog\/wp-json\/wp\/v2\/categories?post=6370"},{"taxonomy":"post_tag","embeddable":true,"href":"https:\/\/wassersch.eu\/corumblog\/wp-json\/wp\/v2\/tags?post=6370"}],"curies":[{"name":"wp","href":"https:\/\/api.w.org\/{rel}","templated":true}]}}