{"id":6353,"date":"2023-07-13T17:32:09","date_gmt":"2023-07-13T15:32:09","guid":{"rendered":"https:\/\/wassersch.eu\/corumblog\/?p=6353"},"modified":"2023-07-13T17:32:09","modified_gmt":"2023-07-13T15:32:09","slug":"kalte-mais-suppe-oder-auch-mais-gazpacho","status":"publish","type":"post","link":"https:\/\/wassersch.eu\/corumblog\/2023\/07\/kalte-mais-suppe-oder-auch-mais-gazpacho\/","title":{"rendered":"Kalte Mais-Suppe oder auch Mais-Gazpacho"},"content":{"rendered":"<p>In den letzten Tagen hatten wir bei dieser Hitze einfach keine Lust auf etwas Warmes zum Mittagessen. Da kam mir das <a href=\"https:\/\/salzig-suess-lecker.de\/mais-gazpacho\/\">Rezept<\/a> von Michael von <a href=\"https:\/\/salzig-suess-lecker.de\/\">Salzig, S\u00fc\u00df und Lecker<\/a> gerade recht, denn es erweitert meine kleine &#8222;<a href=\"https:\/\/wassersch.eu\/corumblog\/tag\/kalte-suppe\/\">Sammlung kalter Suppen<\/a>&#8220; um eine gelbe Variante.<\/p>\n<p><img decoding=\"async\" src=\"https:\/\/www.wassersch.eu\/Blog\/Rez\/2023\/MaisGazpacho.jpg\" alt=\"MaisGazpacho.jpg\" title=\"Mais-Gazpacho\" class= \"center\"><\/p>\n<p>Auf diesen Blog wurde ich durch Volkers Event &#8222;<a href=\"https:\/\/volkermampft.de\/koch-mein-rezept-foodblogs-neu-entdeckt\/\">Koch mein Rezept<\/a>&#8220; aufmerksam, denn es wurde mir zugelost.<\/p>\n<p>Seit 2016 bloggt Michael \u00fcber s\u00fc\u00dfe und salzige Gerichte, egal ob Vor-, Haupt- oder Nachspeise, Hauptsache lecker! In jungen Jahren begann bereits das Interesse am Kochen und Backen, beruflich kam die Fotografie dazu. Wie konnte es anders weitergehen als mit der Food-Fotografie und einem Blog mit wirklich wundersch\u00f6nen Bildern?<br \/>\n&nbsp;<br \/>\nAber nun zur Suppe:<\/p>\n<h3>Mais-Gazpacho<\/h3>\n<table border= \"0\" width= \"100%\">\n<tr>\n<td width= \"200\" align= \"left\">Quellenangabe: <\/td>\n<td><a href=\"https:\/\/salzig-suess-lecker.de\/mais-gazpacho\/\">https:\/\/salzig-suess-lecker.de\/mais-gazpacho\/<\/a><br \/>Erfasst 10.07.23 von Sus<\/td>\n<\/tr>\n<tr>\n<td width= \"200\" align= \"left\">Kategorien: <\/td>\n<td>Gazpacho, Kalte Suppe, Suppe, Mais, Spanien<\/td>\n<\/tr>\n<tr>\n<td width= \"200\" align= \"left\">Mengenangaben f&uuml;r: <\/td>\n<td>4 -6 Portionen<\/td>\n<\/tr>\n<\/table>\n<h4>Zutaten:<\/h4>\n<table>\n<tr>\n<td width= \"70\" align= \"right\"><\/td>\n<td width= \"130\"><\/td>\n<td><strong>Suppe:<\/strong><\/td>\n<\/tr>\n<tr>\n<td width= \"70\" align= \"right\">225<\/td>\n<td width= \"130\">g<\/td>\n<td>Wei\u00dfe Bohnen (Dose)<\/td>\n<\/tr>\n<tr>\n<td width= \"70\" align= \"right\">20<\/td>\n<td width= \"130\">g<\/td>\n<td>Ingwer, gesch\u00e4lt und grob gew\u00fcrfelt<\/td>\n<\/tr>\n<tr>\n<td width= \"70\" align= \"right\">250<\/td>\n<td width= \"130\">g<\/td>\n<td>Gelbe Tomaten; gewaschen und geviertelt<\/td>\n<\/tr>\n<tr>\n<td width= \"70\" align= \"right\"><\/td>\n<td width= \"130\"><\/td>\n<td>Alternative:<\/td>\n<\/tr>\n<tr>\n<td width= \"70\" align= \"right\">250<\/td>\n<td width= \"130\">g<\/td>\n<td>Tomaten (Dose)<\/td>\n<\/tr>\n<tr>\n<td width= \"70\" align= \"right\">1<\/td>\n<td width= \"130\">gro\u00dfe<\/td>\n<td>Gelbe Paprika; gewaschen und grob gew\u00fcrfelt<\/td>\n<\/tr>\n<tr>\n<td width= \"70\" align= \"right\">600<\/td>\n<td width= \"130\">g<\/td>\n<td>Dose Mais (Dose)<\/td>\n<\/tr>\n<tr>\n<td width= \"70\" align= \"right\">1<\/td>\n<td width= \"130\"><\/td>\n<td>Salatgurke; gesch\u00e4lt und grob gew\u00fcrfelt<\/td>\n<\/tr>\n<tr>\n<td width= \"70\" align= \"right\">1<\/td>\n<td width= \"130\"><\/td>\n<td>Limette; Fruchtfleisch und geriebene Schale<\/td>\n<\/tr>\n<tr>\n<td width= \"70\" align= \"right\">2<\/td>\n<td width= \"130\"><\/td>\n<td>Knoblauchzehen<\/td>\n<\/tr>\n<tr>\n<td width= \"70\" align= \"right\">125<\/td>\n<td width= \"130\">ml<\/td>\n<td>Kalte Gem\u00fcsebr\u00fche<\/td>\n<\/tr>\n<tr>\n<td width= \"70\" align= \"right\"><\/td>\n<td width= \"130\"><\/td>\n<td>Salz, Pfeffer<\/td>\n<\/tr>\n<tr>\n<td width= \"70\" align= \"right\"><\/td>\n<td width= \"130\"><\/td>\n<td><strong>Dekoration:<\/strong><\/td>\n<\/tr>\n<tr>\n<td width= \"70\" align= \"right\">5-7<\/td>\n<td width= \"130\"><\/td>\n<td>Stengel Schnittknoblauch; fein geschnitten (Alternativ: Schnittlauch)<\/td>\n<\/tr>\n<tr>\n<td width= \"70\" align= \"right\">1\/2<\/td>\n<td width= \"130\">Handvoll<\/td>\n<td>Rucola; klein gezupft<\/td>\n<\/tr>\n<tr>\n<td width= \"70\" align= \"right\">1<\/td>\n<td width= \"130\">klein<\/td>\n<td>Rote Chilischote; in Ringen<\/td>\n<\/tr>\n<\/table>\n<h4>Zubereitung:<\/h4>\n<p>Bohnen in ein Sieb gie\u00dfen, (dabei Bohnenfl\u00fcssigkeit auffangen und f\u00fcr Aqua faba beiseite legen), mit kaltem Wasser absp\u00fclen und abtropfen lassen. Mais in ein Sieb geben und ebenfalls abtropfen lassen. Vom Mais 2 Essl\u00f6ffel beiseite stellen. Limette abreiben und dann sch\u00e4len, Kerne und Schale entfernen.<\/p>\n<p>Alle Zutaten in einem K\u00fcchenmixer sehr fein p\u00fcrieren. Wenn die Masse noch zu grob bleibt, durch ein Sieb mit einem Essl\u00f6ffel in eine Sch\u00fcssel passieren. (War bei mir nicht n\u00f6tig.) Mit Salz und Pfeffer kr\u00e4ftig abschmecken.<\/p>\n<p>Suppe in Sch\u00e4lchen oder Suppenteller geben, mit Mais, Chili, Rucola und Schnittknoblauch bestreuen.<\/p>\n<h4>Anmerkung:<\/h4>\n<p>Leider hatte ich keine gelben Tomaten, daher musste eine Dose roter Tomaten herhalten. Deshalb ist die Suppe auch nicht ganz so gelb wie sie h\u00e4tte sein k\u00f6nnen.<\/p>\n<hr \/>\n<div align= \"right\"><span style=\"font-size: 0.625rem; \"1\">Tags: <a class= \"techtag\" href= \"https:\/\/www.wassersch.eu\/Rezepte\/Index\/Rez_G#Gazpacho\" rel= \"tag\">Gazpacho<\/a>, <a class= \"techtag\" href= \"https:\/\/www.wassersch.eu\/Rezepte\/Index\/Rez_K#KalteSuppe\" rel= \"tag\">KalteSuppe<\/a>, <a class= \"techtag\" href= \"https:\/\/www.wassersch.eu\/Rezepte\/Index\/Rez_S#Suppe\" rel= \"tag\">Suppe<\/a>, <a class= \"techtag\" href= \"https:\/\/www.wassersch.eu\/Rezepte\/Index\/Rez_S#Spanien\" rel= \"tag\">Spanien<\/a><\/span> <\/div>\n","protected":false},"excerpt":{"rendered":"<p>In den letzten Tagen hatten wir bei dieser Hitze einfach keine Lust auf etwas Warmes zum Mittagessen. Da kam mir das Rezept von Michael von Salzig, S\u00fc\u00df und Lecker gerade recht, denn es erweitert meine kleine &#8222;Sammlung kalter Suppen&#8220; um eine gelbe Variante. Auf diesen Blog wurde ich durch Volkers Event &#8222;Koch mein Rezept&#8220; aufmerksam, &hellip; <a href=\"https:\/\/wassersch.eu\/corumblog\/2023\/07\/kalte-mais-suppe-oder-auch-mais-gazpacho\/\" class=\"more-link\"><span class=\"screen-reader-text\">\u201eKalte Mais-Suppe oder auch Mais-Gazpacho\u201c<\/span> weiterlesen<\/a><\/p>\n","protected":false},"author":1,"featured_media":0,"comment_status":"open","ping_status":"open","sticky":false,"template":"","format":"standard","meta":{"jetpack_post_was_ever_published":false,"_jetpack_newsletter_access":"","_jetpack_dont_email_post_to_subs":false,"_jetpack_newsletter_tier_id":0,"_jetpack_memberships_contains_paywalled_content":false,"_jetpack_memberships_contains_paid_content":false,"footnotes":"","jetpack_publicize_message":"Kalte Mais-Suppe oder auch Mais-Gazpacho","jetpack_publicize_feature_enabled":true,"jetpack_social_post_already_shared":true,"jetpack_social_options":{"image_generator_settings":{"template":"highway","default_image_id":0,"font":"","enabled":false},"version":2}},"categories":[2,545],"tags":[636,187],"class_list":["post-6353","post","type-post","status-publish","format-standard","hentry","category-kochen-backen-und-geniessen","category-suppe-eintopf-curry","tag-kalte-suppe","tag-suppe"],"jetpack_publicize_connections":[],"jetpack_featured_media_url":"","jetpack_sharing_enabled":true,"jetpack_shortlink":"https:\/\/wp.me\/p923CK-1Et","jetpack-related-posts":[],"_links":{"self":[{"href":"https:\/\/wassersch.eu\/corumblog\/wp-json\/wp\/v2\/posts\/6353","targetHints":{"allow":["GET"]}}],"collection":[{"href":"https:\/\/wassersch.eu\/corumblog\/wp-json\/wp\/v2\/posts"}],"about":[{"href":"https:\/\/wassersch.eu\/corumblog\/wp-json\/wp\/v2\/types\/post"}],"author":[{"embeddable":true,"href":"https:\/\/wassersch.eu\/corumblog\/wp-json\/wp\/v2\/users\/1"}],"replies":[{"embeddable":true,"href":"https:\/\/wassersch.eu\/corumblog\/wp-json\/wp\/v2\/comments?post=6353"}],"version-history":[{"count":10,"href":"https:\/\/wassersch.eu\/corumblog\/wp-json\/wp\/v2\/posts\/6353\/revisions"}],"predecessor-version":[{"id":6368,"href":"https:\/\/wassersch.eu\/corumblog\/wp-json\/wp\/v2\/posts\/6353\/revisions\/6368"}],"wp:attachment":[{"href":"https:\/\/wassersch.eu\/corumblog\/wp-json\/wp\/v2\/media?parent=6353"}],"wp:term":[{"taxonomy":"category","embeddable":true,"href":"https:\/\/wassersch.eu\/corumblog\/wp-json\/wp\/v2\/categories?post=6353"},{"taxonomy":"post_tag","embeddable":true,"href":"https:\/\/wassersch.eu\/corumblog\/wp-json\/wp\/v2\/tags?post=6353"}],"curies":[{"name":"wp","href":"https:\/\/api.w.org\/{rel}","templated":true}]}}