{"id":618,"date":"2010-10-06T11:16:00","date_gmt":"2010-10-06T09:16:00","guid":{"rendered":"http:\/\/wassersch.eu\/corumblog\/gefuellter-kuerbis-mit-couscous-8376659\/"},"modified":"2010-10-06T11:16:00","modified_gmt":"2010-10-06T09:16:00","slug":"gefuellter-kuerbis-mit-couscous-8376659","status":"publish","type":"post","link":"https:\/\/wassersch.eu\/corumblog\/2010\/10\/gefuellter-kuerbis-mit-couscous-8376659\/","title":{"rendered":"Herbstlicher Backofen &#8230;"},"content":{"rendered":"<p>Wie schon <a href=\"http:\/\/corum.twoday.net\/stories\/8376642\/\">hier<\/a> erw\u00e4hnt, waren wir am Sonntag von dem sch\u00f6nen Wetter doch etwas \u00fcberrascht worden. Aufgrund der vorherigen Herbststimmung und der vielen sch\u00f6nen K\u00fcrbis-Rezepte, die P\u00e4m in den letzten zwei Wochen bei <a href=\"http:\/\/mestolo.com\" target=\"_blank\">Mestolo<\/a> vorgestellt hat, sollte es auch bei uns K\u00fcrbis geben. Da ich mich nicht f\u00fcr ein Rezept entscheiden konnte, habe ich mich dann eben mehrer bedient. <img decoding=\"async\" src=\"http:\/\/www.wassersch.eu\/Blog\/Blog\/SmileyGrin.gif\" alt=\"SmileyGrin.gif\" \/><\/p>\n<p align=\"center\"><img decoding=\"async\" src=\"http:\/\/www.wassersch.eu\/Blog\/Rez\/KuerbisGefuelltMitCouscous.jpg\" alt=\"KuerbisGefuelltMitCouscous.jpg\" title=\"Hokkaido-K\u00fcrbis, mit Couscous gef\u00fcllt\" style=\"max-width: 350px; min-width: 0px;\" \/><\/p>\n<p><\/p>\n<h3>Hokkaido-K\u00fcrbis, mit Couscous gef\u00fcllt<\/h3>\n<table border=\"0\">\n<tr>\n<td width=\"150\" align=\"left\">Quellenangabe: <\/td>\n<td>Nach <a href=\"http:\/\/mestolo.com\/2010\/09\/29\/geroesteter-butternut-kuerbis-mit-ziegenkaese\/\" target=\"_blank\">ein<\/a> oder <a href=\"http:\/\/mestolo.com\/2010\/09\/30\/kurbiswoche-couscous-mit-hokkaido-und-aprikosen\/\" target=\"_blank\">zwei<\/a> Ideen von <a href=\"http:\/\/mestolo.com\" target=\"_blank\">Mestolo<\/a><br \/>03.10.2010 von Sus<\/td>\n<\/tr>\n<tr>\n<td width=\"150\" align=\"left\">Kategorien: <\/td>\n<td>K\u00fcrbis, Couscous<\/td>\n<\/tr>\n<tr>\n<td width=\"150\" align=\"left\">Mengenangaben f&uuml;r: <\/td>\n<td>4-6 Portionen<\/td>\n<\/tr>\n<\/table>\n<h4>Zutaten:<\/h4>\n<table>\n<tr>\n<td width=\"50\" align=\"right\">1<\/td>\n<td width=\"100\"><\/td>\n<td>Kleiner Hokkaido-K\u00fcrbis<\/td>\n<\/tr>\n<tr>\n<td width=\"50\" align=\"right\">1<\/td>\n<td width=\"100\">E\u00dfl\u00f6ffel<\/td>\n<td>Oliven\u00f6l<\/td>\n<\/tr>\n<tr>\n<td width=\"50\" align=\"right\">4<\/td>\n<td width=\"100\"><\/td>\n<td>Rote Spitzpaprika<\/td>\n<\/tr>\n<tr>\n<td width=\"50\" align=\"right\">1<\/td>\n<td width=\"100\"><\/td>\n<td>Rote Peperoni (scharf)<\/td>\n<\/tr>\n<tr>\n<td width=\"50\" align=\"right\">2<\/td>\n<td width=\"100\"><\/td>\n<td>Zwiebeln<\/td>\n<\/tr>\n<tr>\n<td width=\"50\" align=\"right\">1<\/td>\n<td width=\"100\">Zehe<\/td>\n<td>Knoblauch (*)<\/td>\n<\/tr>\n<tr>\n<td width=\"50\" align=\"right\">5-7<\/td>\n<td width=\"100\">Stengel<\/td>\n<td>Glatte Petersilie<\/td>\n<\/tr>\n<tr>\n<td width=\"50\" align=\"right\">3-4<\/td>\n<td width=\"100\">Stengel<\/td>\n<td>Minze<\/td>\n<\/tr>\n<tr>\n<td width=\"50\" align=\"right\">8<\/td>\n<td width=\"100\"><\/td>\n<td>Getrocknete Aprikosen<\/td>\n<\/tr>\n<tr>\n<td width=\"50\" align=\"right\">1<\/td>\n<td width=\"100\">Tasse<\/td>\n<td>Instant-Couscous (\u00e0 150 g)<\/td>\n<\/tr>\n<tr>\n<td width=\"50\" align=\"right\">1<\/td>\n<td width=\"100\">Tasse<\/td>\n<td>Wasser oder Gem\u00fcsebr\u00fche<\/td>\n<\/tr>\n<tr>\n<td width=\"50\" align=\"right\">1<\/td>\n<td width=\"100\">E\u00dfl\u00f6ffel<\/td>\n<td>Butter<\/td>\n<\/tr>\n<tr>\n<td width=\"50\" align=\"right\"><\/td>\n<td width=\"100\"><\/td>\n<td>Salz, Pfeffer<\/td>\n<\/tr>\n<tr>\n<td width=\"50\" align=\"right\">4<\/td>\n<td width=\"100\">Stengel<\/td>\n<td>Frischer Thymian<\/td>\n<\/tr>\n<tr>\n<td width=\"50\" align=\"right\"><\/td>\n<td width=\"100\"><\/td>\n<td>Shoarma-Gew\u00fcrzmischung<\/td>\n<\/tr>\n<tr>\n<td width=\"50\" align=\"right\">1<\/td>\n<td width=\"100\"><\/td>\n<td>Zitrone (unbehandelt), Saft und Schale<\/td>\n<\/tr>\n<tr>\n<td width=\"50\" align=\"right\"><\/td>\n<td width=\"100\"><\/td>\n<td>Cayennepfeffer<\/td>\n<\/tr>\n<\/table>\n<p><H4>Zubereitung:<\/H4><br \/>\nK\u00fcrbis waschen, den Deckel abschneiden und mit einem L\u00f6ffel die Kerne aus den K\u00fcrbis herausholen. Aus Oliven\u00f6l, Salz, Pfeffer, Knoblauch und etwas Thymian eine Art Marinade herstellen und den K\u00fcrbis damit von innen einpinseln, den Deckel auch. Beides f\u00fcr ca. 15-20 Minuten in den Backofen (200\u00b0C) legen, bis der K\u00fcrbis anf\u00e4ngt, weich zu werden.<\/p>\n<p>Zwischenzeitlich die Zwiebeln sch\u00e4len und grob zerkleinern; Paprika und Peperoni putzen und in St\u00fccke schneiden; Petersilien- und Minzebl\u00e4tter putzen und grob hacken. Aprikosen in warmem Wasser einweichen, abtropfen lassen und in Streifen schneiden.<\/p>\n<p>Zwiebeln, Paprika und Peperoni in einer Pfanne mit etwas \u00d6l kr\u00e4ftig anbraten.<\/p>\n<p>Couscous nach Anleitung kochen (Wasser bzw. Br\u00fche zum Kochen bringen, vom Herd nehmen, Couscous hineinr\u00fchren, mit Salz, Pfeffer, Shoarma-Gew\u00fcrz w\u00fcrzen, ziehen lassen, Butter dazugeben) und Zwiebeln-Paprika-Mischung mit den Aprikosen, Petersilie, Minze, restlichem Thymian unterr\u00fchren, dabei auch die Bratfl\u00fcssigkeit verwenden. Mit Gew\u00fcrzen, Cayennepfeffer und Zitrone abschmecken.<\/p>\n<p>Den K\u00fcrbis mit der Couscousmasse f\u00fcllen, den Rest in eine Auflaufform geben und den K\u00fcrbis mit Deckel daraufsetzen. Im Backofen noch f\u00fcr 5-10 Minuten bei ca. 100 \u00b0C weiterbacken.<br \/>\n<H4>Anmerkung:<\/H4><br \/>\n(*) Da dieser K\u00fcrbis die Begleitung zum <a href=\"http:\/\/corum.twoday.net\/stories\/8376642\/\">H\u00e4hnchen<\/a> war, welches mit 5 gro\u00dfen Knoblauchzehen schon reichlich best\u00fcckt war, habe ich den Knoblauch hier weggelassen.<\/p>\n<hr \/>\n<div class= \"snap_nopreview\" align= \"right\"><font size= \"1\">Tags: <a class= \"techtag\" href= \"http:\/\/www.wassersch.eu\/Rezepte\/Index\/RezeptIndex.html\" rel= \"tag\">Rezept<\/a>, <a class= \"techtag\" href= \"http:\/\/www.wassersch.eu\/Rezepte\/Index\/Rez_K#Kuerbis\" rel= \"tag\">K\u00fcrbis<\/a>, <a class= \"techtag\" href= \"http:\/\/www.wassersch.eu\/Rezepte\/Index\/Rez_C#Couscous\" rel= \"tag\">Couscous<\/a>, <a  class= \"techtag\" href= \"http:\/\/www.wassersch.eu\/Rezepte\/Index\/Rez_B#Backofen\" rel= \"tag\">Backofen<\/a><\/font> <\/div>\n","protected":false},"excerpt":{"rendered":"<p>Wie schon hier erw\u00e4hnt, waren wir am Sonntag von dem sch\u00f6nen Wetter doch etwas \u00fcberrascht worden. Aufgrund der vorherigen Herbststimmung und der vielen sch\u00f6nen K\u00fcrbis-Rezepte, die P\u00e4m in den letzten zwei Wochen bei Mestolo vorgestellt hat, sollte es auch bei uns K\u00fcrbis geben. Da ich mich nicht f\u00fcr ein Rezept entscheiden konnte, habe ich mich &hellip; <a href=\"https:\/\/wassersch.eu\/corumblog\/2010\/10\/gefuellter-kuerbis-mit-couscous-8376659\/\" class=\"more-link\"><span class=\"screen-reader-text\">\u201eHerbstlicher Backofen &#8230;\u201c<\/span> weiterlesen<\/a><\/p>\n","protected":false},"author":1,"featured_media":0,"comment_status":"open","ping_status":"open","sticky":false,"template":"","format":"standard","meta":{"jetpack_post_was_ever_published":false,"_jetpack_newsletter_access":"","_jetpack_dont_email_post_to_subs":false,"_jetpack_newsletter_tier_id":0,"_jetpack_memberships_contains_paywalled_content":false,"_jetpack_memberships_contains_paid_content":false,"footnotes":"","jetpack_publicize_message":"","jetpack_publicize_feature_enabled":true,"jetpack_social_post_already_shared":false,"jetpack_social_options":{"image_generator_settings":{"template":"highway","default_image_id":0,"font":"","enabled":false},"version":2}},"categories":[2],"tags":[],"class_list":["post-618","post","type-post","status-publish","format-standard","hentry","category-kochen-backen-und-geniessen"],"jetpack_publicize_connections":[],"jetpack_featured_media_url":"","jetpack_sharing_enabled":true,"jetpack_shortlink":"https:\/\/wp.me\/p923CK-9Y","jetpack-related-posts":[],"_links":{"self":[{"href":"https:\/\/wassersch.eu\/corumblog\/wp-json\/wp\/v2\/posts\/618","targetHints":{"allow":["GET"]}}],"collection":[{"href":"https:\/\/wassersch.eu\/corumblog\/wp-json\/wp\/v2\/posts"}],"about":[{"href":"https:\/\/wassersch.eu\/corumblog\/wp-json\/wp\/v2\/types\/post"}],"author":[{"embeddable":true,"href":"https:\/\/wassersch.eu\/corumblog\/wp-json\/wp\/v2\/users\/1"}],"replies":[{"embeddable":true,"href":"https:\/\/wassersch.eu\/corumblog\/wp-json\/wp\/v2\/comments?post=618"}],"version-history":[{"count":0,"href":"https:\/\/wassersch.eu\/corumblog\/wp-json\/wp\/v2\/posts\/618\/revisions"}],"wp:attachment":[{"href":"https:\/\/wassersch.eu\/corumblog\/wp-json\/wp\/v2\/media?parent=618"}],"wp:term":[{"taxonomy":"category","embeddable":true,"href":"https:\/\/wassersch.eu\/corumblog\/wp-json\/wp\/v2\/categories?post=618"},{"taxonomy":"post_tag","embeddable":true,"href":"https:\/\/wassersch.eu\/corumblog\/wp-json\/wp\/v2\/tags?post=618"}],"curies":[{"name":"wp","href":"https:\/\/api.w.org\/{rel}","templated":true}]}}