{"id":5917,"date":"2022-12-15T08:44:22","date_gmt":"2022-12-15T07:44:22","guid":{"rendered":"http:\/\/wassersch.eu\/corumblog\/?p=5917"},"modified":"2023-02-15T09:48:09","modified_gmt":"2023-02-15T08:48:09","slug":"weihnachtsplaetzchen-2022","status":"publish","type":"post","link":"https:\/\/wassersch.eu\/corumblog\/2022\/12\/weihnachtsplaetzchen-2022\/","title":{"rendered":"Weihnachtspl\u00e4tzchen 2022"},"content":{"rendered":"<p>Huch, CorumBlog hat heute Geburtstag! Und zwar tats\u00e4chlich schon den Siebzehnten! <\/p>\n<p>Deshalb zeige ich Euch heute v\u00f6llig zusammenhanglos den diesj\u00e4hrigen Pl\u00e4tzchenteller:<\/p>\n<p><img src= \"https:\/\/www.wassersch.eu\/Blog\/Rez\/2022\/Weihnachtsplaetzchen2022.jpg\" alt= \"Weihnachtsplaetzchen2022.jpg\" title= \"Weihnachtspl\u00e4tzchen 2022\" class=\"center\"\/><\/p>\n<p>Von oben im Uhrzeigersinn:<\/p>\n<li>Stollen-Cantucchini<\/li>\n<li>Schoko-K\u00f6pfchen bzw. Marshmallow-Pl\u00e4tzchen<\/li>\n<li>PB&#038;J Pl\u00e4tzchen<\/li>\n<li>Mohnpl\u00e4tzchen mit Meyer Lemon Curd<\/li>\n<li>Anis-Butter-Pl\u00e4tzchen<\/li>\n<li>Lakritz-Cantucchini<\/li>\n<li>Bremer Brot<\/li>\n<li><a href=\"https:\/\/wassersch.eu\/corumblog\/2011\/12\/vanillekipferl\/\">Vanillekipferl<\/a><\/li>\n<li><a href=\"https:\/\/wassersch.eu\/corumblog\/2007\/12\/quittenpaste\/\">Quittenpaste<\/a><\/li>\n<li>Elisenlebkuchen vom Blech<\/li>\n<li><a href=\"https:\/\/wassersch.eu\/corumblog\/2022\/12\/rumkugeln-reloaded\/\">Rumkugeln<\/a><\/li>\n<li> Nicht im Bild: Spitzbuben mit Yuzu<\/li>\n<p>&nbsp;<br \/>\nWie immer, werden die noch fehlenden Rezepte (vielleicht) nach und nach vorgestellt und verlinkt.<\/p>\n<hr\/>\n<div align=\"right\"><font size=\"0.625rem\">Index: <a class=\"techtag\" href=\"https:\/\/www.wassersch.eu\/Rezepte\/Index\/Rez_B#BackenSuess\" rel=\"tag\">Backen<\/a>, <a class=\"techtag\" href=\"https:\/\/www.wassersch.eu\/Rezepte\/Index\/Rez_P#Plaetzchen\" rel=\"tag\">Pl\u00e4tzchen<\/a>, <a class=\"techtag\" href=\"https:\/\/www.wassersch.eu\/Rezepte\/Index\/Rez_W#Weihnachten\" rel=\"tag\">Weihnachten<\/a>, <a class=\"techtag\" href=\"https:\/\/www.wassersch.eu\/Rezepte\/Index\/Rez_A#Advent\" rel=\"tag\">Advent<\/a><\/font><\/div>\n","protected":false},"excerpt":{"rendered":"<p>Huch, CorumBlog hat heute Geburtstag! Und zwar tats\u00e4chlich schon den Siebzehnten! Deshalb zeige ich Euch heute v\u00f6llig zusammenhanglos den diesj\u00e4hrigen Pl\u00e4tzchenteller: Von oben im Uhrzeigersinn: Stollen-Cantucchini Schoko-K\u00f6pfchen bzw. Marshmallow-Pl\u00e4tzchen PB&#038;J Pl\u00e4tzchen Mohnpl\u00e4tzchen mit Meyer Lemon Curd Anis-Butter-Pl\u00e4tzchen Lakritz-Cantucchini Bremer Brot Vanillekipferl Quittenpaste Elisenlebkuchen vom Blech Rumkugeln Nicht im Bild: Spitzbuben mit Yuzu &nbsp; Wie immer, &hellip; <a href=\"https:\/\/wassersch.eu\/corumblog\/2022\/12\/weihnachtsplaetzchen-2022\/\" class=\"more-link\"><span class=\"screen-reader-text\">\u201eWeihnachtspl\u00e4tzchen 2022\u201c<\/span> weiterlesen<\/a><\/p>\n","protected":false},"author":1,"featured_media":0,"comment_status":"open","ping_status":"open","sticky":false,"template":"","format":"standard","meta":{"jetpack_post_was_ever_published":false,"_jetpack_newsletter_access":"","_jetpack_dont_email_post_to_subs":false,"_jetpack_newsletter_tier_id":0,"_jetpack_memberships_contains_paywalled_content":false,"_jetpack_memberships_contains_paid_content":false,"footnotes":"","jetpack_publicize_message":"Weihnachtspl\u00e4tzchen 2022","jetpack_publicize_feature_enabled":true,"jetpack_social_post_already_shared":true,"jetpack_social_options":{"image_generator_settings":{"template":"highway","default_image_id":0,"font":"","enabled":false},"version":2}},"categories":[514,2,544],"tags":[150,32,33,53],"class_list":["post-5917","post","type-post","status-publish","format-standard","hentry","category-advent","category-kochen-backen-und-geniessen","category-plaetzchen-backen-suess","tag-advent","tag-backensuess","tag-plaetzchen","tag-weihnachten"],"jetpack_publicize_connections":[],"jetpack_featured_media_url":"","jetpack_sharing_enabled":true,"jetpack_shortlink":"https:\/\/wp.me\/p923CK-1xr","jetpack-related-posts":[],"_links":{"self":[{"href":"https:\/\/wassersch.eu\/corumblog\/wp-json\/wp\/v2\/posts\/5917","targetHints":{"allow":["GET"]}}],"collection":[{"href":"https:\/\/wassersch.eu\/corumblog\/wp-json\/wp\/v2\/posts"}],"about":[{"href":"https:\/\/wassersch.eu\/corumblog\/wp-json\/wp\/v2\/types\/post"}],"author":[{"embeddable":true,"href":"https:\/\/wassersch.eu\/corumblog\/wp-json\/wp\/v2\/users\/1"}],"replies":[{"embeddable":true,"href":"https:\/\/wassersch.eu\/corumblog\/wp-json\/wp\/v2\/comments?post=5917"}],"version-history":[{"count":10,"href":"https:\/\/wassersch.eu\/corumblog\/wp-json\/wp\/v2\/posts\/5917\/revisions"}],"predecessor-version":[{"id":6025,"href":"https:\/\/wassersch.eu\/corumblog\/wp-json\/wp\/v2\/posts\/5917\/revisions\/6025"}],"wp:attachment":[{"href":"https:\/\/wassersch.eu\/corumblog\/wp-json\/wp\/v2\/media?parent=5917"}],"wp:term":[{"taxonomy":"category","embeddable":true,"href":"https:\/\/wassersch.eu\/corumblog\/wp-json\/wp\/v2\/categories?post=5917"},{"taxonomy":"post_tag","embeddable":true,"href":"https:\/\/wassersch.eu\/corumblog\/wp-json\/wp\/v2\/tags?post=5917"}],"curies":[{"name":"wp","href":"https:\/\/api.w.org\/{rel}","templated":true}]}}