{"id":583,"date":"2011-01-05T21:20:00","date_gmt":"2011-01-05T20:20:00","guid":{"rendered":"http:\/\/wassersch.eu\/corumblog\/kartoffel-speck-baguettes-11558338\/"},"modified":"2011-01-05T21:20:00","modified_gmt":"2011-01-05T20:20:00","slug":"kartoffel-speck-baguettes-11558338","status":"publish","type":"post","link":"https:\/\/wassersch.eu\/corumblog\/2011\/01\/kartoffel-speck-baguettes-11558338\/","title":{"rendered":"Ihr kommt hier nicht rein &#8230;"},"content":{"rendered":"<p><a href=\"http:\/\/kochtopf.me\/stories\/blog-event-gute-vorsaetze-fuer-das-neue-jahr\" title=\"Blog-Event LXIII - Gute Vors\u00e4tze f\u00fcr das Neue Jahr (Einsendeschluss 15. Januar 2011)\"><img loading=\"lazy\" decoding=\"async\" src=\"http:\/\/farm6.static.flickr.com\/5285\/5263202148_fc4944a53c.jpg\" width=\"500\" height=\"112\" alt=\"Blog-Event LXIII - Gute Vors\u00e4tze f\u00fcr das Neue Jahr (Einsendeschluss 15. Januar 2011)\" \/><\/a><\/p>\n<p>Die Zeit zwischen den Jahren ist eine Zeit der Besinnung, des Kr\u00e4fte-Sammelns, &#8230; und des Speisekammer-Aufr\u00e4umens.<\/p>\n<p>Es ist doch immer wieder erstaunlich, da\u00df die Konservendosen, die ich doch erst letztes Jahr gekauft haben kann, ein Verfallsdatum vom 30.11.2009 tragen. Wahrscheinlich war der Inhalt auch noch e\u00dfbar, aber da bin ich dann doch lieber vorsichtig. Und so landete einiges in der M\u00fclltonne (als brave Deutsche nat\u00fcrlich getrennt nach Gr\u00fcnm\u00fcll, Papier, Restm\u00fcll und gr\u00fcnem Punkt&#8230;)<\/p>\n<p>Kurz darauf flatterte mir <a href=\"http:\/\/nutriculinary.com\/2011\/01\/04\/film-frisch-auf-den-mull-uber-die-globale-lebensmittelverschwendung\/\" target= \"_blank\">dieser Artikel<\/a> von Stevan von <a href=\"http:\/\/nutriculinary.com\/\" target= \"_blank\">Nutriculinary<\/a> in den Feedreader und ich habe mir den dort verlinkten Film ebenfalls angesehen. Darin wurde der folgende Satz gesagt:<\/p>\n<p><cite>&#8222;Wir kaufen nicht Dinge ein, die wir unbedingt brauchen, sondern wir kaufen Dinge ein, die wir irgendwann mal optional mal brauchen k\u00f6nnten, d.h. wir r\u00fcsten uns aus mit ungeheuren Sinnoptionen. Wir versuchen, f\u00fcr jede Stimmungs- und Lebenslage ger\u00fcstet zu sein. Darum kaufen wir letztendlich immer zuviel.&#8220;<\/cite><br \/>\nDa habe ich mich doch irgendwie ein bi\u00dfchen wiedererkannt.<\/p>\n<p>Deshalb kam ich, inspiriert durch das aktuelle <a href=\"http:\/\/www.kochtopf.me\/stories\/blog-event-gute-vorsaetze-fuer-das-neue-jahr\" target= \"_blank\">Event<\/a> im <a href=\"http:\/\/www.kochtopf.me\" target= \"_blank\">Kochtopf<\/a> von Juliane von <a href=\"http:\/\/schoenertagnoch.blogspot.com\/\" target= \"_blank\">Sch\u00f6ner Tag noch<\/a>, zu dem folgenden guten Vorsatz:<\/p>\n<p align= \"center\"><b>Ich will meine Vorratshaltung einschr\u00e4nken.<\/b><\/p>\n<p>Ich komme sowieso fast jeden zweiten Tag an einem Supermarkt vorbei, der n\u00e4chste Krieg ist hoffentlich <strike>erst in 7235687789 Jahren<\/strike> nie, mindestens ein Supermarkt im Nachbarort hat bis 24 Uhr ge\u00f6ffnet, wir sind nur zu zweit und in unserer Stra\u00dfe ist eine Pizzeria. Warum also noch gro\u00dfartige Vorratshaltung?<\/p>\n<p>Und damit ich die leicht gummiartigen Kartoffeln nicht auch noch wegschmei\u00dfen musste, habe ich ganz schnell die folgenden Baguettes gebacken: <\/p>\n<h3>Kartoffel-Speck-Baguettes<\/h3>\n<p><\/p>\n<p><img decoding=\"async\" src=\"http:\/\/www.wassersch.eu\/Blog\/Rez\/KartoffelSpeckBaguettes.jpg\" alt=\"KartoffelSpeckBaguettes.jpg\" title=\"Kartoffel-Speck-Baguettes\" \/><\/p>\n<table>\n<tr>\n<td width=\"150\" align=\"left\">Quellenangabe: <\/td>\n<td>Meine Familie&#038;ich 01\/2011<br \/>Erfa\u00dft 05.01.2011 von Sus<\/td>\n<\/tr>\n<tr>\n<td width=\"150\" align=\"left\">Kategorien: <\/td>\n<td>Brot, Kartoffel, Speck<\/td>\n<\/tr>\n<tr>\n<td width=\"150\" align=\"left\">Mengenangaben f&uuml;r: <\/td>\n<td>3 St&uuml;ck<\/td>\n<\/tr>\n<\/table>\n<h4>Zutaten:<\/h4>\n<table>\n<tr>\n<td width=\"50\" align=\"right\">300<\/td>\n<td width=\"100\">Gramm<\/td>\n<td>Kartoffeln (mehligkochend)<\/td>\n<\/tr>\n<tr>\n<td width=\"50\" align=\"right\"><\/td>\n<td width=\"100\"><\/td>\n<td>Salz<\/td>\n<\/tr>\n<tr>\n<td width=\"50\" align=\"right\">1<\/td>\n<td width=\"100\"><\/td>\n<td>Stange Lauch<\/td>\n<\/tr>\n<tr>\n<td width=\"50\" align=\"right\">100<\/td>\n<td width=\"100\">Gramm<\/td>\n<td>Durchwachsener Speck in&nbsp;&nbsp;Scheiben (etwa 5 mm dick)<\/td>\n<\/tr>\n<tr>\n<td width=\"50\" align=\"right\">2<\/td>\n<td width=\"100\">Essl&ouml;ffel<\/td>\n<td>&Ouml;l zum Braten<\/td>\n<\/tr>\n<tr>\n<td width=\"50\" align=\"right\">250<\/td>\n<td width=\"100\">Gramm<\/td>\n<td>Weizenmehl<\/td>\n<\/tr>\n<tr>\n<td width=\"50\" align=\"right\">250<\/td>\n<td width=\"100\">Gramm<\/td>\n<td>Roggenvollkornmehl<\/td>\n<\/tr>\n<tr>\n<td width=\"50\" align=\"right\"><\/td>\n<td width=\"100\"><\/td>\n<td>Mehl zum Arbeiten<\/td>\n<\/tr>\n<tr>\n<td width=\"50\" align=\"right\">2<\/td>\n<td width=\"100\">Teel&ouml;ffel<\/td>\n<td>Salz<\/td>\n<\/tr>\n<tr>\n<td width=\"50\" align=\"right\">1<\/td>\n<td width=\"100\">Teel&ouml;ffel<\/td>\n<td>K&uuml;mmelsamen<\/td>\n<\/tr>\n<tr>\n<td width=\"50\" align=\"right\">1<\/td>\n<td width=\"100\"><\/td>\n<td>W&uuml;rfel Frische Hefe (\u00e0 42g)<\/td>\n<\/tr>\n<\/table>\n<p><H4>Zubereitung:<\/H4><br \/>\n1. Kartoffeln sch&auml;len, waschen, grob w&uuml;rfeln. In 400 ml Salzwasser 20 Minuten kochen. Kartoffeln im Kochwasser zerstampfen. Lauwarm abk&uuml;hlen lassen.<\/p>\n<p>2. Inzwischen Lauch putzen, waschen und fein w&uuml;rfeln. Speck ebenfalls w&uuml;rfeln. Speck in einer Pfanne in hei&szlig;em &Ouml;l ausbraten. Lauch hinzuf&uuml;gen und kurz mitd&uuml;nsten. Mischung abk&uuml;hlen lassen.<\/p>\n<p>3. Die Mehlsorten mit Salz und K&uuml;mmel mischen. Zerbr&ouml;ckelte Hefe und die lauwarme Kartoffelmasse hinzuf&uuml;gen. Alles zu einem geschmeidigen Teig kneten. 60 Minuten zugedeckt an einem warmen Ort gehen lassen.<\/p>\n<p>4. Lauchmischung unter den Teig kneten. Teig in entsprechende Portionen teilen und jeweils auf bemehlter Fl&auml;che zu Baguettes rollen. Teiglinge schr&auml;g einschneiden. Mit Mehl best&auml;uben und noch mal 15-20 Minuten gehen lassen.<\/p>\n<p>5. Den Backofen auf 220 Grad (Umluft: 200 Grad) vorheizen. Je 3 Baguettes auf ein mit Backpapier belegtes Backblech setzen und 20-30 Minuten backen.<br \/>\n<H4>Anmerkung:<\/H4><br \/>\n&#8211; K&uuml;mmel habe ich weggelassen.<\/p>\n<hr \/>\n<div class=\"snap_nopreview\" align=\"right\"><font size=\"1\">Tags: <a class=\"techtag\" href=\"http:\/\/www.wassersch.eu\/Rezepte\/Index\/RezeptIndex.html\" rel=\"tag\">Rezept<\/a>, <a class=\"techtag\" href=\"http:\/\/www.wassersch.eu\/Rezepte\/Index\/Rez_B#Brot\" rel=\"tag\">Brot<\/a>, <a class=\"techtag\"  href=\"http:\/\/www.wassersch.eu\/Rezepte\/Index\/Rez_K#Kartoffel\" rel=\"tag\">Kartoffel<\/a>, <a class=\"techtag\" href=\"http:\/\/www.wassersch.eu\/Rezepte\/Index\/Rez_B#Blog-Event\" rel=\"tag\">Blog-Event<\/a><\/font> <\/div>\n","protected":false},"excerpt":{"rendered":"<p>Die Zeit zwischen den Jahren ist eine Zeit der Besinnung, des Kr\u00e4fte-Sammelns, &#8230; und des Speisekammer-Aufr\u00e4umens. Es ist doch immer wieder erstaunlich, da\u00df die Konservendosen, die ich doch erst letztes Jahr gekauft haben kann, ein Verfallsdatum vom 30.11.2009 tragen. Wahrscheinlich war der Inhalt auch noch e\u00dfbar, aber da bin ich dann doch lieber vorsichtig. Und &hellip; <a href=\"https:\/\/wassersch.eu\/corumblog\/2011\/01\/kartoffel-speck-baguettes-11558338\/\" class=\"more-link\"><span class=\"screen-reader-text\">\u201eIhr kommt hier nicht rein &#8230;\u201c<\/span> weiterlesen<\/a><\/p>\n","protected":false},"author":1,"featured_media":0,"comment_status":"open","ping_status":"open","sticky":false,"template":"","format":"standard","meta":{"jetpack_post_was_ever_published":false,"_jetpack_newsletter_access":"","_jetpack_dont_email_post_to_subs":false,"_jetpack_newsletter_tier_id":0,"_jetpack_memberships_contains_paywalled_content":false,"_jetpack_memberships_contains_paid_content":false,"footnotes":"","jetpack_publicize_message":"","jetpack_publicize_feature_enabled":true,"jetpack_social_post_already_shared":false,"jetpack_social_options":{"image_generator_settings":{"template":"highway","default_image_id":0,"font":"","enabled":false},"version":2}},"categories":[2],"tags":[],"class_list":["post-583","post","type-post","status-publish","format-standard","hentry","category-kochen-backen-und-geniessen"],"jetpack_publicize_connections":[],"jetpack_featured_media_url":"","jetpack_sharing_enabled":true,"jetpack_shortlink":"https:\/\/wp.me\/p923CK-9p","jetpack-related-posts":[],"_links":{"self":[{"href":"https:\/\/wassersch.eu\/corumblog\/wp-json\/wp\/v2\/posts\/583","targetHints":{"allow":["GET"]}}],"collection":[{"href":"https:\/\/wassersch.eu\/corumblog\/wp-json\/wp\/v2\/posts"}],"about":[{"href":"https:\/\/wassersch.eu\/corumblog\/wp-json\/wp\/v2\/types\/post"}],"author":[{"embeddable":true,"href":"https:\/\/wassersch.eu\/corumblog\/wp-json\/wp\/v2\/users\/1"}],"replies":[{"embeddable":true,"href":"https:\/\/wassersch.eu\/corumblog\/wp-json\/wp\/v2\/comments?post=583"}],"version-history":[{"count":0,"href":"https:\/\/wassersch.eu\/corumblog\/wp-json\/wp\/v2\/posts\/583\/revisions"}],"wp:attachment":[{"href":"https:\/\/wassersch.eu\/corumblog\/wp-json\/wp\/v2\/media?parent=583"}],"wp:term":[{"taxonomy":"category","embeddable":true,"href":"https:\/\/wassersch.eu\/corumblog\/wp-json\/wp\/v2\/categories?post=583"},{"taxonomy":"post_tag","embeddable":true,"href":"https:\/\/wassersch.eu\/corumblog\/wp-json\/wp\/v2\/tags?post=583"}],"curies":[{"name":"wp","href":"https:\/\/api.w.org\/{rel}","templated":true}]}}