{"id":523,"date":"2011-07-20T13:31:00","date_gmt":"2011-07-20T11:31:00","guid":{"rendered":"http:\/\/wassersch.eu\/corumblog\/kichererbsen-feta-salat-34633433\/"},"modified":"2011-07-20T13:31:00","modified_gmt":"2011-07-20T11:31:00","slug":"kichererbsen-feta-salat-34633433","status":"publish","type":"post","link":"https:\/\/wassersch.eu\/corumblog\/2011\/07\/kichererbsen-feta-salat-34633433\/","title":{"rendered":"Je schlechter &#8230;"},"content":{"rendered":"<p>&#8230; das Wetter, desto bunter der Salat!<\/p>\n<p>Heute morgen wusste ich mal wieder nicht, was ich heute mittag essen wollte. Das kam dann dabei heraus:<\/p>\n<p><img decoding=\"async\" src=\"http:\/\/www.wassersch.eu\/Blog\/Rez\/KichererbsenFetaSalat.jpg\" alt=\"KichererbsenFetaSalat.jpg\" title=\"Kichererbsen-Feta-Salat\" \/><\/p>\n<h3>Kichererbsen-Feta-Salat<\/h3>\n<table border=\"0\">\n<tr>\n<td width=\"150\" align=\"left\">Quellenangabe: <\/td>\n<td>20.07.2011 von Sus<\/td>\n<\/tr>\n<tr>\n<td width=\"150\" align=\"left\">Kategorien: <\/td>\n<td>Salat, Kichererbsen, Schafsk\u00e4se<\/td>\n<\/tr>\n<tr>\n<td width=\"150\" align=\"left\">Mengenangaben f&uuml;r: <\/td>\n<td>1 Portion<\/td>\n<\/tr>\n<\/table>\n<h4>Zutaten:<\/h4>\n<table>\n<tr>\n<td width=\"50\" align=\"right\">100<\/td>\n<td width=\"100\">g<\/td>\n<td>Kichererbsen (aus der Dose)<\/td>\n<\/tr>\n<tr>\n<td width=\"50\" align=\"right\">1<\/td>\n<td width=\"100\">kleine<\/td>\n<td>Zwiebel<\/td>\n<\/tr>\n<tr>\n<td width=\"50\" align=\"right\">1\/2<\/td>\n<td width=\"100\"><\/td>\n<td>Rote Paprika<\/td>\n<\/tr>\n<tr>\n<td width=\"50\" align=\"right\">1<\/td>\n<td width=\"100\"><\/td>\n<td>Wiener W\u00fcrstchen<\/td>\n<\/tr>\n<tr>\n<td width=\"50\" align=\"right\">50<\/td>\n<td width=\"100\">g<\/td>\n<td>Schafsk\u00e4se (Feta)<\/td>\n<\/tr>\n<tr>\n<td width=\"50\" align=\"right\">1<\/td>\n<td width=\"100\">Handvoll<\/td>\n<td>Rucola<\/td>\n<\/tr>\n<tr>\n<td width=\"50\" align=\"right\">1<\/td>\n<td width=\"100\">E\u00dfl\u00f6ffel<\/td>\n<td>Hanf\u00f6l<\/td>\n<\/tr>\n<tr>\n<td width=\"50\" align=\"right\">1-2<\/td>\n<td width=\"100\">E\u00dfl\u00f6ffel<\/td>\n<td>Wei\u00dfer Essig<\/td>\n<\/tr>\n<tr>\n<td width=\"50\" align=\"right\"><\/td>\n<td width=\"100\"><\/td>\n<td>Salz, Pfeffer<\/td>\n<\/tr>\n<tr>\n<td width=\"50\" align=\"right\">1<\/td>\n<td width=\"100\">Teel\u00f6ffel<\/td>\n<td>Zitronensaft<\/td>\n<\/tr>\n<\/table>\n<p><H4>Zubereitung:<\/H4><br \/>\nKichererbsen unter flie\u00dfend Wasser absp\u00fclen und abtropfen lassen. Zwiebel, Paprika und W\u00fcrstchen in kleine St\u00fcckchen schneiden. Zusammen mit dem Feta in eine Sch\u00fcssel geben und mit den Dressing-Zutaten mischen. Zum Schluss den gewaschenen und gerupften Rucola unterheben.<\/p>\n<hr \/>\n<div class=\"snap_nopreview\" align=\"right\"><font size=\"1\">Tags: <a class=\"techtag\" href=\"http:\/\/www.wassersch.eu\/Rezepte\/Index\/RezeptIndex.html\" rel=\"tag\">Rezept<\/a>, <a class=\"techtag\" href=\"http:\/\/www.wassersch.eu\/Rezepte\/Index\/Rez_S#Salat\" rel=\"tag\">Salat<\/a>, <a class=\"techtag\" href=\"http:\/\/www.wassersch.eu\/Rezepte\/Index\/Rez_K#Kichererbsen\" rel=\"tag\">Kichererbsen<\/a>, <a class=\"techtag\" href=\"http:\/\/www.wassersch.eu\/Rezepte\/Index\/Rez_K#Kaese\" rel=\"tag\">K\u00e4se<\/a>, <a class=\"techtag\" href=\"http:\/\/www.wassersch.eu\/Rezepte\/Index\/Rez_B#Buero\" rel=\"tag\">B\u00fcro<\/a><\/font> <\/div>\n","protected":false},"excerpt":{"rendered":"<p>&#8230; das Wetter, desto bunter der Salat! Heute morgen wusste ich mal wieder nicht, was ich heute mittag essen wollte. Das kam dann dabei heraus: Kichererbsen-Feta-Salat Quellenangabe: 20.07.2011 von Sus Kategorien: Salat, Kichererbsen, Schafsk\u00e4se Mengenangaben f&uuml;r: 1 Portion Zutaten: 100 g Kichererbsen (aus der Dose) 1 kleine Zwiebel 1\/2 Rote Paprika 1 Wiener W\u00fcrstchen 50 &hellip; <a href=\"https:\/\/wassersch.eu\/corumblog\/2011\/07\/kichererbsen-feta-salat-34633433\/\" class=\"more-link\"><span class=\"screen-reader-text\">\u201eJe schlechter &#8230;\u201c<\/span> weiterlesen<\/a><\/p>\n","protected":false},"author":1,"featured_media":0,"comment_status":"open","ping_status":"open","sticky":false,"template":"","format":"standard","meta":{"jetpack_post_was_ever_published":false,"_jetpack_newsletter_access":"","_jetpack_dont_email_post_to_subs":false,"_jetpack_newsletter_tier_id":0,"_jetpack_memberships_contains_paywalled_content":false,"_jetpack_memberships_contains_paid_content":false,"footnotes":"","jetpack_publicize_message":"","jetpack_publicize_feature_enabled":true,"jetpack_social_post_already_shared":false,"jetpack_social_options":{"image_generator_settings":{"template":"highway","default_image_id":0,"font":"","enabled":false},"version":2}},"categories":[2],"tags":[],"class_list":["post-523","post","type-post","status-publish","format-standard","hentry","category-kochen-backen-und-geniessen"],"jetpack_publicize_connections":[],"jetpack_featured_media_url":"","jetpack_sharing_enabled":true,"jetpack_shortlink":"https:\/\/wp.me\/p923CK-8r","jetpack-related-posts":[],"_links":{"self":[{"href":"https:\/\/wassersch.eu\/corumblog\/wp-json\/wp\/v2\/posts\/523","targetHints":{"allow":["GET"]}}],"collection":[{"href":"https:\/\/wassersch.eu\/corumblog\/wp-json\/wp\/v2\/posts"}],"about":[{"href":"https:\/\/wassersch.eu\/corumblog\/wp-json\/wp\/v2\/types\/post"}],"author":[{"embeddable":true,"href":"https:\/\/wassersch.eu\/corumblog\/wp-json\/wp\/v2\/users\/1"}],"replies":[{"embeddable":true,"href":"https:\/\/wassersch.eu\/corumblog\/wp-json\/wp\/v2\/comments?post=523"}],"version-history":[{"count":0,"href":"https:\/\/wassersch.eu\/corumblog\/wp-json\/wp\/v2\/posts\/523\/revisions"}],"wp:attachment":[{"href":"https:\/\/wassersch.eu\/corumblog\/wp-json\/wp\/v2\/media?parent=523"}],"wp:term":[{"taxonomy":"category","embeddable":true,"href":"https:\/\/wassersch.eu\/corumblog\/wp-json\/wp\/v2\/categories?post=523"},{"taxonomy":"post_tag","embeddable":true,"href":"https:\/\/wassersch.eu\/corumblog\/wp-json\/wp\/v2\/tags?post=523"}],"curies":[{"name":"wp","href":"https:\/\/api.w.org\/{rel}","templated":true}]}}