{"id":522,"date":"2011-07-25T13:56:00","date_gmt":"2011-07-25T11:56:00","guid":{"rendered":"http:\/\/wassersch.eu\/corumblog\/pfirsich-mandel-tarte-34640887\/"},"modified":"2011-07-25T13:56:00","modified_gmt":"2011-07-25T11:56:00","slug":"pfirsich-mandel-tarte-34640887","status":"publish","type":"post","link":"https:\/\/wassersch.eu\/corumblog\/2011\/07\/pfirsich-mandel-tarte-34640887\/","title":{"rendered":"Ich glaube, &#8230;"},"content":{"rendered":"<p><a href=\"http:\/\/gaertnerblog.de\/blog\/2011\/garten-koch-event-juli-pfirsich\/\" title=\"Garten-Koch-Event Juli 2011: Pfirsich [31.07.2011]\"><img loading=\"lazy\" decoding=\"async\" src=\"http:\/\/farm6.static.flickr.com\/5280\/5904351065_0e661dc011.jpg\" width=\"500\" height=\"140\" alt=\"Garten-Koch-Event Juli 2011: Pfirsich [31.07.2011]\" \/><\/a><\/p>\n<p>&#8230; ich brauche ein Diktierger\u00e4t &#8230; Kennt Ihr das: W\u00e4hrend des Backens und\/oder Kochens eines Rezepts fallen Euch schlaue Spr\u00fcche und witzige Anmerkungen ein, die unbedingt dazu gebloggt werden m\u00fcssen. Wenn dann aber das Rezept eingetippt ist, das Bild ordentlich hingefriemelt wurde, ja, dann sind alle h\u00fcbschen Textphrasen auf Nimmerwiederh\u00f6ren verschwunden. Gnmpf!<\/p>\n<p>Nun gut, dann eben ohne, schlie\u00dflich geht es ja auch um&#8217;s Essen, das ist eine ernste Sache, nix zum Witzchen dr\u00fcber machen. Jawoll!<\/p>\n<p>Das Rezept bei BBC hat mich angelacht und schlie\u00dflich steht ja noch ein Rezept f\u00fcr das <a href=\"http:\/\/gaertnerblog.de\/blog\/2011\/garten-koch-event-juli-pfirsich\" target= \"_blank\">Garten-Koch-Event &#8222;Pfirsich&#8220; <\/a> aus. (Es wird aber nicht das letzte sein!) <\/p>\n<p>Die Tarte ist von der Optik nicht ganz so gelungen wie das Original, schmeckt aber vorz\u00fcglich! <\/p>\n<h3>Pfirsich-Mandel-Tarte<\/h3>\n<p><img decoding=\"async\" src=\"http:\/\/www.wassersch.eu\/Blog\/Rez\/PfirsichMandelTarte2.jpg\" alt=\"PfirsichMandelTarte2.jpg\" title=\"Pfirsich-Mandel-Tarte\" \/><\/a><\/p>\n<table>\n<tr>\n<td width=\"150\" align=\"left\">Quellenangabe: <\/td>\n<td><a href=\"http:\/\/www.bbcgoodfood.com\/recipes\/599628\/peach-tart#\" target= \"_blank\">BBC Good Food<\/a><br \/>Erfa&szlig;t 24.07.2011 von Sus<\/td>\n<\/tr>\n<tr>\n<td width=\"150\" align=\"left\">Kategorien: <\/td>\n<td>Kuchen, Mandel, Pfirsich, M&uuml;rbeteig, Tarte<\/td>\n<\/tr>\n<tr>\n<td width=\"150\" align=\"left\">Mengenangaben f&uuml;r: <\/td>\n<td>8 Portionen<\/td>\n<\/tr>\n<\/table>\n<h4>Zutaten:<\/h4>\n<table>\n<tr>\n<td width=\"50\" align=\"right\"><\/td>\n<td width=\"100\"><\/td>\n<td><strong>Teig:<\/strong><\/td>\n<\/tr>\n<tr>\n<td width=\"50\" align=\"right\">280<\/td>\n<td width=\"100\">Gramm<\/td>\n<td>Mehl<\/td>\n<\/tr>\n<tr>\n<td width=\"50\" align=\"right\">230<\/td>\n<td width=\"100\">Gramm<\/td>\n<td>Weiche Butter<\/td>\n<\/tr>\n<tr>\n<td width=\"50\" align=\"right\">2<\/td>\n<td width=\"100\"><\/td>\n<td>Eigelb<\/td>\n<\/tr>\n<tr>\n<td width=\"50\" align=\"right\">120<\/td>\n<td width=\"100\">Gramm<\/td>\n<td>Puderzucker<\/td>\n<\/tr>\n<tr>\n<td width=\"50\" align=\"right\"><\/td>\n<td width=\"100\"><\/td>\n<td><strong>Mandelcreme:<\/strong><\/td>\n<\/tr>\n<tr>\n<td width=\"50\" align=\"right\">125<\/td>\n<td width=\"100\">Gramm<\/td>\n<td>Butter<\/td>\n<\/tr>\n<tr>\n<td width=\"50\" align=\"right\">125<\/td>\n<td width=\"100\">Gramm<\/td>\n<td>Brauner Rohrzucker<\/td>\n<\/tr>\n<tr>\n<td width=\"50\" align=\"right\">125<\/td>\n<td width=\"100\">Gramm<\/td>\n<td>Mandeln; gemahlen<\/td>\n<\/tr>\n<tr>\n<td width=\"50\" align=\"right\">20<\/td>\n<td width=\"100\"><\/td>\n<td>Amarettini<\/td>\n<\/tr>\n<tr>\n<td width=\"50\" align=\"right\">2<\/td>\n<td width=\"100\"><\/td>\n<td>Eier (bzw. 1 Ei und 2&nbsp;&nbsp;Eiwei&szlig;)<\/td>\n<\/tr>\n<tr>\n<td width=\"50\" align=\"right\"><\/td>\n<td width=\"100\"><\/td>\n<td><strong>Pfirsiche:<\/strong><\/td>\n<\/tr>\n<tr>\n<td width=\"50\" align=\"right\">250<\/td>\n<td width=\"100\">Milliliter<\/td>\n<td>Wasser<\/td>\n<\/tr>\n<tr>\n<td width=\"50\" align=\"right\">200<\/td>\n<td width=\"100\">Gramm<\/td>\n<td>Brauner Rohrzucker<\/td>\n<\/tr>\n<tr>\n<td width=\"50\" align=\"right\">1<\/td>\n<td width=\"100\"><\/td>\n<td>Vanilleschote; der L&auml;nge nach aufgeschnitten<\/td>\n<\/tr>\n<tr>\n<td width=\"50\" align=\"right\">8<\/td>\n<td width=\"100\"><\/td>\n<td>Pfirsiche<\/td>\n<\/tr>\n<tr>\n<td width=\"50\" align=\"right\"><\/td>\n<td width=\"100\"><\/td>\n<td><strong>Sonstiges:<\/strong><\/td>\n<\/tr>\n<tr>\n<td width=\"50\" align=\"right\"><\/td>\n<td width=\"100\"><\/td>\n<td>Aprikosenmarmelade<\/td>\n<\/tr>\n<tr>\n<td width=\"50\" align=\"right\"><\/td>\n<td width=\"100\"><\/td>\n<td>Mandelsplitter; ger&ouml;stet<\/td>\n<\/tr>\n<\/table>\n<p><H4>Zubereitung:<\/H4><br \/>\nF&uuml;r die Mandelpaste, die Butter mit dem Zucker cremig und hellgelb verr&uuml;hren. Nacheinander die Eier einarbeiten. Amarettini im M&ouml;rser zerreiben und mit den Mandeln unterr&uuml;hren. Im K&uuml;hlschrank gut 1 Stunde k&uuml;hlen, damit die Masse fest wird.<\/p>\n<p>F&uuml;r den Teig Mehl, Zucker und Salz mischen. Weiche Butter und Eigelb hinzuf&uuml;gen. Zu einem Teig verr&uuml;hren, diesen zu einer Rolle formen, in Frischhaltefolie wickeln und f&uuml;r 30 Minuten im K&uuml;hlschrank k&uuml;hlen.<\/p>\n<p>Backofen auf 190 \u00b0C\/Umluft 170\u00b0C\/Gas Stufe 5 vorheizen. Das Wasser erhitzen und Zucker und die Vanilleschote hineingeben. Zucker aufl&ouml;sen. Pfirsiche halbieren, entsteinen und mit der Schnittfl&auml;che nach unten in eine feuerfeste Sch&uuml;ssel legen. Mit dem Sirup begie&szlig;en. Zugedeckt im Backofen f&uuml;r 15-25 Minuten backen lassen, je nach Reife der Pfirsiche. Aus dem Ofen nehmen und in der Fl&uuml;ssigkeit abk&uuml;hlen lassen.<\/p>\n<p>Die gek&uuml;hlte Teigrolle in d&uuml;nne Scheiben schneiden und in einer 30-cm-Tarteform, mit Backpapierstreifen ausgelegt, verteilen, da&szlig; die R&auml;nder und der Boden gleichm&auml;&szlig;ig bedeckt sind. Zurechtdr&uuml;cken, bis alle L&ouml;cher geschlossen sind. F&uuml;r weitere 30 Minuten kaltstellen.<\/p>\n<p>Backofen auf 160 \u00b0C\/Umluft 140 \u00b0C\/Gas Stufe 3 herunterschalten. Die Pfirsiche in der Tarteform gleichm&auml;&szlig;ig verteilen. Die Mandelmasse entweder mit einem L&ouml;ffel oder einer Spritzt&uuml;lle um die Pfirsiche verteilen, da&szlig; die Fr&uuml;chte noch herausschauen.<\/p>\n<p>F&uuml;r 50-55 Minuten backen; die Mandelmasse sollte durch und sch&ouml;n goldbraun gef&auml;rbt sein.<\/p>\n<p>Eigentlich geh&ouml;ren noch Aprikosenmarmelade als Glasur und ger&ouml;stete Mandelsplitter dazu, da aber die Mandelmasse bei mir so gleichm&auml;&szlig;ig verlaufen ist, habe ich sie weggelassen.<\/p>\n<p>Au\u00dferdem war im Original im Sirup etwas Mandellik\u00f6r, aber keine Amarettini in der Mandelmasse.<\/p>\n<h4>Anmerkung:<\/h4>\n<p>Den Pfirsichsirup nicht wegsch&uuml;tten, dazu schmeckt er viel zu lecker! Mit kaltem Mineralwasser ein leckeres Sommergetr&auml;nk! <\/p>\n<hr \/>\n<div class= \"snap_nopreview\" align= \"right\"><font size= \"1\">Tags: <a class= \"techtag\" href=\"http:\/\/www.wassersch.eu\/Rezepte\/Index\/RezeptIndex.html\" rel= \"tag\">Rezept<\/a>, <a class= \"techtag\" href=\"http:\/\/www.wassersch.eu\/Rezepte\/Index\/Rez_K#Kuchen\" rel= \"tag\">Kuchen<\/a>, <a class= \"techtag\" href=\"http:\/\/www.wassersch.eu\/Rezepte\/Index\/Rez_T#Tarte\">Tarte<\/a>, <a class= \"techtag\" href=\"http:\/\/www.wassersch.eu\/Rezepte\/Index\/Rez_P#Pfirsich\" rel= \"tag\">Pfirsich<\/a>, Mandel, <a class= \"techtag\" href=\"http:\/\/www.wassersch.eu\/Rezepte\/Index\/Rez_B#Blog-Event\" rel= \"tag\">Blog-Event<\/a><\/font><\/div>\n","protected":false},"excerpt":{"rendered":"<p>&#8230; ich brauche ein Diktierger\u00e4t &#8230; Kennt Ihr das: W\u00e4hrend des Backens und\/oder Kochens eines Rezepts fallen Euch schlaue Spr\u00fcche und witzige Anmerkungen ein, die unbedingt dazu gebloggt werden m\u00fcssen. Wenn dann aber das Rezept eingetippt ist, das Bild ordentlich hingefriemelt wurde, ja, dann sind alle h\u00fcbschen Textphrasen auf Nimmerwiederh\u00f6ren verschwunden. Gnmpf! Nun gut, dann &hellip; <a href=\"https:\/\/wassersch.eu\/corumblog\/2011\/07\/pfirsich-mandel-tarte-34640887\/\" class=\"more-link\"><span class=\"screen-reader-text\">\u201eIch glaube, &#8230;\u201c<\/span> weiterlesen<\/a><\/p>\n","protected":false},"author":1,"featured_media":0,"comment_status":"open","ping_status":"open","sticky":false,"template":"","format":"standard","meta":{"jetpack_post_was_ever_published":false,"_jetpack_newsletter_access":"","_jetpack_dont_email_post_to_subs":false,"_jetpack_newsletter_tier_id":0,"_jetpack_memberships_contains_paywalled_content":false,"_jetpack_memberships_contains_paid_content":false,"footnotes":"","jetpack_publicize_message":"","jetpack_publicize_feature_enabled":true,"jetpack_social_post_already_shared":false,"jetpack_social_options":{"image_generator_settings":{"template":"highway","default_image_id":0,"font":"","enabled":false},"version":2}},"categories":[2],"tags":[],"class_list":["post-522","post","type-post","status-publish","format-standard","hentry","category-kochen-backen-und-geniessen"],"jetpack_publicize_connections":[],"jetpack_featured_media_url":"","jetpack_sharing_enabled":true,"jetpack_shortlink":"https:\/\/wp.me\/p923CK-8q","jetpack-related-posts":[],"_links":{"self":[{"href":"https:\/\/wassersch.eu\/corumblog\/wp-json\/wp\/v2\/posts\/522","targetHints":{"allow":["GET"]}}],"collection":[{"href":"https:\/\/wassersch.eu\/corumblog\/wp-json\/wp\/v2\/posts"}],"about":[{"href":"https:\/\/wassersch.eu\/corumblog\/wp-json\/wp\/v2\/types\/post"}],"author":[{"embeddable":true,"href":"https:\/\/wassersch.eu\/corumblog\/wp-json\/wp\/v2\/users\/1"}],"replies":[{"embeddable":true,"href":"https:\/\/wassersch.eu\/corumblog\/wp-json\/wp\/v2\/comments?post=522"}],"version-history":[{"count":0,"href":"https:\/\/wassersch.eu\/corumblog\/wp-json\/wp\/v2\/posts\/522\/revisions"}],"wp:attachment":[{"href":"https:\/\/wassersch.eu\/corumblog\/wp-json\/wp\/v2\/media?parent=522"}],"wp:term":[{"taxonomy":"category","embeddable":true,"href":"https:\/\/wassersch.eu\/corumblog\/wp-json\/wp\/v2\/categories?post=522"},{"taxonomy":"post_tag","embeddable":true,"href":"https:\/\/wassersch.eu\/corumblog\/wp-json\/wp\/v2\/tags?post=522"}],"curies":[{"name":"wp","href":"https:\/\/api.w.org\/{rel}","templated":true}]}}