{"id":5027,"date":"2020-12-16T17:56:10","date_gmt":"2020-12-16T16:56:10","guid":{"rendered":"http:\/\/wassersch.eu\/corumblog\/?p=5027"},"modified":"2023-02-15T11:54:47","modified_gmt":"2023-02-15T10:54:47","slug":"pferdeaepfel","status":"publish","type":"post","link":"https:\/\/wassersch.eu\/corumblog\/2020\/12\/pferdeaepfel\/","title":{"rendered":"Pferde\u00e4pfel"},"content":{"rendered":"<p>Nein, jetzt kommt kein Beitrag, wie man am Besten seinen Garten d\u00fcngt oder in was man reintreten kann, wenn man auf Waldwegen unvorsichtig ist, sondern es handelt sich hier um ein Pl\u00e4tzchen-Rezept aus dem hohen Norden Deutschlands. <\/p>\n<p>Entdeckt habe ich dieses Rezept \u00fcber Facebook bei <a href=\"https:\/\/www.facebook.com\/martin.schonleben\">Martin Sch\u00f6nleben<\/a>. Die Kombination von Marzipan, Sesam und Sonnenblumenkernen fand ich spannend, deshalb musste ich diese Pl\u00e4tzchen nat\u00fcrlich ausprobieren. <\/p>\n<p><img decoding=\"async\" src=\"https:\/\/www.wassersch.eu\/Blog\/Rez\/2020\/PferdeAepfel.jpg\" alt=\"PferdeAepfel.jpg\" title=\"Pferde\u00e4pfel\" class=\"center\" ><\/p>\n<p>Fazit: <img decoding=\"async\" src=\"https:\/\/www.wassersch.eu\/Blog\/Blog\/SmileyLecker.gif\" class= \"smiley\"> Empfehlenswert! Die Pl\u00e4tzchen sind lockerer als sie aussehen und schmecken wirklich gut!<\/p>\n<h3>Pferde\u00e4pfel<\/h3>\n<table border= \"0\" width= \"100%\">\n<tr>\n<td width= \"200\" align= \"left\">Quellenangabe: <\/td>\n<td><a href=\"https:\/\/cafeschoenleben.de\">Martin Sch\u00f6nleben<\/a> im <a href=\"https:\/\/www.merkur.de\/lokales\/fuerstenfeldbruck\/puchheim-ort29319\/puchheim-gebaeck-diese-pferdeaepfel-schmecken-koestlich-90106364.html\">M\u00fcnchner Merkur<\/a><br \/>Erfasst 08.12.2020 von Sus<\/td>\n<\/tr>\n<tr>\n<td width= \"200\" align= \"left\">Kategorien: <\/td>\n<td>Pl\u00e4tzchen, Advent, Marzipan<\/td>\n<\/tr>\n<tr>\n<td width= \"200\" align= \"left\">Mengenangaben f&uuml;r: <\/td>\n<td>70 St\u00fcck (ca.)<\/td>\n<\/tr>\n<\/table>\n<h4>Zutaten:<\/h4>\n<table>\n<tr>\n<td width= \"70\" align= \"right\">350<\/td>\n<td width= \"130\">g<\/td>\n<td>Marzipanrohmasse<\/td>\n<\/tr>\n<tr>\n<td width= \"70\" align= \"right\">140<\/td>\n<td width= \"130\">g<\/td>\n<td>Zucker<\/td>\n<\/tr>\n<tr>\n<td width= \"70\" align= \"right\">2<\/td>\n<td width= \"130\">g<\/td>\n<td>Zimt<\/td>\n<\/tr>\n<tr>\n<td width= \"70\" align= \"right\">1<\/td>\n<td width= \"130\">Prise(n)<\/td>\n<td>Salz<\/td>\n<\/tr>\n<tr>\n<td width= \"70\" align= \"right\">50<\/td>\n<td width= \"130\">g<\/td>\n<td>Haseln\u00fcsse; ger\u00f6stet, gemahlen<\/td>\n<\/tr>\n<tr>\n<td width= \"70\" align= \"right\">30<\/td>\n<td width= \"130\">g<\/td>\n<td>Hartweizengrie\u00df<\/td>\n<\/tr>\n<tr>\n<td width= \"70\" align= \"right\">60<\/td>\n<td width= \"130\">g<\/td>\n<td>Eiwei\u00df (1 Eiwei\u00df = 30g)<\/td>\n<\/tr>\n<tr>\n<td width= \"70\" align= \"right\">80<\/td>\n<td width= \"130\">g<\/td>\n<td>Sesam; ger\u00f6stet<\/td>\n<\/tr>\n<tr>\n<td width= \"70\" align= \"right\">120<\/td>\n<td width= \"130\">g<\/td>\n<td>Sonnenblumenkerne; ger\u00f6stet<\/td>\n<\/tr>\n<\/table>\n<h4>Zubereitung:<\/h4>\n<p>Zuerst Sesam und Sonnenblumenkerne in einer trockenen Pfanne r\u00f6sten und abk\u00fchlen lassen. In der Zwischenzeit die restlichen Zutaten zu einem glatten Teig verkneten.<\/p>\n<p>Sesam und Sonnenblumenkerne auf einem flachen Teller mischen. Den Teig zu mehreren gleichdicken Rollen formen und diese im Sesam- Sonnenblumengemisch rollen. Jetzt pl\u00e4tzchengro\u00dfe St\u00fccke abschneiden und die beiden Flachseiten in die K\u00f6rnermischung tauchen, dann auf ein mit Backfolie belegtes Blech legen.<\/p>\n<p>Die Bleche in den vorgeheizten Ofen bei etwa 180 \u00b0Celsius (Umluft) acht bis zw\u00f6lf Minuten lang gold-braun backen. Auf einem Kuchengitter abk\u00fchlen lassen.<\/p>\n<hr \/>\n<div align= \"right\"><span style=\"font-size: 0.625rem; \"1\">Tags: <a class= \"techtag\" href= \"https:\/\/www.wassersch.eu\/Rezepte\/Index\/Rez_P#Pl\u00e4tzchen\" rel= \"tag\">Pl\u00e4tzchen<\/a>, <a class= \"techtag\" href= \"https:\/\/www.wassersch.eu\/Rezepte\/Index\/Rez_A#Advent\" rel= \"tag\">Advent<\/a>, <a class= \"techtag\" href= \"https:\/\/www.wassersch.eu\/Rezepte\/Index\/Rez_M#Marzipan\" rel= \"tag\">Marzipan<\/a>, <a class= \"techtag\" href= \"https:\/\/www.wassersch.eu\/Rezepte\/Index\/Rez_S#Sesam\" rel= \"tag\">Sesam<\/a>,  <a class= \"techtag\" href= \"https:\/\/www.wassersch.eu\/Rezepte\/Index\/Rez_S#Sonnenblumenkerne\" rel= \"tag\">Sonnenblumenkerne<\/a><\/span> <\/div>\n","protected":false},"excerpt":{"rendered":"<p>Nein, jetzt kommt kein Beitrag, wie man am Besten seinen Garten d\u00fcngt oder in was man reintreten kann, wenn man auf Waldwegen unvorsichtig ist, sondern es handelt sich hier um ein Pl\u00e4tzchen-Rezept aus dem hohen Norden Deutschlands. Entdeckt habe ich dieses Rezept \u00fcber Facebook bei Martin Sch\u00f6nleben. Die Kombination von Marzipan, Sesam und Sonnenblumenkernen fand &hellip; <a href=\"https:\/\/wassersch.eu\/corumblog\/2020\/12\/pferdeaepfel\/\" class=\"more-link\"><span class=\"screen-reader-text\">\u201ePferde\u00e4pfel\u201c<\/span> weiterlesen<\/a><\/p>\n","protected":false},"author":1,"featured_media":0,"comment_status":"open","ping_status":"open","sticky":false,"template":"","format":"standard","meta":{"jetpack_post_was_ever_published":false,"_jetpack_newsletter_access":"","_jetpack_dont_email_post_to_subs":false,"_jetpack_newsletter_tier_id":0,"_jetpack_memberships_contains_paywalled_content":false,"_jetpack_memberships_contains_paid_content":false,"footnotes":"","jetpack_publicize_message":"","jetpack_publicize_feature_enabled":true,"jetpack_social_post_already_shared":true,"jetpack_social_options":{"image_generator_settings":{"template":"highway","default_image_id":0,"font":"","enabled":false},"version":2}},"categories":[514,2,544],"tags":[150,32,310,33,126,329],"class_list":["post-5027","post","type-post","status-publish","format-standard","hentry","category-advent","category-kochen-backen-und-geniessen","category-plaetzchen-backen-suess","tag-advent","tag-backensuess","tag-marzipan","tag-plaetzchen","tag-sesam","tag-sonnenblumenkerne"],"jetpack_publicize_connections":[],"jetpack_featured_media_url":"","jetpack_sharing_enabled":true,"jetpack_shortlink":"https:\/\/wp.me\/p923CK-1j5","jetpack-related-posts":[],"_links":{"self":[{"href":"https:\/\/wassersch.eu\/corumblog\/wp-json\/wp\/v2\/posts\/5027","targetHints":{"allow":["GET"]}}],"collection":[{"href":"https:\/\/wassersch.eu\/corumblog\/wp-json\/wp\/v2\/posts"}],"about":[{"href":"https:\/\/wassersch.eu\/corumblog\/wp-json\/wp\/v2\/types\/post"}],"author":[{"embeddable":true,"href":"https:\/\/wassersch.eu\/corumblog\/wp-json\/wp\/v2\/users\/1"}],"replies":[{"embeddable":true,"href":"https:\/\/wassersch.eu\/corumblog\/wp-json\/wp\/v2\/comments?post=5027"}],"version-history":[{"count":10,"href":"https:\/\/wassersch.eu\/corumblog\/wp-json\/wp\/v2\/posts\/5027\/revisions"}],"predecessor-version":[{"id":6074,"href":"https:\/\/wassersch.eu\/corumblog\/wp-json\/wp\/v2\/posts\/5027\/revisions\/6074"}],"wp:attachment":[{"href":"https:\/\/wassersch.eu\/corumblog\/wp-json\/wp\/v2\/media?parent=5027"}],"wp:term":[{"taxonomy":"category","embeddable":true,"href":"https:\/\/wassersch.eu\/corumblog\/wp-json\/wp\/v2\/categories?post=5027"},{"taxonomy":"post_tag","embeddable":true,"href":"https:\/\/wassersch.eu\/corumblog\/wp-json\/wp\/v2\/tags?post=5027"}],"curies":[{"name":"wp","href":"https:\/\/api.w.org\/{rel}","templated":true}]}}