{"id":474,"date":"2011-12-14T08:30:00","date_gmt":"2011-12-14T07:30:00","guid":{"rendered":"http:\/\/wassersch.eu\/corumblog\/salat-mit-frittiertem-ziegenkaese-55779410\/"},"modified":"2017-07-13T15:47:05","modified_gmt":"2017-07-13T13:47:05","slug":"salat-mit-frittiertem-ziegenkaese","status":"publish","type":"post","link":"https:\/\/wassersch.eu\/corumblog\/2011\/12\/salat-mit-frittiertem-ziegenkaese\/","title":{"rendered":"Ziegenk\u00e4se &#8211; auch zu Weihnachten"},"content":{"rendered":"<p><a href= \"http:\/\/kochtopf.me\/stories\/kulinarischer-adventskalender-2011-mit-gewinnspiel\/\" target= \"_blank\"><img class= \"right\" src= \"http:\/\/www.wassersch.eu\/Blog\/Div\/BlogEvents\/KulinarischerAdventskalender2011-Tuerchen14.png\" alt= \"KulinarischerAdventskalender2011-Tuerchen14.png\" title= \"Kulinarischer Adventskalender 2011\" \/><\/a>Nat\u00fcrlich habe ich das <a href= \"https:\/\/wassersch.eu\/corumblog\/2011\/12\/ziegenkaese-selbstgemacht\/\">gestrige Rezept<\/a> doch nicht so ganz zuf\u00e4llig ver\u00f6ffentlicht&#8230;<\/p>\n<p>Als Zorra zur Teilnahme am <a href=\"http:\/\/kochtopf.me\/stories\/kulinarischer-adventskalender-2011-mit-gewinnspiel\/\" target= \"_blank\">Kulinarischen Adventskalender inklusive Gewinnspiel<\/a> aufrief, schwebte mir mal ausnahmsweise kein s\u00fc\u00dfes Rezept vor, sondern eine gesunde und leckere Vorspeise. (Naja, mehr lecker als gesund &#8230;)<\/p>\n<p>Aus &#8218;wissenschaftlich-neugierigen&#8216; Gr\u00fcnden habe ich es auch mit der <a href=\"http:\/\/www.helpster.de\/ziegenkaese-selber-machen-so-geht-s-mit-lab_54643#zur-anleitung\" target= \"_blank\">Variante<\/a> mit Lab-Zugabe versucht. Leider ist mir dabei der K\u00e4se nicht so gut gelungen: Er war zwar ganz lecker, wurde aber nicht trocken genug, um ihn vern\u00fcnftig zu frittieren. Deshalb habe ich dann doch auch wieder auf die altbekannte <a href= \"https:\/\/wassersch.eu\/corumblog\/2011\/12\/ziegenkaese-selbstgemacht\/\">Version<\/a> zur\u00fcckgegriffen. <\/p>\n<p>(Aber f\u00fcr eine feine Vorspeise, die auch weihnachtstauglich sein soll, muss man nat\u00fcrlich den Frischk\u00e4se nicht unbedingt selbst herstellen. Er sollte eben fest genug sein, um ihn formen zu k\u00f6nnen.)<\/p>\n<p><img decoding=\"async\" src=\"http:\/\/www.wassersch.eu\/Blog\/Rez\/2011\/ZiegenKaeseFrittiertAufFeldsalat.jpg\" alt=\"ZiegenKaeseFrittiertAufFeldsalat.jpg\" title= \"Frittierter Ziegenk\u00e4se auf Salat mit Weihnachtselch\" \/><\/p>\n<h3>Feldsalat mit frittiertem Ziegenfrischk\u00e4se<\/h3>\n<table>\n<tr>\n<td width=\"150\" align=\"left\">Quellenangabe: <\/td>\n<td>Erfa\u00dft 13.12.2011 von Sus<\/td>\n<\/tr>\n<tr>\n<td width=\"150\" align=\"left\">Kategorien: <\/td>\n<td>Salat, Weihnachten, Vorspeise, Ziegenk\u00e4se<\/td>\n<\/tr>\n<tr>\n<td width=\"150\" align=\"left\">Mengenangaben f\u00fcr: <\/td>\n<td>2 Portionen<\/td>\n<\/tr>\n<\/table>\n<h4>Zutaten:<\/h4>\n<table>\n<tr>\n<td width=\"50\" align=\"right\"><\/td>\n<td width=\"100\"><\/td>\n<td ><strong>K\u00e4seb\u00e4llchen:<\/strong><\/td>\n<\/tr>\n<tr>\n<td width=\"50\" align=\"right\">200<\/td>\n<td width=\"100\">Gramm<\/td>\n<td>Ziegenfrischk\u00e4se<\/td>\n<\/tr>\n<tr>\n<td width=\"50\" align=\"right\">1<\/td>\n<td width=\"100\"><\/td>\n<td>Ei<\/td>\n<\/tr>\n<tr>\n<td width=\"50\" align=\"right\">2<\/td>\n<td width=\"100\">Essl\u00f6ffel<\/td>\n<td>Waldhonig (kr\u00e4ftig schmeckend)<\/td>\n<\/tr>\n<tr>\n<td width=\"50\" align=\"right\">50-100<\/td>\n<td width=\"100\">Gramm<\/td>\n<td>Sesamk\u00f6rner<\/td>\n<\/tr>\n<tr>\n<td width=\"50\" align=\"right\">3<\/td>\n<td width=\"100\">Essl\u00f6ffel<\/td>\n<td>Rosa Pfeffer<\/td>\n<\/tr>\n<tr>\n<td width=\"50\" align=\"right\">1\/4<\/td>\n<td>Teel\u00f6ffel<\/td>\n<td>Zitronenschale; gerieben<\/td>\n<\/tr>\n<tr>\n<td width=\"50\" align=\"right\"><\/td>\n<td width=\"100\"><\/td>\n<td>Salz<\/td>\n<\/tr>\n<tr>\n<td width=\"50\" align=\"right\"><\/td>\n<td width=\"100\"><\/td>\n<td>Distel\u00f6l<\/td>\n<\/tr>\n<tr>\n<td width=\"50\" align=\"right\">1<\/td>\n<td width=\"100\">Teel\u00f6ffel<\/td>\n<td>Dunkles Sesam&ouml;l<\/td>\n<\/tr>\n<tr>\n<td width=\"50\" align=\"right\"><\/td>\n<td width=\"100\"><\/td>\n<td ><strong>Salat:<\/strong><\/td>\n<\/tr>\n<tr>\n<td width=\"50\" align=\"right\">150<\/td>\n<td width=\"100\">Gramm<\/td>\n<td>Feldsalat<\/td>\n<\/tr>\n<tr>\n<td width=\"50\" align=\"right\">2-3<\/td>\n<td width=\"100\">Essl\u00f6ffel<\/td>\n<td>Granatapfelkerne<\/td>\n<\/tr>\n<tr>\n<td width=\"50\" align=\"right\"><\/td>\n<td width=\"100\"><\/td>\n<td ><strong>Dressing:<\/strong><\/td>\n<\/tr>\n<tr>\n<td width=\"50\" align=\"right\">1\/2<\/td>\n<td width=\"100\"><\/td>\n<td>Granatapfel; Saft davon<\/td>\n<\/tr>\n<tr>\n<td width=\"50\" align=\"right\">1<\/td>\n<td width=\"100\">Essl\u00f6ffel<\/td>\n<td>Apfelessig<\/td>\n<\/tr>\n<tr>\n<td width=\"50\" align=\"right\">1-2<\/td>\n<td width=\"100\">Essl\u00f6ffel<\/td>\n<td>Neutrales Salat\u00f6l<\/td>\n<\/tr>\n<tr>\n<td width=\"50\" align=\"right\">2-3<\/td>\n<td width=\"100\">Tropfen<\/td>\n<td>Dunkles Sesam\u00f6l<\/td>\n<\/tr>\n<tr>\n<td width=\"50\" align=\"right\">2<\/td>\n<td width=\"100\"><\/td>\n<td>Lauchzwiebeln; in d&uuml;nne Ringe geschnitten<\/td>\n<\/tr>\n<tr>\n<td width=\"50\" align=\"right\"><\/td>\n<td width=\"100\"><\/td>\n<td>Salz, Pfeffer<\/td>\n<\/tr>\n<tr>\n<td width=\"50\" align=\"right\"><\/td>\n<td width=\"100\"><\/td>\n<td ><strong>Dazu:<\/strong><\/td>\n<\/tr>\n<tr>\n<td width=\"50\" align=\"right\">4<\/td>\n<td width=\"100\">Scheiben<\/td>\n<td>Baguette<\/td>\n<\/tr>\n<tr>\n<td width=\"50\" align=\"right\">1<\/td>\n<td width=\"100\">Essl\u00f6ffel<\/td>\n<td>Knoblauch\u00f6l (Raps\u00f6l mit Knoblauchst\u00fcckchen)<\/td>\n<\/tr>\n<\/table>\n<p>\n<H4>Zubereitung:<\/H4><br \/>\nF\u00fcr das Dressing die Zutaten mischen und ziehen lassen.<\/p>\n<p>Feldsalat putzen und bereitstellen; Granatapfelkerne ausl\u00f6sen.<\/p>\n<p>Sesamk\u00f6rner zusammen mit dem rosa Pfeffer und der Zitronenschale zu grobem &#8218;Paniermehl&#8216; mahlen und in einen tiefen Teller geben.<\/p>\n<p>In einem anderen Teller das Ei mit Honig und Salz gleichm\u00e4\u00dfig verr\u00fchren. Den Honig sollte man hier deutlich schmecken.<\/p>\n<p><img src =\"http:\/\/www.wassersch.eu\/Blog\/Rez\/2011\/ZiegenKaesebaellchen.jpg\" alt= \"ZiegenKaesebaellchen.jpg\" title= \"\" class= \"right\" \/>Jetzt den Frischk\u00e4se mit der Hand in walnussgro\u00dfe St\u00fcckchen rollen. Diese Kugeln zuerst in der Eimasse rollen und dann in den Sesambr\u00f6seln; 2-3 Mal wiederholen, bis die Panade sch\u00f6n dick ist und gut am K\u00e4se haftet.<\/p>\n<p>Bis hierhin l\u00e4sst sich alles gut vorbereiten &#8211; jetzt kommt der Teil, der kurz vor dem Servieren passieren sollte:<\/p>\n<p>Salat auf den Tellern anrichten und mit dem Dressing mischen; Granatapfelkerne dekorativ verteilen.<\/p>\n<p><img src= \"http:\/\/www.wassersch.eu\/Blog\/Rez\/2011\/ZiegenKaesebaellchenBeimFrittieren.jpg\" alt= \"ZiegenKaesebaellchenBeimFrittieren.jpg\" title= \"Vorsicht, hei\u00df\" class= \"left\" \/>In einem m\u00f6glichst kleinen Topf (um den \u00d6lverbrauch zu verringern &#8211; 1-2 cm reichen) \u00d6l zusammen mit dem Sesam\u00f6l erhitzen, bis ein hineingehaltener Holzstiel Bl\u00e4schen erzeugt.<\/p>\n<p>Die panierten K\u00e4seb\u00e4llchen in das hei\u00dfe \u00d6l geben und von allen Seiten kurz! sehr kurz! frittieren. Herausnehmen, auf einem Papiertuch kurz abtropfen lassen und auf den Salat legen.<\/p>\n<h4>Anmerkung:<\/h4>\n<p><img src =\"http:\/\/www.wassersch.eu\/Blog\/Rez\/2011\/ZiegenFrischkaesePralinen.jpg\" alt= \"ZiegenFrischkaesePralinen.jpg\" title= \"Das h\u00e4tte sich die Pralinenform auch nicht tr\u00e4umen lassen...\" class= \"right\" \/>&#8211; Die hellen &#8218;H\u00e4ufchen&#8216; oben im Bild sind Frischk\u00e4se-Pralinen aus der Lab-Version, bestreut mit etwas Paprikapulver:<\/p>\n<p>Kurz eingefroren lassen sie sich gut aus der Form holen und tauen dann ganz schnell wieder auf.<br clear=\"all\" \/><br \/>\n&#8211; Der Honig in der Panade hat super gepasst! <img decoding=\"async\" src=\"http:\/\/www.wassersch.eu\/Blog\/Blog\/SmileyLecker.gif\" alt=\"SmileyLecker.gif\" class=\"smiley\"\/><\/p>\n<hr \/>\n<div class=\"snap_nopreview\" align=\"right\"><font size=\"1\">Tags: <a class=\"techtag\" href=\"http:\/\/www.wassersch.eu\/Rezepte\/Index\/RezeptIndex.html\" rel=\"tag\">Rezept<\/a>, <a class=\"techtag\" href=\"http:\/\/www.wassersch.eu\/Rezepte\/Index\/Rez_K#Kaese\" rel=\"tag\">K\u00e4se<\/a>, <a class=\"techtag\" href=\"http:\/\/www.wassersch.eu\/Rezepte\/Index\/Rez_Z#Ziegenkaese\" rel=\"tag\">Ziegenk\u00e4se<\/a>, <a class=\"techtag\" href=\"http:\/\/www.wassersch.eu\/Rezepte\/Index\/Rez_S#Salat\" rel=\"tag\">Salat<\/a>, <a class=\"techtag\" href=\"http:\/\/www.wassersch.eu\/Rezepte\/Index\/Rez_W#Weihnachten\" rel=\"tag\">Weihnachten<\/a>, <a class=\"techtag\" href=\"http:\/\/corum.twoday.net\/search?q=tag:Kulinarischer-Adventskalender\" rel=\"tag\">Kulinarischer Adventskalender<\/a>, <a class=\"techtag\" href=\"http:\/\/www.wassersch.eu\/Rezepte\/Index\/Rez_B#Blog-Event\" rel=\"tag\">Blog-Event<\/a><\/font> <\/div>\n<\/div>\n","protected":false},"excerpt":{"rendered":"<p>Nat\u00fcrlich habe ich das gestrige Rezept doch nicht so ganz zuf\u00e4llig ver\u00f6ffentlicht&#8230; Als Zorra zur Teilnahme am Kulinarischen Adventskalender inklusive Gewinnspiel aufrief, schwebte mir mal ausnahmsweise kein s\u00fc\u00dfes Rezept vor, sondern eine gesunde und leckere Vorspeise. (Naja, mehr lecker als gesund &#8230;) Aus &#8218;wissenschaftlich-neugierigen&#8216; Gr\u00fcnden habe ich es auch mit der Variante mit Lab-Zugabe versucht. &hellip; <a href=\"https:\/\/wassersch.eu\/corumblog\/2011\/12\/salat-mit-frittiertem-ziegenkaese\/\" class=\"more-link\"><span class=\"screen-reader-text\">\u201eZiegenk\u00e4se &#8211; auch zu Weihnachten\u201c<\/span> weiterlesen<\/a><\/p>\n","protected":false},"author":1,"featured_media":0,"comment_status":"open","ping_status":"open","sticky":false,"template":"","format":"standard","meta":{"jetpack_post_was_ever_published":false,"_jetpack_newsletter_access":"","_jetpack_dont_email_post_to_subs":false,"_jetpack_newsletter_tier_id":0,"_jetpack_memberships_contains_paywalled_content":false,"_jetpack_memberships_contains_paid_content":false,"footnotes":"","jetpack_publicize_message":"","jetpack_publicize_feature_enabled":true,"jetpack_social_post_already_shared":false,"jetpack_social_options":{"image_generator_settings":{"template":"highway","default_image_id":0,"font":"","enabled":false},"version":2}},"categories":[2],"tags":[44,42,37,53,231],"class_list":["post-474","post","type-post","status-publish","format-standard","hentry","category-kochen-backen-und-geniessen","tag-blog-event","tag-kaese","tag-salat","tag-weihnachten","tag-ziegenkaese"],"jetpack_publicize_connections":[],"jetpack_featured_media_url":"","jetpack_sharing_enabled":true,"jetpack_shortlink":"https:\/\/wp.me\/p923CK-7E","jetpack-related-posts":[],"_links":{"self":[{"href":"https:\/\/wassersch.eu\/corumblog\/wp-json\/wp\/v2\/posts\/474","targetHints":{"allow":["GET"]}}],"collection":[{"href":"https:\/\/wassersch.eu\/corumblog\/wp-json\/wp\/v2\/posts"}],"about":[{"href":"https:\/\/wassersch.eu\/corumblog\/wp-json\/wp\/v2\/types\/post"}],"author":[{"embeddable":true,"href":"https:\/\/wassersch.eu\/corumblog\/wp-json\/wp\/v2\/users\/1"}],"replies":[{"embeddable":true,"href":"https:\/\/wassersch.eu\/corumblog\/wp-json\/wp\/v2\/comments?post=474"}],"version-history":[{"count":3,"href":"https:\/\/wassersch.eu\/corumblog\/wp-json\/wp\/v2\/posts\/474\/revisions"}],"predecessor-version":[{"id":1956,"href":"https:\/\/wassersch.eu\/corumblog\/wp-json\/wp\/v2\/posts\/474\/revisions\/1956"}],"wp:attachment":[{"href":"https:\/\/wassersch.eu\/corumblog\/wp-json\/wp\/v2\/media?parent=474"}],"wp:term":[{"taxonomy":"category","embeddable":true,"href":"https:\/\/wassersch.eu\/corumblog\/wp-json\/wp\/v2\/categories?post=474"},{"taxonomy":"post_tag","embeddable":true,"href":"https:\/\/wassersch.eu\/corumblog\/wp-json\/wp\/v2\/tags?post=474"}],"curies":[{"name":"wp","href":"https:\/\/api.w.org\/{rel}","templated":true}]}}