{"id":4733,"date":"2020-07-30T17:58:17","date_gmt":"2020-07-30T15:58:17","guid":{"rendered":"http:\/\/wassersch.eu\/corumblog\/?p=4733"},"modified":"2023-02-16T09:30:56","modified_gmt":"2023-02-16T08:30:56","slug":"schwedisches-helles-karottenbrot-aus-jokkmokk","status":"publish","type":"post","link":"https:\/\/wassersch.eu\/corumblog\/2020\/07\/schwedisches-helles-karottenbrot-aus-jokkmokk\/","title":{"rendered":"Schwedisches helles Karottenbrot aus Jokkmokk"},"content":{"rendered":"<p>Dieses Brot wollte ich schon lange nachbacken. Gegessen haben wir es im Hotel Jokkmokk im gleichnamigen Ort in Nordschweden <a href=\"https:\/\/wassersch.eu\/corumblog\/2017\/03\/auf-der-suche-nach-dem-polarlicht\/\">vor drei Jahren<\/a>. Es war so lecker, dass ich mir vom Koch das Rezept erbeten habe. Aber zugegebenerma\u00dfen ist es nicht wirklich au\u00dfergew\u00f6hnlich, aber das Resultat schmeckt einfach.<\/p>\n<p><img decoding=\"async\" src=\"https:\/\/www.wassersch.eu\/Blog\/Rez\/2020\/SchwedischesHellesKarottenbrot.jpg\" alt=\"SchwedischesHellesKarottenbrot.jpg\" title=\"Schwedisches helles Karottenbrot aus Jokkmokk\" class=\"center\"><\/p>\n<h3>Schwedisches helles Karottenbrot aus Jokkmokk<\/h3>\n<table border= \"0\" width= \"100%\">\n<tr>\n<td width= \"200\" align= \"left\">Quellenangabe: <\/td>\n<td>Erfasst 24.07.2020 von Sus<\/td>\n<\/tr>\n<tr>\n<td width= \"200\" align= \"left\">Kategorien: <\/td>\n<td>Backen, Brot, Hefe, Karotte<\/td>\n<\/tr>\n<tr>\n<td width= \"200\" align= \"left\">Mengenangaben f&uuml;r: <\/td>\n<td>1 Rezept<\/td>\n<\/tr>\n<\/table>\n<h4>Zutaten:<\/h4>\n<table>\n<tr>\n<td width= \"70\" align= \"right\">600<\/td>\n<td width= \"130\">g<\/td>\n<td>Weizenmehl<\/td>\n<\/tr>\n<tr>\n<td width= \"70\" align= \"right\">300<\/td>\n<td width= \"130\">ml<\/td>\n<td>Wasser<\/td>\n<\/tr>\n<tr>\n<td width= \"70\" align= \"right\">2<\/td>\n<td width= \"130\"><\/td>\n<td>Karotten<\/td>\n<\/tr>\n<tr>\n<td width= \"70\" align= \"right\">15<\/td>\n<td width= \"130\">g<\/td>\n<td>Hefe<\/td>\n<\/tr>\n<tr>\n<td width= \"70\" align= \"right\">2<\/td>\n<td width= \"130\">Teel\u00f6ffel<\/td>\n<td>Salz<\/td>\n<\/tr>\n<tr>\n<td width= \"70\" align= \"right\">3<\/td>\n<td width= \"130\"><\/td>\n<td>Kardamomkapseln<\/td>\n<\/tr>\n<tr>\n<td width= \"70\" align= \"right\">2<\/td>\n<td width= \"130\">Essl\u00f6ffel<\/td>\n<td>Oliven\u00f6l (nach Belieben)<\/td>\n<\/tr>\n<\/table>\n<h4>Zubereitung:<\/h4>\n<p><img decoding=\"async\" src=\"https:\/\/www.wassersch.eu\/Blog\/Rez\/2020\/SchwedischesHellesKarottenbrotRezept.jpg\" alt=\"SchwedischesHellesKarottenbrotRezept.jpg\" title=\"Schwedisches helles Karottenbrot aus Jokkmokk\" class=\"left\" width=\"150\">Hefe in einer Sch\u00fcssel im warmen Wasser aufl\u00f6sen. Karotten sehr fein w\u00fcrfeln oder reiben. Die Kernchen aus den Kardamomkapseln fein m\u00f6rsern. Alle Zutaten in die Sch\u00fcssel geben und den Teig gut verkneten, bis er weich und geschmeidig ist.<\/p>\n<p>Zugedeckt warm stehen lassen, bis sich das Volumen verdoppelt hat. Auf einer bemehlten Fl\u00e4che in drei Teile teilen und l\u00e4ngliche Laibe formen. Auf ein mit Backpapier oder -folie belegtes Backblech legen. Noch so lange gehen lassen, bis der Backofen auf 175 \u00b0C aufgeheizt ist. Dann ca. 30 Minuten backen.<\/p>\n<hr \/>\n<p>&nbsp;<\/p>\n<p>Auch dieser Beitrag darf bei Volkers Weltreise mitmachen:<br \/>\n<a href='https:\/\/volkermampft.de\/schwedische-rezepte-und-gerichte-leckeres-aus-der-kueche-schwedens' title='Blogger Aktion \"Die kulinarische Weltreise\" von @volkermampft h\u00e4lt in Schweden'><img src='https:\/\/volkermampft.de\/wp-content\/uploads\/2018\/02\/kulinarische_weltreise_500x200.png' width='500' height='200' alt='Blogger Aktion \"Die kulinarische Weltreise\" von @volkermampft h\u00e4lt in Schweden'><\/a><br \/>\nDie Liste der anderen Teilnehmer:<\/p>\n<p>Ulrike von K\u00fcchenlatein mit <a href='https:\/\/kuechenlatein.com\/safranpfannkuchen-saffranspannkaka\/' target='_blank' rel=\"noopener\" title='Safranpfannkuchen \u2013 Saffranspannkaka'>Safranpfannkuchen \u2013 Saffranspannkaka<\/a><br \/>\nBritta von Backmaedchen 1967 mit <a href='https:\/\/backmaedchen1967.de\/schwedische-haferflocken-kekse\/' target='_blank' rel=\"noopener\" title='Schwedische Haferflocken-Kekse'>Schwedische Haferflocken-Kekse<\/a><br \/>\nJanke von Jankes*Soulfood mit <a href='https:\/\/www.jankessoulfood.com\/2020\/07\/schwedische-blaubeersuppe.html' target='_blank' rel=\"noopener\" title='Bl\u00e5b\u00e4rssoppa - schwedische Blaubeersuppe mit Grie\u00dfkl\u00f6\u00dfchen'>Bl\u00e5b\u00e4rssoppa &#8211; schwedische Blaubeersuppe mit Grie\u00dfkl\u00f6\u00dfchen<\/a><br \/>\nNadine von M\u00f6hreneck mit <a href='https:\/\/www.moehreneck.de\/2020\/07\/06\/vegane-koettbullar-mit-rahmsauce\/' target='_blank' rel=\"noopener\" title='K\u00f6ttbullar mit Rahmsauce (vegan)'>K\u00f6ttbullar mit Rahmsauce (vegan)<\/a><br \/>\nTina von K\u00fcchenmomente mit <a href='https:\/\/www.kuechenmomente.de\/typisch-schwedische-zimtschnecken-mal-anders\/' target='_blank' rel=\"noopener\" title='Typisch schwedische Zimtschnecken mal anders'>Typisch schwedische Zimtschnecken mal anders<\/a><br \/>\nConny von Mein wunderbares Chaos mit <a href='https:\/\/meinwunderbareschaos.de\/weisser-kladdkaka---schwedischer-schokokuchen\/' target='_blank' rel=\"noopener\" title='Wei\u00dfer Kladdkaka - schwedischer Schokokuchen'>Wei\u00dfer Kladdkaka &#8211; schwedischer Schokokuchen<\/a><br \/>\nWilma von Pane-Bistecca mit <a href='https:\/\/pane-bistecca.com\/2020\/07\/05\/kroppkakor-schwedische-kartoffelkloesse-swedish-potato-dumplings\/' target='_blank' rel=\"noopener\" title='Kroppkakor - Schwedische Kartoffelkloesse'>Kroppkakor &#8211; Schwedische Kartoffelkloesse<\/a><br \/>\nUlrike von K\u00fcchenlatein mit <a href='https:\/\/kuechenlatein.com\/?p=52188' target='_blank' rel=\"noopener\" title='Hasseln\u00f6tskaka med kaffe - Haselnusskuchen mit Kaffee'>Hasseln\u00f6tskaka med kaffe &#8211; Haselnusskuchen mit Kaffee<\/a><br \/>\nBritta von Brittas Kochbuch mit <a href='https:\/\/brittas-kochbuch.info\/?p=18616' target='_blank' rel=\"noopener\" title='Svenks Sommarsoppa - Schwedische Sommersuppe'>Svenks Sommarsoppa &#8211; Schwedische Sommersuppe<\/a><br \/>\nRonald von Fr\u00e4nkische Tapas mit <a href='https:\/\/fraenkische-tapas.de\/schwedischer-heringssalat\/' target='_blank' rel=\"noopener\" title='Schwedischer Heringssalat'>Schwedischer Heringssalat<\/a><br \/>\nPetra aka Cascabel von Chili und Ciabatta mit <a href='https:\/\/chili-und-ciabatta.de\/2020\/07\/sockerkringlor-mit-zitronenfuellung\/' target='_blank' rel=\"noopener\" title='Sockerkringlor mit Zitronenf\u00fcllung'>Sockerkringlor mit Zitronenf\u00fcllung<\/a><br \/>\nWilma von Pane-Bistecca mit <a href='https:\/\/pane-bistecca.com\/2020\/07\/08\/svenska-kottbullar-schwedische-hackfleischbaellchen-swedish-meatballs\/' target='_blank' rel=\"noopener\" title='Svenska Koettbullar - Schwedische Hackfleischbaellchen'>Svenska Koettbullar &#8211; Schwedische Hackfleischbaellchen<\/a><br \/>\nCarina von Coffee2Stay mit <a href='https:\/\/coffee2stay.wordpress.com\/2020\/07\/13\/lecker-liebe-schweden-kaerleksmums\/' target='_blank' rel=\"noopener\" title='K\u00e4rleksmums'>K\u00e4rleksmums<\/a><br \/>\nCarina von Coffee2Stay mit <a href='https:\/\/coffee2stay.wordpress.com\/2020\/07\/11\/exotisches-schweden-schweinefilet-mit-banane' target='_blank' rel=\"noopener\" title='Fl\u00e4skfile med banan - Schweinefilet mit Banane'>Fl\u00e4skfile med banan &#8211; Schweinefilet mit Banane<\/a><br \/>\nUlrike von K\u00fcchenlatein mit <a href='https:\/\/kuechenlatein.com\/citrondroemmar-zitronentraum\/' target='_blank' rel=\"noopener\" title='Citrondr\u00f6mmar - Zitronentraum'>Citrondr\u00f6mmar &#8211; Zitronentraum<\/a><br \/>\nHenrike von EinfachSchweden mit <a href='https:\/\/einfachschweden.de\/flygande-jakob\/' target='_blank' rel=\"noopener\" title='Flygande Jakob'>Flygande Jakob<\/a><br \/>\nSonja von fluffig &#038; hart mit <a href='https:\/\/fluffigundhart.de\/recipe\/schwedische-mandeltorte\/' target='_blank' rel=\"noopener\" title='Mandelt\u00e5rta - Schwedische Mandeltorte mit Johannisbeeren'>Mandelt\u00e5rta &#8211; Schwedische Mandeltorte mit Johannisbeeren<\/a><br \/>\nUlrike von k\u00fcchenlatein mit <a href='https:\/\/kuechenlatein.com\/pilzsuppe-mit-aepfeln-und-thymian\/' target='_blank' rel=\"noopener\" title='Pilzsuppe mit \u00c4pfeln und Thymian'>Pilzsuppe mit \u00c4pfeln und Thymian<\/a><br \/>\nTanja von Tanjas bunte Welt mit <a href='https:\/\/www.tanjaswelt.at\/raggmunk-schwedische-kartoffelpfannkuchen' target='_blank' rel=\"noopener\" title='Raggmunk - schwedische Kartoffelpfannkuchen'>Raggmunk &#8211; schwedische Kartoffelpfannkuchen<\/a><br \/>\nUlrike von K\u00fcchenlatein mit <a href='https:\/\/kuechenlatein.com\/stachelbeerkuchen-mit-mandel-krusbaerspaj-med-mandel\/' target='_blank' rel=\"noopener\" title='Stachelbeerkuchen mit Mandel - Krusb\u00e4rspaj med mandel'>Stachelbeerkuchen mit Mandel &#8211; Krusb\u00e4rspaj med mandel<\/a><br \/>\nConny von food for the soul mit <a href='https:\/\/foodforthesoul.de\/kanelbullar-schwedische-zimtschnecken\/' target='_blank' rel=\"noopener\" title='Kanelbullar - schwedische Zimtschnecken'>Kanelbullar &#8211; schwedische Zimtschnecken<\/a><br \/>\nBritta von Brittas Kochbuch mit <a href='https:\/\/brittas-kochbuch.info\/?p=18709' target='_blank' rel=\"noopener\" title='Krispig Bl\u00e5b\u00e4rpaj - Knusperblaubeerkuchen'>Krispig Bl\u00e5b\u00e4rpaj &#8211; Knusperblaubeerkuchen<\/a><br \/>\nPetra aka Cascabel von Chili und Ciabatta mit <a href='https:\/\/chili-und-ciabatta.de\/2020\/07\/wallenbergare-mit-sommerkohl-und-kartoffelstampf\/' target='_blank' rel=\"noopener\" title='Wallenbergare mit Sommerkohl und Kartoffelstampf'>Wallenbergare mit Sommerkohl und Kartoffelstampf<\/a><br \/>\nSimone von zimtkringel mit <a href='https:\/\/www.zimtkringel.org\/2020\/07\/18\/janssons-frestelse-janssons-versuchung\/' target='_blank' rel=\"noopener\" title='Janssons frestelse - Janssons Versuchung'>Janssons frestelse &#8211; Janssons Versuchung<\/a><br \/>\nUte von wiesengenuss mit <a href='https:\/\/wiesengenusskueche.blogspot.com\/2020\/07\/kaldolme-mit-moosbeeren.html' target='_blank' rel=\"noopener\" title='K\u00c5LDOLME - mit Moosbeeren'>K\u00c5LDOLME &#8211; mit Moosbeeren<\/a><br \/>\nHenrike von EinfachSchweden mit <a href='https:\/\/einfachschweden.de\/zimtschnecken-ruehrkuchen\/' target='_blank' rel=\"noopener\" title='Saftiger Zimtschnecken-R\u00fchrkuchen - Kanelbullesockerkaka'>Saftiger Zimtschnecken-R\u00fchrkuchen &#8211; Kanelbullesockerkaka<\/a><br \/>\nSusanne von magentratzerl mit <a href='https:\/\/magentratzerl.de\/2020\/07\/16\/erbsen-kartoffelknoedel-mit-speck-topping\/' target='_blank' rel=\"noopener\" title='Erbsen-Kartoffelkn\u00f6del mit Specktopping'>Erbsen-Kartoffelkn\u00f6del mit Specktopping<\/a><br \/>\nBritta von Brittas Kochbuch mit <a href='https:\/\/brittas-kochbuch.info\/?p=18766' target='_blank' rel=\"noopener\" title='Kn\u00e4ckebr\u00f6d - Kn\u00e4ckebrot'>Kn\u00e4ckebr\u00f6d &#8211; Kn\u00e4ckebrot<\/a><br \/>\nKatja von Kaffeebohne mit <a href='https:\/\/www.fambrenner.de\/Kaffeebohne\/wordpress\/2020\/07\/19\/kulinarische-weltreise-schweden-sommersalat\/' target='_blank' rel=\"noopener\" title='Sommersalat'>Sommersalat<\/a><br \/>\nPetra aka Cascabel von Chili und Ciabatta mit <a href='https:\/\/chili-und-ciabatta.de\/2020\/07\/pyttipanna-mit-eingelegten-roten-beten\/' target='_blank' rel=\"noopener\" title='Pyttipanna'>Pyttipanna<\/a><br \/>\nTina von K\u00fcchenmomente mit <a href='https:\/\/www.kuechenmomente.de\/broedkakor-rustikales-fladenbrot-aus-schweden\/' target='_blank' rel=\"noopener\" title='Br\u00f6dkakor - rustikales Fladenbrot aus Schweden'>Br\u00f6dkakor &#8211; rustikales Fladenbrot aus Schweden<\/a><br \/>\nNadine von M\u00f6hreneck mit <a href='https:\/\/www.moehreneck.de\/2020\/07\/27\/vegane-kanelbullar\/' target='_blank' rel=\"noopener\" title='vegane Kanelbullar'>vegane Kanelbullar<\/a><br \/>\nBritta von Brittas Kochbuch mit <a href='https:\/\/brittas-kochbuch.info\/?p=18840' target='_blank' rel=\"noopener\" title='Schwedische Haferkekse'>Schwedische Haferkekse<\/a><br \/>\nKatja von Kaffeebohne mit <a href='https:\/\/www.fambrenner.de\/Kaffeebohne\/wordpress\/2020\/07\/26\/kulinarische-weltreise-schweden-schwedischer-garnelencocktail\/' target='_blank' rel=\"noopener\" title='Schwedischer Garnelencocktail'>Schwedischer Garnelencocktail<\/a><br \/>\nCarina von Coffee2Stay mit <a href='https:\/\/coffee2stay.wordpress.com\/2020\/07\/26\/groetbroed-schwedisches-haferbrei-brot\/' target='_blank' rel=\"noopener\" title='Gr\u00f6tbr\u00f6d - Porridge-Brot'>Gr\u00f6tbr\u00f6d &#8211; Porridge-Brot<\/a><br \/>\nSylvia von Brotwein mit <a href='https:\/\/brotwein.net\/lachs-beizen-rezept-mit-gin-zitrone-und-rote-bete-4696' target='_blank' rel=\"noopener\" title='Lachs beizen - Rezept mit Gin, Zitrone und Rote Bete'>Lachs beizen &#8211; Rezept mit Gin, Zitrone und Rote Bete<\/a><br \/>\nChristian von SavoryLens mit <a href='https:\/\/ourfoodcreations.blogspot.com\/2020\/07\/kulinarische-weltreise-schweden-teil-i.html' target='_blank' rel=\"noopener\" title='Chokladbollar - Schwedische Schokoladenkugeln'>Chokladbollar &#8211; Schwedische Schokoladenkugeln<\/a><br \/>\nAndrea von our food creations mit <a href='https:\/\/ourfoodcreations.blogspot.com\/2020\/07\/kulinarische-weltreise-schweden-teil-ii.html' target='_blank' rel=\"noopener\" title='Vollwert-Kn\u00e4cke mit Kr\u00e4uter-Radieschen-Quark'>Vollwert-Kn\u00e4cke mit Kr\u00e4uter-Radieschen-Quark<\/a><br \/>\nAndrea von our food creations mit <a href='https:\/\/ourfoodcreations.blogspot.com\/2020\/07\/kulinarische-weltreise-schweden-teil-ii.html' target='_blank' rel=\"noopener\" title='Glasierter Senf-Preiselbeer-Braten mit Honig-Senf-Sauce'>Glasierter Senf-Preiselbeer-Braten mit Honig-Senf-Sauce<\/a><br \/>\nAndrea von our food creations mit <a href='https:\/\/ourfoodcreations.blogspot.com\/2020\/07\/kulinarische-weltreise-schweden-teil-iii.html' target='_blank' rel=\"noopener\" title='Kleine F(r)ischk\u00e4se T\u00f6rtchen - angelehnt an die schwedische Sm\u00f6rg\u00e5st\u00e5rta'>Kleine F(r)ischk\u00e4se T\u00f6rtchen &#8211; angelehnt an die schwedische Sm\u00f6rg\u00e5st\u00e5rta<\/a><br \/>\nSylvia von Brotwein mit <a href='https:\/\/brotwein.net\/roggen-knaeckebrot-rezept-knusprig-herzhaft-47011' target='_blank' rel=\"noopener\" title='Roggen Kn\u00e4ckebrot Rezept - knusprig herzhaft'>Roggen Kn\u00e4ckebrot Rezept &#8211; knusprig herzhaft<\/a><br \/>\nVolker von Volkermampft mit <a href='https:\/\/volkermampft.de\/schwedische-koettbullar-besser-als-bei-ikea' target='_blank' rel=\"noopener\" title='Schwedische K\u00f6ttbullar - besser als bei Ikea!'>Schwedische K\u00f6ttbullar &#8211; besser als bei Ikea!<\/a><br \/>\nVolker von Volkermampft mit <a href='https:\/\/volkermampft.de\/kalops-schwedisches-rindergulasch-mit-roter-beete' target='_blank' rel=\"noopener\" title='Kalops - Schwedisches Rindergulasch mit Roter Beete'>Kalops &#8211; Schwedisches Rindergulasch mit Roter Beete<\/a><\/p>\n<hr \/>\n<div align= \"right\"><span style=\"font-size: 0.625rem; \"1\">Tags: <a class= \"techtag\" href= \"https:\/\/www.wassersch.eu\/Rezepte\/Index\/Rez_B#Backen\" rel= \"tag\">Backen<\/a>, <a class= \"techtag\" href= \"https:\/\/www.wassersch.eu\/Rezepte\/Index\/Rez_B#Brot\" rel= \"tag\">Brot<\/a>, <a class= \"techtag\" href= \"https:\/\/www.wassersch.eu\/Rezepte\/Index\/Rez_H#Hefe\" rel= \"tag\">Hefe<\/a>, <a class= \"techtag\" href= \"https:\/\/www.wassersch.eu\/Rezepte\/Index\/Rez_K#Karotte\" rel= \"tag\">Karotte<\/a>, <a class= \"techtag\" href= \"https:\/\/www.wassersch.eu\/Rezepte\/Index\/Rez_S#Schweden\" rel= \"tag\">Schweden<\/a><\/span> <\/div>\n","protected":false},"excerpt":{"rendered":"<p>Dieses Brot wollte ich schon lange nachbacken. Gegessen haben wir es im Hotel Jokkmokk im gleichnamigen Ort in Nordschweden vor drei Jahren. Es war so lecker, dass ich mir vom Koch das Rezept erbeten habe. Aber zugegebenerma\u00dfen ist es nicht wirklich au\u00dfergew\u00f6hnlich, aber das Resultat schmeckt einfach. Schwedisches helles Karottenbrot aus Jokkmokk Quellenangabe: Erfasst 24.07.2020 &hellip; <a href=\"https:\/\/wassersch.eu\/corumblog\/2020\/07\/schwedisches-helles-karottenbrot-aus-jokkmokk\/\" class=\"more-link\"><span class=\"screen-reader-text\">\u201eSchwedisches helles Karottenbrot aus Jokkmokk\u201c<\/span> weiterlesen<\/a><\/p>\n","protected":false},"author":1,"featured_media":0,"comment_status":"open","ping_status":"open","sticky":false,"template":"","format":"standard","meta":{"jetpack_post_was_ever_published":false,"_jetpack_newsletter_access":"","_jetpack_dont_email_post_to_subs":false,"_jetpack_newsletter_tier_id":0,"_jetpack_memberships_contains_paywalled_content":false,"_jetpack_memberships_contains_paid_content":false,"footnotes":"","jetpack_publicize_message":"Schwedisches helles Karottenbrot aus Jokkmokk","jetpack_publicize_feature_enabled":true,"jetpack_social_post_already_shared":true,"jetpack_social_options":{"image_generator_settings":{"template":"highway","default_image_id":0,"font":"","enabled":false},"version":2}},"categories":[485,2,491],"tags":[23,44,24,575,65,80],"class_list":["post-4733","post","type-post","status-publish","format-standard","hentry","category-brot","category-kochen-backen-und-geniessen","category-schweden","tag-backenherzhaft","tag-blog-event","tag-brot","tag-diekulinarischeweltreise","tag-karotte","tag-schweden"],"jetpack_publicize_connections":[],"jetpack_featured_media_url":"","jetpack_sharing_enabled":true,"jetpack_shortlink":"https:\/\/wp.me\/p923CK-1el","jetpack-related-posts":[],"_links":{"self":[{"href":"https:\/\/wassersch.eu\/corumblog\/wp-json\/wp\/v2\/posts\/4733","targetHints":{"allow":["GET"]}}],"collection":[{"href":"https:\/\/wassersch.eu\/corumblog\/wp-json\/wp\/v2\/posts"}],"about":[{"href":"https:\/\/wassersch.eu\/corumblog\/wp-json\/wp\/v2\/types\/post"}],"author":[{"embeddable":true,"href":"https:\/\/wassersch.eu\/corumblog\/wp-json\/wp\/v2\/users\/1"}],"replies":[{"embeddable":true,"href":"https:\/\/wassersch.eu\/corumblog\/wp-json\/wp\/v2\/comments?post=4733"}],"version-history":[{"count":10,"href":"https:\/\/wassersch.eu\/corumblog\/wp-json\/wp\/v2\/posts\/4733\/revisions"}],"predecessor-version":[{"id":6091,"href":"https:\/\/wassersch.eu\/corumblog\/wp-json\/wp\/v2\/posts\/4733\/revisions\/6091"}],"wp:attachment":[{"href":"https:\/\/wassersch.eu\/corumblog\/wp-json\/wp\/v2\/media?parent=4733"}],"wp:term":[{"taxonomy":"category","embeddable":true,"href":"https:\/\/wassersch.eu\/corumblog\/wp-json\/wp\/v2\/categories?post=4733"},{"taxonomy":"post_tag","embeddable":true,"href":"https:\/\/wassersch.eu\/corumblog\/wp-json\/wp\/v2\/tags?post=4733"}],"curies":[{"name":"wp","href":"https:\/\/api.w.org\/{rel}","templated":true}]}}