{"id":452,"date":"2012-03-12T14:55:00","date_gmt":"2012-03-12T13:55:00","guid":{"rendered":"http:\/\/wassersch.eu\/corumblog\/weizenbrot-basis-rezept-75230334\/"},"modified":"2012-03-12T14:55:00","modified_gmt":"2012-03-12T13:55:00","slug":"weizenbrot-basis-rezept-75230334","status":"publish","type":"post","link":"https:\/\/wassersch.eu\/corumblog\/2012\/03\/weizenbrot-basis-rezept-75230334\/","title":{"rendered":"Ein Teig &#8230;"},"content":{"rendered":"<p>&#8230; und zwei Gelegenheiten:<\/p>\n<p>Gestern waren wir zu einer Geburtstags-cum-Wohnungseinweihungs-Feier eingeladen. Weil sowieso gerade kein Brot mehr im Haus war, habe ich nachgeholfen und gleich zwei Brote gebacken: eines als Geschenk h\u00fcbsch verpackt und mit einer Portion Salz und eines pragmatischerweise als heutiges Abendessen.<\/p>\n<p>Weil es schnell gehen sollte, habe ich auf Zorras bew\u00e4hrte <a href=\"http:\/\/kochtopf.me\/stories\/1-basisrezept-12-weitere-brote-das-buch-zum-brotback-projekt-2011\/\" target= \"_blank\">Brotrezepte<\/a> zur\u00fcckgegriffen und mich dieses Mal auf das Standardrezept beschr\u00e4nkt.<\/p>\n<p><img decoding=\"async\" src=\"http:\/\/www.wassersch.eu\/Blog\/Rez\/WeizenbrotBasisrezept2.jpg\" alt=\"WeizenbrotBasisrezept2.jpg\" title=\"Weizenbrot Basis-Rezept\" \/><\/p>\n<h3>Basis-Brotrezept<\/h3>\n<table border= \"0\" width= \"100%\">\n<tr>\n<td width= \"150\" align= \"left\">Quellenangabe: <\/td>\n<td>&#8222;1 Basisrezept &#8211; 12 weitere Brote&#8220; von <a href=\"http:\/\/kochtopf.me\">Zorra<\/a><br \/>Das Basis-Rezept; leicht abgewandelt<br \/>Gebacken 11.03.2012 und erfa\u00dft 12.03.2012 von Sus<\/td>\n<\/tr>\n<tr>\n<td width= \"150\" align= \"left\">Kategorien: <\/td>\n<td>Brot, Weizen<\/td>\n<\/tr>\n<tr>\n<td width= \"150\" align= \"left\">Mengenangaben f&uuml;r: <\/td>\n<td>1 Laib<\/td>\n<\/tr>\n<\/table>\n<h4>Zutaten:<\/h4>\n<table>\n<tr>\n<td width= \"50\" align= \"right\"><\/td>\n<td width= \"100\"><\/td>\n<td><strong>Vorteig:<\/strong><\/td>\n<\/tr>\n<tr>\n<td width= \"50\" align= \"right\">100<\/td>\n<td width= \"100\">g<\/td>\n<td>Weizenmehl<\/td>\n<\/tr>\n<tr>\n<td width= \"50\" align= \"right\">50<\/td>\n<td width= \"100\">g<\/td>\n<td>Vollkornweizenmehl (Sus: Vollkorndinkelmehl)<\/td>\n<\/tr>\n<tr>\n<td width= \"50\" align= \"right\">100<\/td>\n<td width= \"100\">g<\/td>\n<td>Wasser<\/td>\n<\/tr>\n<tr>\n<td width= \"50\" align= \"right\">2<\/td>\n<td width= \"100\">g<\/td>\n<td>Frischhefe<\/td>\n<\/tr>\n<tr>\n<td width= \"50\" align= \"right\">2<\/td>\n<td width= \"100\">g<\/td>\n<td>Salz<\/td>\n<\/tr>\n<tr>\n<td width= \"50\" align= \"right\"><\/td>\n<td width= \"100\"><\/td>\n<td><strong>Endg\u00fcltiger Teig:<\/strong><\/td>\n<\/tr>\n<tr>\n<td width= \"50\" align= \"right\">250<\/td>\n<td width= \"100\">g<\/td>\n<td>Weizenmehl<\/td>\n<\/tr>\n<tr>\n<td width= \"50\" align= \"right\">100<\/td>\n<td width= \"100\">g<\/td>\n<td>Vollkornweizenmehl (Sus: Vollkorndinkelmehl)<\/td>\n<\/tr>\n<tr>\n<td width= \"50\" align= \"right\">210<\/td>\n<td width= \"100\">g<\/td>\n<td>Wasser<\/td>\n<\/tr>\n<tr>\n<td width= \"50\" align= \"right\">7<\/td>\n<td width= \"100\">g<\/td>\n<td>Frischhefe<\/td>\n<\/tr>\n<tr>\n<td width= \"50\" align= \"right\">8<\/td>\n<td width= \"100\">g<\/td>\n<td>Salz<\/td>\n<\/tr>\n<tr>\n<td width= \"50\" align= \"right\"><\/td>\n<td width= \"100\"><\/td>\n<td>Pfeffer; aus der M\u00fchle (Sus: kommt bei mir immer in Brotteig)<\/td>\n<\/tr>\n<tr>\n<td width= \"50\" align= \"right\">254<\/td>\n<td width= \"100\">g<\/td>\n<td>Vorteig<\/td>\n<\/tr>\n<\/table>\n<h4>Zubereitung:<\/h4>\n<p>Vorteig:<\/p>\n<p>Zuerst Hefe abwiegen, das geht am besten mit einer L\u00f6ffelwaage. Wer keine hat, einfach ein paar Kr\u00fcmel Hefe in die kleine Sch\u00fcssel geben. Wasser zur Hefe geben und mit der Hefe verr\u00fchren, damit sie sich aufl\u00f6st.<\/p>\n<p>Mehl und Salz dazugeben und zu einem Teig verr\u00fchren und dann ca. 2 Minuten kneten.<\/p>\n<p>Deckel auf die Sch\u00fcssel legen, aber nicht verschlie\u00dfen. Der Teig braucht Luft. 1 Stunde bei Raumtemperatur stehen lassen und anschlie\u00dfend f\u00fcr 12 bis maximal 24 Stunden in den K\u00fchlschrank stellen. Wenn es k\u00fchl genug ist (16 \u00b0C), kann der Teig auch drau\u00dfen stehen bleiben. Am n\u00e4chsten Morgen sollte er sein Volumen verdoppelt haben. Falls der Teig im K\u00fchlschrank war, mindestens 30 Minuten vor der Teigherstellung aus dem K\u00fchlschrank holen. Sollte er noch nicht so viel gegangen sein, etwas l\u00e4nger stehen lassen.<\/p>\n<p>Teig:<\/p>\n<p>F\u00fcr den endg\u00fcltigen Teig die Hefe in etwas Wasser aufl\u00f6sen oder direkt ins Mehl kr\u00fcmeln. Wasser zum Vorteig geben und etwas aufl\u00f6sen. Alle Zutaten au\u00dfer Salz in die Sch\u00fcssel der K\u00fcchenmaschine geben und 4 Minuten auf Stufe 1.5 (von 4) kneten.<\/p>\n<p>Salz und Pfeffer dazugeben und auf Stufe 2 (von 4) 6 Minuten fertigkneten. Der Teig ist &#8218;richtig&#8216;, wenn er noch ganz leicht an der Sch\u00fcssel kleben bleibt, aber man ihn trotzdem von Hand zu einem Ballen formen kann. Den Teig zugedeckt bei Raumtemperatur oder im ganz leicht aufgeheizten Ofen insgesamt 60-75 Minuten ruhen lassen. Man kann beispielsweise den Ofen w\u00e4hrend 1 Minute auf 50 Grad aufheizen. So hat er gerade die richtige Temperatur f\u00fcr den Teig. Es funktioniert auch, wenn man nur die Beleuchtung einschaltet. Der Backofen darf auf keinen Fall \u00fcber 40 \u00b0C haben, sonst stirbt die Hefe und der Teig geht nicht mehr auf.<\/p>\n<p>Nach 30 Minuten den Teig 1x falten. Dazu den Teig aus der Sch\u00fcssel auf die bemehlte Arbeitsfl\u00e4che legen und zu einem Rechteck dr\u00fccken.<\/p>\n<p>Das obere Drittel ca. in die H\u00e4lfte falten, dann das untere Drittel dar\u00fcber falten. Wie, wenn man einen Brief 3-fach faltet. Nochmals wiederholen, jetzt aber von der Seite her. Wieder in die Sch\u00fcssel legen und im Backofen wieder gehen lassen.<\/p>\n<p>Nach insgesamt 60-75 Minuten einen runden Laib formen und mit Schluss nach unten in ein rundes Brotk\u00f6rbchen legen.<\/p>\n<p>Ofen und Backblech auf 230 \u00b0C vorheizen. Brot vorsichtig direkt aufs hei\u00dfe Blech kippen. Etwas Wasser in den Backofen spr\u00fchen. 15 Minuten backen, dann kurz die Ofent\u00fcr \u00f6ffnen, um Dampf entweichen zu lassen, Temperatur auf 210 Grad herunterschalten und in ca. 20 Minuten fertigbacken. Backofen ausschalten, die Ofent\u00fcre mit einer Kelle einen Spalt offen halten und das Brot weitere 5 Minuten im Backofen lassen. Die Unterseite des Brotes sollte hohl klingen, wenn man mit den Fingerkn\u00f6cheln darauf klopft. Danach das Brot herausnehmen und auf einem Gitter ausk\u00fchlen lassen.<\/p>\n<h4>Anmerkungen:<\/h4>\n<p><img src= \"http:\/\/www.wassersch.eu\/Blog\/Rez\/WeizenbrotBasisrezept3.jpg\" alt= \"WeizenbrotBasisrezept3.jpg\" title=\"Weizenbrot Basis-Rezept - Immer noch aufgehender Teig\" class= \"left\" \/>&#8211; Ich habe ca. die doppelte Menge des angegebenen Rezepts zubereitet. Das Brot auf den Bildern entspricht einem Drittel dieser doppelten Menge.<\/p>\n<p>&#8211; Ich hatte keine passendes Brotk\u00f6rbchen, da habe ich flache Silikonbackformen verwendet und den Teig auch darin gehen lassen. Das runde Brot war als Geschenk gedacht, f\u00fcr das kleinere Brot hatte ich dann nur noch eine Herzform. Jetzt haben wir heute abend ein Herz-Brot. \ud83d\ude42<\/p>\n<p>&#8211; F\u00fcr Bild-Referenzen, weitere Erl\u00e4uterungen und Rezeptideen siehe das <a  href=\"http:\/\/kochtopf.me\/stories\/1-basisrezept-12-weitere-brote-das-buch-zum-brotback-projekt-2011\/\" target= \"_blank\">PDF<\/a> von Zorra.<br clear= \"all\" \/><\/p>\n<hr \/>\n<div class= \"snap_nopreview\" align= \"right\"><font size= \"1\">Tags: <a class= \"techtag\" href= \"http:\/\/www.wassersch.eu\/Rezepte\/Index\/RezeptIndex.html\" rel= \"tag\">Rezept<\/a>, <a class= \"techtag\" href= \"http:\/\/www.wassersch.eu\/Rezepte\/Index\/Rez_B#Brot\" rel= \"tag\">Brot<\/a>, <a class= \"techtag\" href= \"http:\/\/www.wassersch.eu\/Rezepte\/Index\/Rez_W#Weizen\" rel= \"tag\">Weizen<\/a><\/font> <\/div>\n","protected":false},"excerpt":{"rendered":"<p>&#8230; und zwei Gelegenheiten: Gestern waren wir zu einer Geburtstags-cum-Wohnungseinweihungs-Feier eingeladen. Weil sowieso gerade kein Brot mehr im Haus war, habe ich nachgeholfen und gleich zwei Brote gebacken: eines als Geschenk h\u00fcbsch verpackt und mit einer Portion Salz und eines pragmatischerweise als heutiges Abendessen. Weil es schnell gehen sollte, habe ich auf Zorras bew\u00e4hrte Brotrezepte &hellip; <a href=\"https:\/\/wassersch.eu\/corumblog\/2012\/03\/weizenbrot-basis-rezept-75230334\/\" class=\"more-link\"><span class=\"screen-reader-text\">\u201eEin Teig &#8230;\u201c<\/span> weiterlesen<\/a><\/p>\n","protected":false},"author":1,"featured_media":0,"comment_status":"open","ping_status":"open","sticky":false,"template":"","format":"standard","meta":{"jetpack_post_was_ever_published":false,"_jetpack_newsletter_access":"","_jetpack_dont_email_post_to_subs":false,"_jetpack_newsletter_tier_id":0,"_jetpack_memberships_contains_paywalled_content":false,"_jetpack_memberships_contains_paid_content":false,"footnotes":"","jetpack_publicize_message":"","jetpack_publicize_feature_enabled":true,"jetpack_social_post_already_shared":false,"jetpack_social_options":{"image_generator_settings":{"template":"highway","default_image_id":0,"font":"","enabled":false},"version":2}},"categories":[2],"tags":[],"class_list":["post-452","post","type-post","status-publish","format-standard","hentry","category-kochen-backen-und-geniessen"],"jetpack_publicize_connections":[],"jetpack_featured_media_url":"","jetpack_sharing_enabled":true,"jetpack_shortlink":"https:\/\/wp.me\/p923CK-7i","jetpack-related-posts":[],"_links":{"self":[{"href":"https:\/\/wassersch.eu\/corumblog\/wp-json\/wp\/v2\/posts\/452","targetHints":{"allow":["GET"]}}],"collection":[{"href":"https:\/\/wassersch.eu\/corumblog\/wp-json\/wp\/v2\/posts"}],"about":[{"href":"https:\/\/wassersch.eu\/corumblog\/wp-json\/wp\/v2\/types\/post"}],"author":[{"embeddable":true,"href":"https:\/\/wassersch.eu\/corumblog\/wp-json\/wp\/v2\/users\/1"}],"replies":[{"embeddable":true,"href":"https:\/\/wassersch.eu\/corumblog\/wp-json\/wp\/v2\/comments?post=452"}],"version-history":[{"count":0,"href":"https:\/\/wassersch.eu\/corumblog\/wp-json\/wp\/v2\/posts\/452\/revisions"}],"wp:attachment":[{"href":"https:\/\/wassersch.eu\/corumblog\/wp-json\/wp\/v2\/media?parent=452"}],"wp:term":[{"taxonomy":"category","embeddable":true,"href":"https:\/\/wassersch.eu\/corumblog\/wp-json\/wp\/v2\/categories?post=452"},{"taxonomy":"post_tag","embeddable":true,"href":"https:\/\/wassersch.eu\/corumblog\/wp-json\/wp\/v2\/tags?post=452"}],"curies":[{"name":"wp","href":"https:\/\/api.w.org\/{rel}","templated":true}]}}