{"id":428,"date":"2012-05-14T13:08:00","date_gmt":"2012-05-14T11:08:00","guid":{"rendered":"http:\/\/wassersch.eu\/corumblog\/ueberbackenes-erdbeer-dessert-96989787\/"},"modified":"2012-05-14T13:08:00","modified_gmt":"2012-05-14T11:08:00","slug":"ueberbackenes-erdbeer-dessert-96989787","status":"publish","type":"post","link":"https:\/\/wassersch.eu\/corumblog\/2012\/05\/ueberbackenes-erdbeer-dessert-96989787\/","title":{"rendered":"Hei\u00df und kalt &#8230;"},"content":{"rendered":"<p><a href= \"http:\/\/kochtopf.me\/stories\/7-jahre-blog-event-schaumig-luftig\" title=\"7 Jahre Blog-Event - schaumig &#038; luftig! (Einsendeschluss 15. Mai 2012)\" target= \"_blank\"><img loading=\"lazy\" decoding=\"async\" src=\"http:\/\/farm8.staticflickr.com\/7203\/7095978937_995bbffe2b.jpg\" width=\"500\" height=\"112\" alt=\"7 Jahre Blog-Event - schaumig &#038; luftig! (Einsendeschluss 15. Mai 2012)\" \/><\/a><\/p>\n<p>So allm\u00e4hlich beginnt hier die Erdbeerzeit, auch wenn die vollreifen und gut schmeckenden Fr\u00fcchte wohl noch aus dem Gew\u00e4chshaus bzw. Folientunnel stammen d\u00fcrften.<\/p>\n<p>Das Wetter gestern war &#8211; trotz des strahlenden Sonnenscheins &#8211; eigentlich ein wenig zu frisch f\u00fcr ein Eis-Dessert. Deshalb haben wir es kurz zum Aufw\u00e4rmen in den Backofen geschoben&#8230; <img decoding=\"async\" src=\"http:\/\/www.wassersch.eu\/Blog\/Blog\/SmileyGrin.gif\" alt=\"SmileyGrin.gif\" title=\"\" \/><\/p>\n<p>Durch den gegrillten Eischnee ist dieses Dessert ein idealer Kandidat f\u00fcr Zorras <font color=\"#FF00FF\">77.<\/font> Blog-Event <a href=\"http:\/\/kochtopf.me\/stories\/7-jahre-blog-event-schaumig-luftig\/\" target= \"_blank\">&#8222;Schaumig &#038; luftig!&#8220;<\/a>, mit dem der <font color=\"#FF00FF\">7.<\/font> Jahrestag des ersten Blog-Events im <a href=\"http:\/\/kochtopf.me\" target= \"_blank\">Kochtopf aka 1x umr\u00fchren bitte<\/a> gefeiert wird. Ich bin erst beim <a href= \"http:\/\/kochtopf.me\/stories\/blog-event-viii-zitrusfrchte\/\" target= \"_blank\">8. Event &#8222;Zitrusfr\u00fcchte&#8220;<\/a> eingestiegen, habe aber seitdem ziemlich regelm\u00e4\u00dfig teilgenommen. Ach ja, <a href=\"http:\/\/kochtopf.me\/stories\/blog-event-xvii-oktoberfest-2\/\" target= \"_blank\">Nr. 17 &#8211; &#8222;Oktoberfest&#8220;<\/a> &#8211; durfte ich dann sogar selbst ausrichten! (Ist aber auch schon wieder eine Ewigkeit her&#8230;)<\/p>\n<p>Danke. liebe Zorra, f\u00fcr Deine Geduld und Motivation beim Organisieren Deiner vielen, vielen Events! Und nachdem das verflixte 7. Jahr nun vorbei ist, kann es ja nun munter weitergehen &#8230; <img decoding=\"async\" src=\"http:\/\/www.wassersch.eu\/Blog\/Blog\/SmileyGrin.gif\" alt=\"SmileyGrin.gif\" title=\"\" \/><\/p>\n<p><img decoding=\"async\" src=\"http:\/\/www.wassersch.eu\/Blog\/Rez\/ErdbeerDessertUeberbacken.jpg\" alt=\"ErdbeerDessertUeberbacken.jpg\" title=\"\u00dcberbackenes Erdbeer-Dessert\" \/><\/p>\n<h3>\u00dcberbackenes Erdbeer-Dessert<\/h3>\n<table border= \"0\" width= \"100%\">\n<tr>\n<td width= \"150\" align= \"left\">Quellenangabe: <\/td>\n<td>Erfasst 14.05.2012 von Sus<\/td>\n<\/tr>\n<tr>\n<td width= \"150\" align= \"left\">Kategorien: <\/td>\n<td>Erdbeere, Dessert, \u00dcberbacken<\/td>\n<\/tr>\n<tr>\n<td width= \"150\" align= \"left\">Mengenangaben f&uuml;r: <\/td>\n<td>4 Portionen<\/td>\n<\/tr>\n<\/table>\n<h4>Zutaten:<\/h4>\n<table>\n<tr>\n<td width= \"50\" align= \"right\">500<\/td>\n<td width= \"100\">g<\/td>\n<td>Erdbeeren<\/td>\n<\/tr>\n<tr>\n<td width= \"50\" align= \"right\">2-3<\/td>\n<td width= \"100\">E\u00dfl\u00f6ffel<\/td>\n<td>Zucker<\/td>\n<\/tr>\n<tr>\n<td width= \"50\" align= \"right\">8<\/td>\n<td width= \"100\">Teel\u00f6ffel<\/td>\n<td>Schokoladenraspel<\/td>\n<\/tr>\n<tr>\n<td width= \"50\" align= \"right\">8<\/td>\n<td width= \"100\">Teel\u00f6ffel<\/td>\n<td>Mandelsplitter<\/td>\n<\/tr>\n<tr>\n<td width= \"50\" align= \"right\">4<\/td>\n<td width= \"100\"><\/td>\n<td>Kugeln Vanille- oder Stracciatella-Eis<\/td>\n<\/tr>\n<tr>\n<td width= \"50\" align= \"right\">4<\/td>\n<td width= \"100\"><\/td>\n<td>Eiwei\u00df<\/td>\n<\/tr>\n<tr>\n<td width= \"50\" align= \"right\">1<\/td>\n<td width= \"100\">Teel\u00f6ffel<\/td>\n<td>Puderzucker; bis doppelte Menge<\/td>\n<\/tr>\n<tr>\n<td width= \"50\" align= \"right\">4<\/td>\n<td width= \"100\"><\/td>\n<td>Stengel Minze<\/td>\n<\/tr>\n<\/table>\n<h4>Zubereitung:<\/h4>\n<p>Erdbeeren waschen, putzen und in St\u00fccke schneiden. Mit Zucker ziehen lassen. Mandelscheiben in einer trockenen Pfanne vorsichtig r\u00f6sten. Eiwei\u00df mit dem Puderzucker steif schlagen.<\/p>\n<p>Erdbeeren in feuerfeste F\u00f6rmchen legen und mit Schokolade und Mandeln bestreuen. Eis darauf geben und locker mit Eischnee bedecken.<\/p>\n<p>Unter dem Backofen-Grill (am besten schon etwas vorgeheizt) grillen, bis der Eischnee karamelisiert. Mit Minze garnieren und servieren.<\/p>\n<hr \/>\n<div class= \"snap_nopreview\" align= \"right\"><font size= \"1\">Tags: <a class= \"techtag\" href= \"http:\/\/www.wassersch.eu\/Rezepte\/Index\/RezeptIndex.html\" rel= \"tag\">Rezept<\/a>, <a class= \"techtag\" href= \"http:\/\/www.wassersch.eu\/Rezepte\/Index\/Rez_E#Erdbeere\" rel= \"tag\">Erdbeere<\/a>, <a class= \"techtag\" href= \"http:\/\/www.wassersch.eu\/Rezepte\/Index\/Rez_D#Dessert\" rel= \"tag\">Dessert<\/a>, <a class= \"techtag\"  href= \"http:\/\/www.wassersch.eu\/Rezepte\/Index\/Rez_U#Ueberbacken\" rel= \"tag\">\u00dcberbacken<\/a>, <a class= \"techtag\" href= \"http:\/\/www.wassersch.eu\/Rezepte\/Index\/Rez_B#Blog-Event\" rel= \"tag\">Blog-Event<\/a><\/font> <\/div>\n","protected":false},"excerpt":{"rendered":"<p>So allm\u00e4hlich beginnt hier die Erdbeerzeit, auch wenn die vollreifen und gut schmeckenden Fr\u00fcchte wohl noch aus dem Gew\u00e4chshaus bzw. Folientunnel stammen d\u00fcrften. Das Wetter gestern war &#8211; trotz des strahlenden Sonnenscheins &#8211; eigentlich ein wenig zu frisch f\u00fcr ein Eis-Dessert. Deshalb haben wir es kurz zum Aufw\u00e4rmen in den Backofen geschoben&#8230; Durch den gegrillten &hellip; <a href=\"https:\/\/wassersch.eu\/corumblog\/2012\/05\/ueberbackenes-erdbeer-dessert-96989787\/\" class=\"more-link\"><span class=\"screen-reader-text\">\u201eHei\u00df und kalt &#8230;\u201c<\/span> weiterlesen<\/a><\/p>\n","protected":false},"author":1,"featured_media":0,"comment_status":"open","ping_status":"open","sticky":false,"template":"","format":"standard","meta":{"jetpack_post_was_ever_published":false,"_jetpack_newsletter_access":"","_jetpack_dont_email_post_to_subs":false,"_jetpack_newsletter_tier_id":0,"_jetpack_memberships_contains_paywalled_content":false,"_jetpack_memberships_contains_paid_content":false,"footnotes":"","jetpack_publicize_message":"","jetpack_publicize_feature_enabled":true,"jetpack_social_post_already_shared":false,"jetpack_social_options":{"image_generator_settings":{"template":"highway","default_image_id":0,"font":"","enabled":false},"version":2}},"categories":[2],"tags":[],"class_list":["post-428","post","type-post","status-publish","format-standard","hentry","category-kochen-backen-und-geniessen"],"jetpack_publicize_connections":[],"jetpack_featured_media_url":"","jetpack_sharing_enabled":true,"jetpack_shortlink":"https:\/\/wp.me\/p923CK-6U","jetpack-related-posts":[],"_links":{"self":[{"href":"https:\/\/wassersch.eu\/corumblog\/wp-json\/wp\/v2\/posts\/428","targetHints":{"allow":["GET"]}}],"collection":[{"href":"https:\/\/wassersch.eu\/corumblog\/wp-json\/wp\/v2\/posts"}],"about":[{"href":"https:\/\/wassersch.eu\/corumblog\/wp-json\/wp\/v2\/types\/post"}],"author":[{"embeddable":true,"href":"https:\/\/wassersch.eu\/corumblog\/wp-json\/wp\/v2\/users\/1"}],"replies":[{"embeddable":true,"href":"https:\/\/wassersch.eu\/corumblog\/wp-json\/wp\/v2\/comments?post=428"}],"version-history":[{"count":0,"href":"https:\/\/wassersch.eu\/corumblog\/wp-json\/wp\/v2\/posts\/428\/revisions"}],"wp:attachment":[{"href":"https:\/\/wassersch.eu\/corumblog\/wp-json\/wp\/v2\/media?parent=428"}],"wp:term":[{"taxonomy":"category","embeddable":true,"href":"https:\/\/wassersch.eu\/corumblog\/wp-json\/wp\/v2\/categories?post=428"},{"taxonomy":"post_tag","embeddable":true,"href":"https:\/\/wassersch.eu\/corumblog\/wp-json\/wp\/v2\/tags?post=428"}],"curies":[{"name":"wp","href":"https:\/\/api.w.org\/{rel}","templated":true}]}}