{"id":4203,"date":"2019-12-29T14:43:17","date_gmt":"2019-12-29T13:43:17","guid":{"rendered":"http:\/\/wassersch.eu\/corumblog\/?p=4203"},"modified":"2023-02-16T10:14:55","modified_gmt":"2023-02-16T09:14:55","slug":"kurkuma-ingwer-shortbread","status":"publish","type":"post","link":"https:\/\/wassersch.eu\/corumblog\/2019\/12\/kurkuma-ingwer-shortbread\/","title":{"rendered":"Kurkuma-Ingwer-Shortbread"},"content":{"rendered":"<p>Kurkuma ist ja momentan in aller Munde als das Wundermittel gegen Arthrose, Alzheimer, Diabetes, Rheuma, Krebs und was-wei\u00df-ich-noch-alles. Warum nicht auch in Pl\u00e4tzchen?<\/p>\n<p>Wenn man es denn zu sich nimmt, sollte aber auch immer etwas Pfeffer dabei sein, sonst wird das Curcumin vom menschlichen K\u00f6rper nur schlecht aufgenommen.<\/p>\n<p>Die folgenden Pl\u00e4tzchen haben mich angelacht, denn ich mag <a href=\"https:\/\/www.wassersch.eu\/corumblog\/tag\/Shortbread\">Shortbread<\/a>.<\/p>\n<p><img decoding=\"async\" src=\"https:\/\/www.wassersch.eu\/Blog\/Rez\/2019\/KurkumaShortbread.jpg\" alt=\"KurkumaShortbread.jpg\" title=\"Kurkuma-Ingwer-Shortbread\" class=\"center\" ><\/p>\n<h3>Kurkuma-Ingwer-Shortbread<\/h3>\n<table border= \"0\" width= \"100%\">\n<tr>\n<td width= \"200\" align= \"left\">Quellenangabe: <\/td>\n<td>Frei nach Brigitte 23\/2019<br \/>Erfasst 10.12.2019 von Sus<\/td>\n<\/tr>\n<tr>\n<td width= \"200\" align= \"left\">Kategorien: <\/td>\n<td>Backen, Pl\u00e4tzchen, Advent, M\u00fcrbeteig, Ingwer, Kurkuma<\/td>\n<\/tr>\n<tr>\n<td width= \"200\" align= \"left\">Mengenangaben f&uuml;r: <\/td>\n<td>1 Rezept<\/td>\n<\/tr>\n<\/table>\n<h4>Zutaten:<\/h4>\n<table>\n<tr>\n<td width= \"70\" align= \"right\">30<\/td>\n<td width= \"130\">g<\/td>\n<td>Kandierter Ingwer<\/td>\n<\/tr>\n<tr>\n<td width= \"70\" align= \"right\">25<\/td>\n<td width= \"130\">g<\/td>\n<td>Frischer Ingwer<\/td>\n<\/tr>\n<tr>\n<td width= \"70\" align= \"right\">150<\/td>\n<td width= \"130\">g<\/td>\n<td>Mehl (Type 550)<\/td>\n<\/tr>\n<tr>\n<td width= \"70\" align= \"right\">50<\/td>\n<td width= \"130\">g<\/td>\n<td>Reismehl<\/td>\n<\/tr>\n<tr>\n<td width= \"70\" align= \"right\">120<\/td>\n<td width= \"130\">g<\/td>\n<td>Butter, salzig; kalt<\/td>\n<\/tr>\n<tr>\n<td width= \"70\" align= \"right\">40<\/td>\n<td width= \"130\">g<\/td>\n<td>Vollrohrzucker; fein<\/td>\n<\/tr>\n<tr>\n<td width= \"70\" align= \"right\">20<\/td>\n<td width= \"130\">g<\/td>\n<td>Akazienhonig<\/td>\n<\/tr>\n<tr>\n<td width= \"70\" align= \"right\">1\/2<\/td>\n<td width= \"130\">Teel\u00f6ffel<\/td>\n<td>Pfeffer<\/td>\n<\/tr>\n<tr>\n<td width= \"70\" align= \"right\">1<\/td>\n<td width= \"130\">Teel\u00f6ffel<\/td>\n<td>Frischer Kurkuma; gerieben<\/td>\n<\/tr>\n<tr>\n<td width= \"70\" align= \"right\"><\/td>\n<td width= \"130\"><\/td>\n<td>Oder<\/td>\n<\/tr>\n<tr>\n<td width= \"70\" align= \"right\">1<\/td>\n<td width= \"130\">Teel\u00f6ffel<\/td>\n<td>Kurkuma; gemahlen<\/td>\n<\/tr>\n<tr>\n<td width= \"70\" align= \"right\"><\/td>\n<td width= \"130\"><\/td>\n<td>Mehl (zum Bearbeiten)<\/td>\n<\/tr>\n<tr>\n<td width= \"70\" align= \"right\">2<\/td>\n<td width= \"130\">Essl\u00f6ffel<\/td>\n<td>Vollrohrzucker (fein, zum Bestreuen)<\/td>\n<\/tr>\n<\/table>\n<h4>Zubereitung:<\/h4>\n<p>Kandierten Ingwer fein hacken. Frischen Ingwer und Kurkuma sch\u00e4len und fein reiben. Mehl und Reismehl mischen und in eine Sch\u00fcssel sieben. Butter klein w\u00fcrfeln, mit Zucker, Honig, beiden Ingwersorten, Pfeffer und Kurkuma zur Mehlmischung geben. Mit den Knethaken des Handr\u00fchrers kurz zu einem glatten Teig verarbeiten, eventuell nochmals kurz mit den H\u00e4nden kneten. Teig zu einem flachen Fladen formen und abgedeckt f\u00fcr 1 Stunde kalt stellen.<\/p>\n<p>Backofen auf 200 Grad, Umluft 180 Grad, Gas Stufe 4 vorheizen.<\/p>\n<p>Teig auf einer leicht bemehlten Arbeitsfl\u00e4che zu einem Rechteck von etwa 24 x 16 cm Gr\u00f6\u00dfe ausrollen. Die Teigplatte in 24 Streifen von jeweils 2 x 8 cm schneiden. Teigstreifen im Abstand von 3 cm auf ein mit Backpapier ausgelegtes Backblech legen. Mit einem Holzspie\u00df je 5\u20136 L\u00f6cher in die Pl\u00e4tzchen stechen. Die Oberfl\u00e4che d\u00fcnn mit Wasser bestreichen und mit Vollrohrzucker bestreuen. Pl\u00e4tzchen im hei\u00dfen Ofen auf der 2. Schiene von unten etwa 12\u201315 Minuten backen. Auf einem Kuchengitter ganz ausk\u00fchlen lassen.<\/p>\n<hr \/>\n<div align= \"right\"><span style=\"font-size: 0.625rem; \"1\">Index: <a class= \"techtag\" href= \"https:\/\/www.wassersch.eu\/Rezepte\/Index\/Rez_B#BackenSuess\" rel= \"tag\">Backen<\/a>, <a class= \"techtag\" href= \"https:\/\/www.wassersch.eu\/Rezepte\/Index\/Rez_P#Pl\u00e4tzchen\" rel= \"tag\">Pl\u00e4tzchen<\/a>, <a class= \"techtag\" href= \"https:\/\/www.wassersch.eu\/Rezepte\/Index\/Rez_A#Advent\" rel= \"tag\">Advent<\/a>, <a class= \"techtag\" href= \"https:\/\/www.wassersch.eu\/Rezepte\/Index\/Rez_M#M\u00fcrbeteig\" rel= \"tag\">M\u00fcrbeteig<\/a>, <a class= \"techtag\" href= \"https:\/\/www.wassersch.eu\/Rezepte\/Index\/Rez_I#Ingwer\" rel= \"tag\">Ingwer<\/a>, <a class= \"techtag\" href= \"https:\/\/www.wassersch.eu\/Rezepte\/Index\/Rez_K#Kurkuma\" rel= \"tag\">Kurkuma<\/a><\/span> <\/div>\n","protected":false},"excerpt":{"rendered":"<p>Kurkuma ist ja momentan in aller Munde als das Wundermittel gegen Arthrose, Alzheimer, Diabetes, Rheuma, Krebs und was-wei\u00df-ich-noch-alles. Warum nicht auch in Pl\u00e4tzchen? Wenn man es denn zu sich nimmt, sollte aber auch immer etwas Pfeffer dabei sein, sonst wird das Curcumin vom menschlichen K\u00f6rper nur schlecht aufgenommen. Die folgenden Pl\u00e4tzchen haben mich angelacht, denn &hellip; <a href=\"https:\/\/wassersch.eu\/corumblog\/2019\/12\/kurkuma-ingwer-shortbread\/\" class=\"more-link\"><span class=\"screen-reader-text\">\u201eKurkuma-Ingwer-Shortbread\u201c<\/span> weiterlesen<\/a><\/p>\n","protected":false},"author":1,"featured_media":0,"comment_status":"open","ping_status":"open","sticky":false,"template":"","format":"standard","meta":{"jetpack_post_was_ever_published":false,"_jetpack_newsletter_access":"","_jetpack_dont_email_post_to_subs":false,"_jetpack_newsletter_tier_id":0,"_jetpack_memberships_contains_paywalled_content":false,"_jetpack_memberships_contains_paid_content":false,"footnotes":"","jetpack_publicize_message":"Kurkuma-Ingwer-Shortbread","jetpack_publicize_feature_enabled":true,"jetpack_social_post_already_shared":true,"jetpack_social_options":{"image_generator_settings":{"template":"highway","default_image_id":0,"font":"","enabled":false},"version":2}},"categories":[514,2,544],"tags":[150,32,176,464,145,33,463],"class_list":["post-4203","post","type-post","status-publish","format-standard","hentry","category-advent","category-kochen-backen-und-geniessen","category-plaetzchen-backen-suess","tag-advent","tag-backensuess","tag-ingwer","tag-kurkuma","tag-muerbeteig","tag-plaetzchen","tag-shortbread"],"jetpack_publicize_connections":[],"jetpack_featured_media_url":"","jetpack_sharing_enabled":true,"jetpack_shortlink":"https:\/\/wp.me\/p923CK-15N","jetpack-related-posts":[],"_links":{"self":[{"href":"https:\/\/wassersch.eu\/corumblog\/wp-json\/wp\/v2\/posts\/4203","targetHints":{"allow":["GET"]}}],"collection":[{"href":"https:\/\/wassersch.eu\/corumblog\/wp-json\/wp\/v2\/posts"}],"about":[{"href":"https:\/\/wassersch.eu\/corumblog\/wp-json\/wp\/v2\/types\/post"}],"author":[{"embeddable":true,"href":"https:\/\/wassersch.eu\/corumblog\/wp-json\/wp\/v2\/users\/1"}],"replies":[{"embeddable":true,"href":"https:\/\/wassersch.eu\/corumblog\/wp-json\/wp\/v2\/comments?post=4203"}],"version-history":[{"count":7,"href":"https:\/\/wassersch.eu\/corumblog\/wp-json\/wp\/v2\/posts\/4203\/revisions"}],"predecessor-version":[{"id":6125,"href":"https:\/\/wassersch.eu\/corumblog\/wp-json\/wp\/v2\/posts\/4203\/revisions\/6125"}],"wp:attachment":[{"href":"https:\/\/wassersch.eu\/corumblog\/wp-json\/wp\/v2\/media?parent=4203"}],"wp:term":[{"taxonomy":"category","embeddable":true,"href":"https:\/\/wassersch.eu\/corumblog\/wp-json\/wp\/v2\/categories?post=4203"},{"taxonomy":"post_tag","embeddable":true,"href":"https:\/\/wassersch.eu\/corumblog\/wp-json\/wp\/v2\/tags?post=4203"}],"curies":[{"name":"wp","href":"https:\/\/api.w.org\/{rel}","templated":true}]}}