{"id":410,"date":"2012-07-19T20:58:00","date_gmt":"2012-07-19T18:58:00","guid":{"rendered":"http:\/\/wassersch.eu\/corumblog\/floriade-2012-109335173\/"},"modified":"2023-03-27T16:27:40","modified_gmt":"2023-03-27T14:27:40","slug":"floriade-2012-109335173","status":"publish","type":"post","link":"https:\/\/wassersch.eu\/corumblog\/2012\/07\/floriade-2012-109335173\/","title":{"rendered":"Ausflug&#8230;"},"content":{"rendered":"<p>Gestern habe ich mir einen Tag Auszeit von der Arbeit geg\u00f6nnt und bin in aller Herrgottsfr\u00fche an die <strike>holl\u00e4ndische<\/strike> niederl\u00e4ndische Grenze gefahren, genauer: nach Venlo, noch genauer: auf die <a href=\"http:\/\/www.floriade.de\/\" target=\"_blank\" rel=\"noopener\">Floriade<\/a>. Dies ist eine Welt-Garten-Ausstellung mit Expo-Charakter, die nur alle 10 Jahre stattfindet.<\/p>\n<p>\u00dcberraschenderweise war auch die <a href=\"http:\/\/gaertnerblog.de\" target=\"_blank\" rel=\"noopener\">G\u00e4rtnerin<\/a> an diesem Tage da. Zuf\u00e4lle gibt&#8217;s! <img decoding=\"async\" src=\"http:\/\/www.wassersch.eu\/Blog\/Blog\/SmileyPfeif.gif\" alt= \"SmileyPfeif.gif\" title= \"Ja, gell?\" class= \"smiley\"\/> <\/p>\n<p>So bummelten wir gemeinsam \u00fcber das riesige Gel\u00e4nde, bestaunten Blumenbeete und Ausstellungsst\u00fccke, freuten uns \u00fcber das fast perfekte Wetter (zwar gr\u00f6\u00dftenteils bew\u00f6lkt, aber kein Regen, nicht zu kalt und nicht zu warm), pausierten regelm\u00e4\u00dfig an den Restaurantbereichen (sehr angenehm: man konnte sich einfach hinsetzen und wurde nicht vom Personal \u00fcberzeugt, unbedingt etwas zu sich nehmen zu m\u00fcssen) und liefen uns dazwischen die F\u00fc\u00dfe platt.<\/p>\n<p>Jetzt folgen ein paar Impressionen:<\/p>\n<table width= \"100%\">\n<tbody>\n<tr>\n<td align= \"left\"><img src= \"http:\/\/www.wassersch.eu\/Blog\/Div\/Niederlande2012\/Floriade2012Hinweg.jpg\" alt= \"Floriade2012Hinweg.jpg\" title= \"Floriade 2012: Hinweg\" width= \"245\" \/><\/td>\n<td width=\"10\">&nbsp;<\/td>\n<td align= \"right\"><img src= \"http:\/\/www.wassersch.eu\/Blog\/Div\/Niederlande2012\/Floriade2012ErsteBluemchen.jpg\" alt= \"Floriade2012ErsteBluemchen.jpg\" title= \"Floriade 2012: Erste bunte Bl\u00fcmchen\" width= \"245\" \/><\/td>\n<\/tr>\n<tr>\n<td align= \"center\">Der Besucherstrom flie\u00dft zum Eingang &#8230;<\/td>\n<td width=\"10\">&nbsp;<\/td>\n<td align= \"center\">&#8230; um dann gleich von den ersten bunten Bl\u00fcmchen begr\u00fc\u00dft zu werden.<\/td>\n<\/tr>\n<\/tbody>\n<\/table>\n<p>Die Ausstellung ist in mehrere Themenbereiche unterteilt, die nat\u00fcrlich alle etwas mit Garten, Pflanzen und dem Menschen zu tun haben, z.B. Verbindung von Garten und Technik, vorzugsweise auf \u00f6kologisch vertretbarer Basis, die Zukunft der Agrarwirtschaft, Garten und Gesundheit und einige mehr.<\/p>\n<p>Neben mehr oder minder praktischen Ideen und Gestaltungsvorschl\u00e4gen darf nat\u00fcrlich die Kunst auch nicht fehlen:<\/p>\n<table width= \"100%\">\n<tbody>\n<tr>\n<td align= \"left\"><img src= \"http:\/\/www.wassersch.eu\/Blog\/Div\/Niederlande2012\/Floriade2012Kunstblumen.jpg\" alt= \"Floriade2012Kunstblumen.jpg\" title= \"Floriade 2012: K\u00fcnstliche Riesenblumen\" width= \"245\" \/><\/td>\n<td width=\"10\">&nbsp;<\/td>\n<td align= \"right\"><img src= \"http:\/\/www.wassersch.eu\/Blog\/Div\/Niederlande2012\/Floriade2012Leuchtblumen.jpg\" alt= \"Floriade2012Leuchtblumen.jpg\" title= \"Floriade 2012: Leuchtende Blumen, die ihren Namen tanzen k\u00f6nnen\" width= \"245\" \/><\/td>\n<\/tr>\n<tr>\n<td align= \"center\">K\u00fcnstliche Riesenblumen<\/td>\n<td width=\"10\">&nbsp;<\/td>\n<td align= \"center\">Leuchtende Blumen, die ihren Namen tanzen k\u00f6nnen<\/td>\n<\/tr>\n<\/tbody>\n<\/table>\n<p>Auch die B\u00e4ume kommen nicht ungeschoren davon:<\/p>\n<table width= \"100%\">\n<tbody>\n<tr>\n<td align= \"left\"><img src= \"http:\/\/www.wassersch.eu\/Blog\/Div\/Niederlande2012\/Floriade2012BestrickterBaum.jpg\" alt= \"Floriade2012BestrickterBaum.jpg\" title= \"Floriade 2012: Bestrickter Baum\" width= \"245\" \/><\/td>\n<td width=\"10\">&nbsp;<\/td>\n<td align= \"right\"><img src= \"http:\/\/www.wassersch.eu\/Blog\/Div\/Niederlande2012\/Floriade2012HaengenderBaum.jpg\" alt= \"Floriade2012HaengenderBaum.jpg\" title= \"Floriade 2012: H\u00e4ngender Baum\" width= \"245\" \/><\/td>\n<\/tr>\n<tr>\n<td align= \"center\">Manche B\u00e4ume werden in Wolle gepackt&#8230;<\/td>\n<td width=\"10\">&nbsp;<\/td>\n<td align= \"center\">&#8230; und manche h\u00e4ngen einfach so ab.<\/td>\n<\/tr>\n<\/tbody>\n<\/table>\n<p>Da wohnt ein <a href=\"http:\/\/www.willbeckers.com\/\" target=\"_blank\" rel=\"noopener\">Mensch<\/a> im Wald und baut f\u00fcr sich und seine Haustiere &#8218;Geb\u00e4ude&#8216; aus Weidenholz.<\/p>\n<table width= \"100%\">\n<tbody>\n<tr>\n<td align= \"left\"><img src= \"http:\/\/www.wassersch.eu\/Blog\/Div\/Niederlande2012\/Floriade2012Willowman1.jpg\" alt= \"Floriade2012Willowman1.jpg\" title= \"Floriade 2012: Willowman\" width= \"245\" \/>\n<\/td>\n<td width=\"10\">&nbsp;<\/td>\n<td align= \"right\"><img src= \"http:\/\/www.wassersch.eu\/Blog\/Div\/Niederlande2012\/Floriade2012Willowman2.jpg\" alt= \"Floriade2012Willowman2.jpg\" title= \"Floriade 2012: \" width= \"245\" \/>\n<\/td>\n<\/tr>\n<tr>\n<td align= \"center\">Meerschweinchen-Behausung incl. eingebauter D\u00fcngung des Gem\u00fcses<\/td>\n<td width=\"10\">&nbsp;<\/td>\n<td align= \"center\">Toilettenh\u00e4uschen (gl\u00fccklicherweise ohne Gem\u00fcse darunter)<\/td>\n<\/tr>\n<\/tbody>\n<\/table>\n<p>Aber dazwischen gibt es immer wieder viele bunte Beete zu bewundern:<\/p>\n<table width= \"100%\">\n<tbody>\n<tr>\n<td align= \"left\"><img src= \"http:\/\/www.wassersch.eu\/Blog\/Div\/Niederlande2012\/Floriade2012Disteln.jpg\" alt= \"Floriade2012Disteln.jpg\" title= \"Floriade 2012: Blaue Disteln\" width= \"245\" \/><\/td>\n<td width=\"10\">&nbsp;<\/td>\n<td align= \"right\"><img src= \"http:\/\/www.wassersch.eu\/Blog\/Div\/Niederlande2012\/Floriade2012GelbeSchafgarbe.jpg\" alt= \"Floriade2012GelbeSchafgarbe.jpg\" title= \"Floriade 2012: Gelbe Schafgarbe\" width= \"245\" \/><\/td>\n<\/tr>\n<tr>\n<td align= \"center\">Blaue Disteln<\/td>\n<td width=\"10\">&nbsp;<\/td>\n<td align= \"center\">Gelbe Schafgarbe<\/td>\n<\/tr>\n<\/tbody>\n<\/table>\n<p>Verschiedene L\u00e4nder stellen Aspekte ihrer Kultur in eigenen Pavillons vor:<\/p>\n<table width= \"100%\">\n<tbody>\n<tr>\n<td align= \"left\"><img src= \"http:\/\/www.wassersch.eu\/Blog\/Div\/Niederlande2012\/Floriade2012ChinaPavillon.jpg\" alt= \"Floriade2012ChinaPavillon.jpg\" title= \"Floriade 2012: China-Pavillon\" width= \"245\" \/><\/td>\n<td width=\"10\">&nbsp;<\/td>\n<td align= \"right\"><img  src= \"http:\/\/www.wassersch.eu\/Blog\/Div\/Niederlande2012\/Floriade2012BelgienPavillon.jpg\" alt= \"Floriade2012BelgienPavillon.jpg\" title= \"Belgischer Pavillon mit interessanter Dachbegr\u00fcnung\" width= \"245\" \/><\/td>\n<\/tr>\n<tr>\n<td align= \"center\">H\u00fcbsch gestalteter China-Pavillon<\/td>\n<td width=\"10\">&nbsp;<\/td>\n<td align= \"center\">Belgischer Pavillon mit interessanter Dachbegr\u00fcnung<\/td>\n<\/tr>\n<\/tbody>\n<\/table>\n<p>Momentan bl\u00fchen \u00fcberall die Sonnenh\u00fcte:<\/p>\n<table width= \"100%\">\n<tbody>\n<tr>\n<td align= \"left\"><img src= \"http:\/\/www.wassersch.eu\/Blog\/Div\/Niederlande2012\/Floriade2012Echinacea.jpg\" alt= \"Floriade2012Echinacea.jpg\" title= \"Floriade 2012: Eine Echinacea-Bl\u00fcte\" width= \"245\" \/><\/td>\n<td width=\"10\">&nbsp;<\/td>\n<th align= \"right\" rowspan= \"3\"><img src= \"http:\/\/www.wassersch.eu\/Blog\/Div\/Niederlande2012\/Floriade2012Zaungast.jpg\" alt= \"Floriade2012Zaungast.jpg\" title= \"Floriade 2012: K\u00f6nigskerze als Zaungast\" width= \"245\" \/><\/thd>\n<\/tr>\n<tr>\n<td align= \"center\">Eine Echinacea-Bl\u00fcte<\/td>\n<td width=\"10\">&nbsp;<\/td>\n<td align= \"center\"><\/td>\n<\/tr>\n<tr align=\"left\">\n<td align= \"right\"><img src= \"http:\/\/www.wassersch.eu\/Blog\/Div\/Niederlande2012\/Floriade2012Echinacea2.jpg\" alt= \"Floriade2012Echinacea2.jpg\" title= \"Floriade 2012: Viele Echinacea-Bl\u00fcten\" width= \"245\" \/><\/td>\n<\/tr>\n<tr>\n<td align= \"center\">Viele Echinacea-Bl\u00fcten<\/td>\n<td width=\"10\">&nbsp;<\/td>\n<td align= \"center\">K\u00f6nigskerze als Zaungast<\/td>\n<\/tr>\n<\/tbody>\n<\/table>\n<p>Auch exotische Tiere und Gestalten lassen sich entdecken:<\/p>\n<table width= \"100%\">\n<tbody>\n<tr>\n<td align= \"left\"><img src= \"http:\/\/www.wassersch.eu\/Blog\/Div\/Niederlande2012\/Floriade2012Drache.jpg\" alt= \"Floriade2012Drache.jpg\" title= \"Floriade 2012: Feuerspeiender Drache\" width= \"245\" \/><\/td>\n<td width=\"10\">&nbsp;<\/td>\n<td align= \"right\"><img src= \"http:\/\/www.wassersch.eu\/Blog\/Div\/Niederlande2012\/Floriade2012Koepfe.jpg\" alt= \"Floriade2012Koepfe.jpg\" title= \"Floriade 2012: Moosige K\u00f6pfe\" width= \"245\" \/><\/td>\n<\/tr>\n<tr>\n<td align= \"center\">Auf Befehl feuerspeiender Drache<\/td>\n<td width=\"10\">&nbsp;<\/td>\n<td align= \"center\">Figuren mit gr\u00fcnen Mooshaaren und viiiiel Geduld<\/td>\n<\/tr>\n<\/tbody>\n<\/table>\n<p>Eine Seilbahn gibt es auch auf dem Gel\u00e4nde. Sie \u00fcberwindet einen H\u00f6henunterschied von sagenhaften 1,59m! Aber das ist zugegebenerma\u00dfen auch nicht der Sinn auf diesem Gel\u00e4nde, sondern eher das Zur\u00fccklegen von 1,1 km in der Luft.  Man erh\u00e4lt einen sch\u00f6nen \u00dcberblick und ist erstaunt, wie weit man vorher schon gelaufen ist. <img decoding=\"async\" src=\"http:\/\/www.wassersch.eu\/Blog\/Blog\/SmileyGrinsStatic.gif\" alt=\"SmileyGrinsStatic.gif\" class= \"smiley\"\/><\/p>\n<table width= \"100%\">\n<tbody>\n<tr>\n<td align= \"left\"><img src= \"http:\/\/www.wassersch.eu\/Blog\/Div\/Niederlande2012\/Floriade2012Seilbahn1.jpg\" alt= \"Floriade2012Seilbahn1.jpg\" title= \"Floriade 2012: Blick auf Villa Flora und Innovaturm\" width= \"245\" \/><\/td>\n<td width=\"10\">&nbsp;<\/td>\n<td align= \"right\"><img src= \"http:\/\/www.wassersch.eu\/Blog\/Div\/Niederlande2012\/Floriade2012Seilbahn2.jpg\" alt= \"Floriade2012Seilbahn2.jpg\" title= \"Floriade 2012: Floriade Plaza\" width= \"245\" \/><\/td>\n<\/tr>\n<tr>\n<td align= \"center\">Blick auf Villa Flora und Innovaturm<\/td>\n<td width=\"10\">&nbsp;<\/td>\n<td align= \"center\">Floriade Plaza<\/td>\n<\/tr>\n<\/tbody>\n<\/table>\n<p>In den einzelnen Beereichen waren immer wieder hohe W\u00e4lle aufgesch\u00fcttet worden, die mit verschiedenfarbigen Pflanzenensembles bepflanzt wurden.<\/p>\n<table width= \"100%\">\n<tbody>\n<tr>\n<td align= \"left\"><img src= \"http:\/\/www.wassersch.eu\/Blog\/Div\/Niederlande2012\/Floriade2012HangGelb.jpg\" alt= \"Floriade2012HangGelb.jpg\" title= \"Floriade 2012: Gelber Hang\" width= \"245\" \/><\/td>\n<td width=\"10\">&nbsp;<\/td>\n<td align= \"right\"><img src= \"http:\/\/www.wassersch.eu\/Blog\/Div\/Niederlande2012\/Floriade2012HangRotBlau.jpg\" alt= \"Floriade2012HangRotBlau.jpg\" title= \"Floriade 2012: Rot-Blauer Hang\" width= \"245\" \/><\/td>\n<\/tr>\n<tr>\n<td align= \"center\">Gelber Hang<\/td>\n<td width=\"10\">&nbsp;<\/td>\n<td align= \"center\">Rot-Blauer Hang<\/td>\n<\/tr>\n<\/tbody>\n<\/table>\n<table width= \"100%\">\n<tbody>\n<tr>\n<td align= \"right\"><img src= \"http:\/\/www.wassersch.eu\/Blog\/Div\/Niederlande2012\/Floriade2012Wiese.jpg\" alt= \"Floriade2012Wiese.jpg\" title= \"Floriade 2012: Hang mit Blumenwiese\" width= \"245\" \/><\/td>\n<td width=\"10\">&nbsp;<\/td>\n<td align= \"left\"><img src= \"http:\/\/www.wassersch.eu\/Blog\/Div\/Niederlande2012\/Floriade2012HangBlauWeiss.jpg\" alt= \"Floriade2012HangBlauWeiss.jpg\" title= \"Floriade 2012: Blau-Wei\u00dfer Hang\" width= \"245\" \/><\/td>\n<\/tr>\n<tr>\n<td align= \"center\">Hang mit Blumenwiese<\/td>\n<td width=\"10\">&nbsp;<\/td>\n<td align= \"center\">Blau-Wei\u00dfer Hang<\/td>\n<\/tr>\n<\/tbody>\n<\/table>\n<p>Viele Insekten haben sich nat\u00fcrlich \u00fcber das reichhaltige Angebot gefreut:<\/p>\n<table width= \"100%\">\n<tbody>\n<tr>\n<td align= \"left\"><img src= \"http:\/\/www.wassersch.eu\/Blog\/Div\/Niederlande2012\/Floriade2012Bienen.jpg\" alt= \"Floriade2012Bienen.jpg\" title= \"Floriade 2012: Viele Bienen auf exotischer Bl\u00fcte\" width= \"245\" \/>\n<\/td>\n<td width=\"10\">&nbsp;<\/td>\n<td><img src= \"http:\/\/www.wassersch.eu\/Blog\/Div\/Niederlande2012\/Floriade2012Schmetterling.jpg\" alt= \"Floriade2012Schmetterling.jpg\" title= \"Floriade 2012: Schmetterling, der sich durch nichts aus der Ruhe bringen lie\u00df\" width= \"245\" \/>\n<\/td>\n<\/tr>\n<tr>\n<td align= \"center\">Viele Bienen auf <strike>unbekannter<\/strike>  exotischer Bl\u00fcte (Gro\u00dfer oder Roter Engelwurz &#8211; <i>Angelica Gigas<\/i>)<\/td>\n<td width=\"10\">&nbsp;<\/td>\n<td align= \"center\">Schmetterling, der sich durch nichts aus der Ruhe bringen lie\u00df<\/td>\n<\/tr>\n<\/tbody>\n<\/table>\n<p>So langsam wurde es Zeit, wieder den Heimweg anzutreten. (Unsere F\u00fc\u00dfe hatten schon lange keine Lust mehr.)<br \/>\n<\/p>\n<table width= \"100%\">\n<tbody>\n<tr>\n<td align= \"left\"><img src= \"http:\/\/www.wassersch.eu\/Blog\/Div\/Niederlande2012\/Floriade2012Rueckweg.jpg\" alt= \"Floriade2012Rueckweg.jpg\" title= \"Floriade 2012: Rueckweg\" width= \"245\" \/><\/td>\n<td width=\"10\">&nbsp;<\/td>\n<td align= \"right\"><img src= \"http:\/\/www.wassersch.eu\/Blog\/Div\/Niederlande2012\/Floriade2012Pommes.jpg\" alt= \"Floriade2012Pommes.jpg\" title= \"Floriade 2012: Pommes mit Sat\u00e9-Sauce\" width= \"245\" \/><\/td>\n<\/tr>\n<tr>\n<td align= \"center\">R\u00fcck-Fluss<\/td>\n<td width=\"10\">&nbsp;<\/td>\n<td align= \"center\">Letzte St\u00e4rkung vor der Heimfahrt<\/td>\n<\/tr>\n<\/tbody>\n<\/table>\n<table width= \"100%\">\n<tbody>\n<tr>\n<td>\nViel M\u00f6glichkeiten zum Einkaufen gab es nicht. Neben typischen Touristensouvenirs der einzelnen L\u00e4ndervertretungen war da noch einen Blumenladen mit einem Standardsortiment an Pflanzen und Zubeh\u00f6r. Am Interessantesten fand ich noch ein Laden mit Limburger Spezialit\u00e4ten, von denen einige wenige mit nach Hause durften:<\/p>\n<ul>\n<li>Champignons zum Zugucken beim Wachsen (&#8218;toekijken&#8216;)<\/li>\n<li>Limburger Geitenkaas mit Minze<\/li>\n<li>Rhabarber-Bonbons<\/li>\n<li>Ein paar gemopste Samen (war gar nicht so einfach: die G\u00e4rtner dort putzen die Pflanzen ziemlich schnell und gr\u00fcndlich aus)<\/li>\n<li>2 Frikandel und 1 Kaas-Irgendwas<\/li>\n<li>Limburger Riesen-Pl\u00e4tzchen (&#8218;knapkoek&#8216;)<\/li>\n<li>Ein T\u00fctchen Pastinakensamen<\/li>\n<\/ul>\n<\/td>\n<td width=\"10\">&nbsp;<\/td>\n<td align= \"left\"><img src= \"http:\/\/www.wassersch.eu\/Blog\/Div\/Niederlande2012\/Floriade2012Mitbringsel.jpg\" alt= \"Floriade2012Mitbringsel.jpg\" title= \"Floriade 2012: Mitbringsel\" width= \"245\" \/><\/td>\n<\/tr>\n<\/tbody>\n<\/table>\n<p>Fazit: Sehr sch\u00f6n, sehr interessant, sehr anstrengend!<\/p>\n<hr \/>\n<div class=\"snap_nopreview\" align=\"right\"><font size=\"1\">Tags: <a rel=\"tag\" href=\"http:\/\/corum.twoday.net\/search?q=tag:Urlaub\" class=\"techtag\">Urlaub<\/a>, <a rel=\"tag\" href=\"http:\/\/corum.twoday.net\/search?q=tag:Niederlande\" class=\"techtag\">Niederlande<\/a>, <a rel=\"tag\" href=\"http:\/\/corum.twoday.net\/search?q=tag:Venlo\" class=\"techtag\">Venlo<\/a><\/font> <\/div>\n","protected":false},"excerpt":{"rendered":"<p>Gestern habe ich mir einen Tag Auszeit von der Arbeit geg\u00f6nnt und bin in aller Herrgottsfr\u00fche an die holl\u00e4ndische niederl\u00e4ndische Grenze gefahren, genauer: nach Venlo, noch genauer: auf die Floriade. Dies ist eine Welt-Garten-Ausstellung mit Expo-Charakter, die nur alle 10 Jahre stattfindet. \u00dcberraschenderweise war auch die G\u00e4rtnerin an diesem Tage da. Zuf\u00e4lle gibt&#8217;s! So bummelten &hellip; <a href=\"https:\/\/wassersch.eu\/corumblog\/2012\/07\/floriade-2012-109335173\/\" class=\"more-link\"><span class=\"screen-reader-text\">\u201eAusflug&#8230;\u201c<\/span> weiterlesen<\/a><\/p>\n","protected":false},"author":1,"featured_media":0,"comment_status":"open","ping_status":"open","sticky":false,"template":"","format":"standard","meta":{"jetpack_post_was_ever_published":false,"_jetpack_newsletter_access":"","_jetpack_dont_email_post_to_subs":false,"_jetpack_newsletter_tier_id":0,"_jetpack_memberships_contains_paywalled_content":false,"_jetpack_memberships_contains_paid_content":false,"footnotes":"","jetpack_publicize_message":"","jetpack_publicize_feature_enabled":true,"jetpack_social_post_already_shared":false,"jetpack_social_options":{"image_generator_settings":{"template":"highway","default_image_id":0,"font":"","enabled":false},"version":2}},"categories":[4,17],"tags":[],"class_list":["post-410","post","type-post","status-publish","format-standard","hentry","category-gruenfutter","category-unterwegs"],"jetpack_publicize_connections":[],"jetpack_featured_media_url":"","jetpack_sharing_enabled":true,"jetpack_shortlink":"https:\/\/wp.me\/p923CK-6C","jetpack-related-posts":[],"_links":{"self":[{"href":"https:\/\/wassersch.eu\/corumblog\/wp-json\/wp\/v2\/posts\/410","targetHints":{"allow":["GET"]}}],"collection":[{"href":"https:\/\/wassersch.eu\/corumblog\/wp-json\/wp\/v2\/posts"}],"about":[{"href":"https:\/\/wassersch.eu\/corumblog\/wp-json\/wp\/v2\/types\/post"}],"author":[{"embeddable":true,"href":"https:\/\/wassersch.eu\/corumblog\/wp-json\/wp\/v2\/users\/1"}],"replies":[{"embeddable":true,"href":"https:\/\/wassersch.eu\/corumblog\/wp-json\/wp\/v2\/comments?post=410"}],"version-history":[{"count":2,"href":"https:\/\/wassersch.eu\/corumblog\/wp-json\/wp\/v2\/posts\/410\/revisions"}],"predecessor-version":[{"id":6304,"href":"https:\/\/wassersch.eu\/corumblog\/wp-json\/wp\/v2\/posts\/410\/revisions\/6304"}],"wp:attachment":[{"href":"https:\/\/wassersch.eu\/corumblog\/wp-json\/wp\/v2\/media?parent=410"}],"wp:term":[{"taxonomy":"category","embeddable":true,"href":"https:\/\/wassersch.eu\/corumblog\/wp-json\/wp\/v2\/categories?post=410"},{"taxonomy":"post_tag","embeddable":true,"href":"https:\/\/wassersch.eu\/corumblog\/wp-json\/wp\/v2\/tags?post=410"}],"curies":[{"name":"wp","href":"https:\/\/api.w.org\/{rel}","templated":true}]}}