{"id":408,"date":"2012-07-23T23:05:00","date_gmt":"2012-07-23T21:05:00","guid":{"rendered":"http:\/\/wassersch.eu\/corumblog\/mauersegler-im-himbeerstrauch-110778522\/"},"modified":"2018-01-04T14:03:01","modified_gmt":"2018-01-04T13:03:01","slug":"mauersegler-im-himbeerstrauch-110778522","status":"publish","type":"post","link":"https:\/\/wassersch.eu\/corumblog\/2012\/07\/mauersegler-im-himbeerstrauch-110778522\/","title":{"rendered":"Was f\u00fcr eine Aufregung&#8230;"},"content":{"rendered":"<p><img src= \"http:\/\/www.wassersch.eu\/Blog\/Garten\/2012\/Mauersegler2012Versteckt.jpg\" alt= \"Mauersegler2012Versteckt.jpg\" title= \"Versteckter Mauersegler\" width= \"300\" class= \"right\" \/>Gestern abend sa\u00dfen wir gem\u00fctlich beim Abendessen auf der Terrasse, als ich pl\u00f6tzlich in den Himbeeren eine etwas seltsame Bewegung wahrnahm. Beim genaueren Hinschauen konnte man ein V\u00f6gelchen erkennen, welches aber merkw\u00fcrdigerweise weder wegflog oder versuchte, davon zu h\u00fcpfen: tats\u00e4chlich ein kleiner Mauersegler (<i>Apus apus<\/i>), der sich da auf einer Himbeerrute festkrallte.<\/p>\n<p>\n<img src= \"http:\/\/www.wassersch.eu\/Blog\/Garten\/2008\/Mauersegler2008.jpg\" alt= \"Mauersegler2008.jpg\" title= \"Mauersegler am Nest\" height= \"300\" class= \"left\" \/>Weil seit ein paar Jahren bei uns die Mausersegler im Sommer regelm\u00e4\u00dfig auf dem Firstbalken \u00fcber der Terrasse nisten (nachdem die dort im Fr\u00fchjahr wohnenden Spatzen ausgezogen sind), hatte ich mich schon vorher ein bi\u00dfchen \u00fcber diese V\u00f6gel <a href= \"http:\/\/de.wikipedia.org\/wiki\/Mauersegler\" target= \"_blank\">informiert<\/a>. Daher wusste ich sofort, da\u00df ein Mauersegler, der bis auf die Brutzeit sein gesamtes Leben in der Luft verbringt, auf dem Boden (oder in den Himbeeren) nichts zu suchen hat.<br clear= \"all\" \/><\/p>\n<p><img src= \"http:\/\/www.wassersch.eu\/Blog\/Garten\/2012\/Mauersegler2012AufDemAst.jpg\" alt= \"Mauersegler2012AufDemAst.jpg\" title= \"Mauersegler auf einem Ast sitzend\" width= \"300\" class= \"right\" \/>Eine kurze Recherche im Internet ergab, da\u00df es sich ziemlich sicher um einen Mauersegler-Jungvogel handelt, da\u00df man ihn NICHT in die Luft werfen soll, um ihm beim Start zu helfen (auf diese Idee w\u00e4re ich sowieso nicht gekommen), da\u00df man ihn NICHT mit Hackfleisch, Katzenfutter und \u00c4hnlichem f\u00fcttern soll  und da\u00df er mit extrem hoher Wahrscheinlichkeit Hilfe braucht. \u00c4h ja, Hilfe, Sonntag abend um halb neun&#8230;<\/p>\n<p>Bei der <a href=\"http:\/\/www.mauersegler.com\/\" target= \"_blank\">Deutschen Gesellschaft f\u00fcr Mauersegler e. V.<\/a> mit Sitz in Frankfurt fand ich eine Telephonnummer und habe einfach mal angerufen. Und es ging tats\u00e4chlich jemand dran! Eine nette Dame wollte zuerst wissen, ob es sich wirklich um einen Mauersegler handelt, oder ob ich ihn vielleicht mit einer Amsel oder Schwalbe verwechseln w\u00fcrde. Nun ja, w\u00e4re der Vogel ein wenig j\u00fcnger gewesen, w\u00e4re es vielleicht schwieriger geworden, aber ich war mir dann doch ziemlich sicher.<\/p>\n<p>Ich sollte den Mauersegler vorsichtig aus den Himbeeren herausnehmen (was erstaunlich einfach war &#8211; aber ein Versuch, ihn zum selbst\u00e4ndigen Wegfliegen zu bewegen, blieb erfolglos) und in einem passenden Karton unterbringen (nat\u00fcrlich mit Luftl\u00f6chern!). Wenn ich es richtig verstanden habe, w\u00e4re sogar ein Kurierfahrer vorbeigekommen, aber wir haben dann selbstverst\u00e4ndlich angeboten, den Vogel selbst nach Frankfurt zu bringen.<\/p>\n<p><img src= \"http:\/\/www.wassersch.eu\/Blog\/Garten\/2012\/Mauersegler2012AufDerHand.jpg\" alt= \"Mauersegler2012AufDerHand.jpg\" title= \"Mauersegler auf der Hand\" class=\"center\"\/><br \/>\n(Nicht ohne vorher noch ein letztes Photo gemacht zu haben.)<\/p>\n<p>Kaum angekommen, wurde er oder sie (das wissen \u00fcbrigens alleine die Mauersegler) sofort fachm\u00e4nnisch untersucht und als soweit (mit dem Auge ersichtlich) gesund eingestuft: ein fast erwachsener Jungvogel, fl\u00fcgge, mit 42,3 g auf der rundlicheren Seite (Normalgewicht f\u00fcr ausgewachsene V\u00f6gel: 40-45 g), freundlich und nicht aggressiv. Eine tier\u00e4rztliche Untersuchung wurde wahrscheinlich heute durchgef\u00fchrt, aber wenn da nichts Neues herausgekommen ist, ist es wahrscheinlich, da\u00df der Vogel sich bei seinen ersten Flugversuchen \u00fcberanstrengt hat oder irgendwo dagegen gedotzt ist und jetzt Muskelkater oder &#8218;blaue Flecken&#8216; hat und deswegen nicht fliegen konnte oder wollte. Wenn alles gut geht, kann er (oder sie) wahrscheinlich schon n\u00e4chste Woche wieder freigelassen werden.<\/p>\n<p>Wir durften einen kurzen Blick in die &#8218;Auffangstation&#8216; werfen: dort werden gerade 200(!) junge und \u00e4ltere Mauersegler gepflegt und liebevoll aufgep\u00e4ppelt, unter chronischer Unterbesetzung der ehrenamtlichen Mitarbeiter. Sie (die Mauersegler, nicht die Mitarbeiter <img src= \"http:\/\/www.wassersch.eu\/Blog\/Blog\/SmileyGrinsStatic.gif\" alt= \"SmileyGrinsStatic.gif\" title= \"Ach!\" class=\"smiley\"\/>) sitzen in in kleinen Gruppen in gro\u00dfen, gew\u00e4rmten K\u00e4sten. Nebenan ist ein Flugraum, in dem die einzelnen Mauersegler ihre Flugf\u00e4higkeiten trainieren k\u00f6nnen. Regelm\u00e4\u00dfig werden gesunde V\u00f6gel wieder in die Freiheit entlassen, die dann auch h\u00e4ufig direkt von den Artgenossen begr\u00fc\u00dft werden.<\/p>\n<p>So sind wir dann beruhigt wieder heimgefahren. In den n\u00e4chsten Tagen werde ich mal nachfragen, was denn aus unserem kleinen Mauersegler geworden ist.<\/p>\n<p>P.S.: Vielen Dank f\u00fcr die Mitarbeiter und Mitarbeiterinnen der Mauersegler-Klinik f\u00fcr die M\u00fche, die sie sich mit diesen bedrohten Tieren geben.<\/p>\n<h4>Nachtrag 25.07.2012:<\/h4>\n<p>Eben habe ich bei dem Mauersegler-Verein angerufen: Der\/die Kleine ist schon am Montag mittag wieder freigelassen worden. Es war wohl tats\u00e4chlich nichts Ernstes! <img decoding=\"async\" src=\"http:\/\/www.wassersch.eu\/Blog\/Blog\/SmileyFreu.gif\" alt=\"SmileyFreu.gif\" title= \"Wie sch\u00f6n!\" class=\"smiley\"\/><\/p>\n<hr \/>\n<div align=\"right\"><font size=\"1\">Tags: <a class=\"techtag\" href=\"http:\/\/www.wassersch.eu\/corumblog\/tag\/Garten\" rel=\"tag\">Garten<\/a>, <a class=\"techtag\" href=\"http:\/\/www.wassersch.eu\/corumblog\/tag\/Vogel\" rel=\"tag\">Vogel<\/a>, <a class=\"techtag\" href=\"http:\/\/www.wassersch.eu\/corumblog\/tag\/Mauersegler\" rel=\"tag\">Mauersegler<\/a><\/font><\/div>\n","protected":false},"excerpt":{"rendered":"<p>Gestern abend sa\u00dfen wir gem\u00fctlich beim Abendessen auf der Terrasse, als ich pl\u00f6tzlich in den Himbeeren eine etwas seltsame Bewegung wahrnahm. Beim genaueren Hinschauen konnte man ein V\u00f6gelchen erkennen, welches aber merkw\u00fcrdigerweise weder wegflog oder versuchte, davon zu h\u00fcpfen: tats\u00e4chlich ein kleiner Mauersegler (Apus apus), der sich da auf einer Himbeerrute festkrallte. Weil seit ein &hellip; <a href=\"https:\/\/wassersch.eu\/corumblog\/2012\/07\/mauersegler-im-himbeerstrauch-110778522\/\" class=\"more-link\"><span class=\"screen-reader-text\">\u201eWas f\u00fcr eine Aufregung&#8230;\u201c<\/span> weiterlesen<\/a><\/p>\n","protected":false},"author":1,"featured_media":0,"comment_status":"open","ping_status":"open","sticky":false,"template":"","format":"standard","meta":{"jetpack_post_was_ever_published":false,"_jetpack_newsletter_access":"","_jetpack_dont_email_post_to_subs":false,"_jetpack_newsletter_tier_id":0,"_jetpack_memberships_contains_paywalled_content":false,"_jetpack_memberships_contains_paid_content":false,"footnotes":"","jetpack_publicize_message":"","jetpack_publicize_feature_enabled":true,"jetpack_social_post_already_shared":false,"jetpack_social_options":{"image_generator_settings":{"template":"highway","default_image_id":0,"font":"","enabled":false},"version":2}},"categories":[8],"tags":[100,372,366],"class_list":["post-408","post","type-post","status-publish","format-standard","hentry","category-getier","tag-garten","tag-mauersegler","tag-vogel"],"jetpack_publicize_connections":[],"jetpack_featured_media_url":"","jetpack_sharing_enabled":true,"jetpack_shortlink":"https:\/\/wp.me\/p923CK-6A","jetpack-related-posts":[],"_links":{"self":[{"href":"https:\/\/wassersch.eu\/corumblog\/wp-json\/wp\/v2\/posts\/408","targetHints":{"allow":["GET"]}}],"collection":[{"href":"https:\/\/wassersch.eu\/corumblog\/wp-json\/wp\/v2\/posts"}],"about":[{"href":"https:\/\/wassersch.eu\/corumblog\/wp-json\/wp\/v2\/types\/post"}],"author":[{"embeddable":true,"href":"https:\/\/wassersch.eu\/corumblog\/wp-json\/wp\/v2\/users\/1"}],"replies":[{"embeddable":true,"href":"https:\/\/wassersch.eu\/corumblog\/wp-json\/wp\/v2\/comments?post=408"}],"version-history":[{"count":4,"href":"https:\/\/wassersch.eu\/corumblog\/wp-json\/wp\/v2\/posts\/408\/revisions"}],"predecessor-version":[{"id":2676,"href":"https:\/\/wassersch.eu\/corumblog\/wp-json\/wp\/v2\/posts\/408\/revisions\/2676"}],"wp:attachment":[{"href":"https:\/\/wassersch.eu\/corumblog\/wp-json\/wp\/v2\/media?parent=408"}],"wp:term":[{"taxonomy":"category","embeddable":true,"href":"https:\/\/wassersch.eu\/corumblog\/wp-json\/wp\/v2\/categories?post=408"},{"taxonomy":"post_tag","embeddable":true,"href":"https:\/\/wassersch.eu\/corumblog\/wp-json\/wp\/v2\/tags?post=408"}],"curies":[{"name":"wp","href":"https:\/\/api.w.org\/{rel}","templated":true}]}}