{"id":405,"date":"2012-08-06T22:17:00","date_gmt":"2012-08-06T20:17:00","guid":{"rendered":"http:\/\/wassersch.eu\/corumblog\/des-kurtsche-120172641\/"},"modified":"2012-08-06T22:17:00","modified_gmt":"2012-08-06T20:17:00","slug":"des-kurtsche-120172641","status":"publish","type":"post","link":"https:\/\/wassersch.eu\/corumblog\/2012\/08\/des-kurtsche-120172641\/","title":{"rendered":"Wir auch, &#8230;"},"content":{"rendered":"<p><cite><\/cite>&#8230; wir auch&#8230;<br \/>\nAm Wochenende haben wir uns auch am neuen Drink dieses Sommers versucht:<\/p>\n<p><b>Der Kurti<\/b> oder &#8211; weil wir Bergstr\u00e4\u00dfer Prosecco verwendet haben &#8211; auf gut Hessisch <b>Des Kurtsche<\/b>.<\/p>\n<p><img decoding=\"async\" src=\"http:\/\/www.wassersch.eu\/Blog\/Rez\/Kurti.jpg\" alt=\"Kurti.jpg\" class=\"left\" height=\"400\" \/>Dies ist ein neues Sommergetr\u00e4nk, welches von den <a href=\"http:\/\/www.mampfnudel.de\/2012\/07\/sprizziger-trendsetter-auf-namenssuche\/\" target=\"_blank\">Mampfnudeln<\/a> kreiert wurde. <\/p>\n<p><a href=\"http:\/\/kochtopf.me\/stories\/kurti-mein-sommergetraenk-2012\/\" target=\"_blank\">Zorra<\/a> und <a href=\"http:\/\/terragina.de\/blog\/2012\/08\/04\/hier-kommt-kurt\/\" target=\"_blank\">Terragina<\/a> haben es bereits erfolgreich ausprobiert und wir finden es auch genial.<br \/>\n<br clear= \"all\" \/><br \/>\nZuerst der Sirup:<\/p>\n<p><a name=\"zitronen-basilikum-sirup\"><\/a><\/p>\n<h3>Zitronen-Basilikum-Sirup<\/h3>\n<table border= \"0\" width= \"100%\">\n<tr>\n<td width= \"150\" align= \"left\">Quellenangabe: <\/td>\n<td>Erfa\u00dft 06.08.2012 von Sus<\/td>\n<\/tr>\n<tr>\n<td width= \"150\" align= \"left\">Kategorien: <\/td>\n<td>Sirup, Getr\u00e4nk, Zitrone, Basilikum<\/td>\n<\/tr>\n<tr>\n<td width= \"150\" align= \"left\">Mengenangaben f&uuml;r: <\/td>\n<td>300 ml<\/td>\n<\/tr>\n<\/table>\n<h4>Zutaten:<\/h4>\n<table>\n<tr>\n<td width= \"50\" align= \"right\">200<\/td>\n<td width= \"100\">g<\/td>\n<td>Zucker<\/td>\n<\/tr>\n<tr>\n<td width= \"50\" align= \"right\">200<\/td>\n<td width= \"100\">ml<\/td>\n<td>Wasser<\/td>\n<\/tr>\n<tr>\n<td width= \"50\" align= \"right\">1<\/td>\n<td width= \"100\">gro\u00dfe<\/td>\n<td>Bio-Zitrone<\/td>\n<\/tr>\n<tr>\n<td width= \"50\" align= \"right\">8<\/td>\n<td width= \"100\"><\/td>\n<td>Stengel Basilikum<\/td>\n<\/tr>\n<\/table>\n<h4>Zubereitung:<\/h4>\n<p>Wasser und Zucker zum Kochen bringen, bis sich der Zucker aufgel\u00f6st hat. W\u00e4hrenddessen Zitrone gut abwaschen, auspressen und die Schale in feine Streifen schneiden. Basilikum waschen und so zerkleinern, da\u00df er in den Topf pa\u00dft. Topf vom Herd nehmen; Zitronensaft, -schale und Basilikum ins das Wasser geben und zugedeckt 6-8 Stunden ziehen lassen.<\/p>\n<p>Schale und Basilikum entfernen; Sirup nochmals aufkochen und 4-5 Minuten k\u00f6cheln lassen.<\/p>\n<h4>Anmerkung: <\/h4>\n<p>Obwohl ich mit einem Caipirinha-St\u00f6\u00dfel Zitrone und Basilikum zus\u00e4tzlich zerdr\u00fcckt habe, war der Basilikumgeschmack etwas zu dezent. Entweder noch l\u00e4nger ziehen lassen oder mehr Basilikum verwenden.<\/p>\n<p>Au\u00dferdem habe ich es mir ein bi\u00dfchen einfacher gemacht: Ich habe den Sirup inklusive Zitrone und Basilikum das zweite Mal aufgekocht und dann durch ein Sieb in die Flaschen gesch\u00fcttet.<\/p>\n<hr \/>\n<div class= \"snap_nopreview\" align= \"right\"><font size= \"1\">Tags: <a class= \"techtag\" href= \"http:\/\/www.wassersch.eu\/Rezepte\/Index\/RezeptIndex.html\" rel= \"tag\">Rezept<\/a>, <a class= \"techtag\" href= \"http:\/\/www.wassersch.eu\/Rezepte\/Index\/Rez_S#Sirup\" rel= \"tag\">Sirup<\/a>, <a class= \"techtag\" href= \"http:\/\/www.wassersch.eu\/Rezepte\/Index\/Rez_G#Getraenk\" rel= \"tag\">Getr\u00e4nk<\/a>, <a class= \"techtag\" href= \"http:\/\/www.wassersch.eu\/Rezepte\/Index\/Rez_Z#Zitrone\" rel= \"tag\">Zitrone<\/a>, <a class= \"techtag\" href= \"http:\/\/www.wassersch.eu\/Rezepte\/Index\/Rez_B#Basilikum\" rel= \"tag\">Basilikum<\/a><\/font> <\/div>\n<p>Und jetzt das Getr\u00e4nk:<\/p>\n<p><a name=\"kurti\"><\/a><\/p>\n<h3>Des Kurtsche oder auch der Kurti<\/h3>\n<table border= \"0\" width= \"100%\">\n<tr>\n<td width= \"150\" align= \"left\">Quellenangabe: <\/td>\n<td>Erfa\u00dft 06.08.2012 von Sus<\/td>\n<\/tr>\n<tr>\n<td width= \"150\" align= \"left\">Kategorien: <\/td>\n<td>Getr\u00e4nk, Zitrone, Basilikum, Sekt<\/td>\n<\/tr>\n<tr>\n<td width= \"150\" align= \"left\">Mengenangaben f&uuml;r: <\/td>\n<td>1 Glas<\/td>\n<\/tr>\n<\/table>\n<h4>Zutaten:<\/h4>\n<table>\n<tr>\n<td width= \"50\" align= \"right\">2<\/td>\n<td width= \"100\">E\u00dfl\u00f6ffel<\/td>\n<td>Zitronen-Basilikum-Sirup<\/td>\n<\/tr>\n<tr>\n<td width= \"50\" align= \"right\">100<\/td>\n<td width= \"100\">ml<\/td>\n<td>Prosecco (hier: Bergstr\u00e4\u00dfer)<\/td>\n<\/tr>\n<tr>\n<td width= \"50\" align= \"right\">5-6<\/td>\n<td width= \"100\">E\u00dfl\u00f6ffel<\/td>\n<td>Crushed Eis<\/td>\n<\/tr>\n<tr>\n<td width= \"50\" align= \"right\">1<\/td>\n<td width= \"100\"><\/td>\n<td>Basilikumspitze; zur Dekoration<\/td>\n<\/tr>\n<\/table>\n<h4>Zubereitung:<\/h4>\n<p>Sirup ins Glas geben, Eis dazu und mit Prosecco auff\u00fcllen. Dekorieren und trinken.<\/p>\n<hr \/>\n<div class= \"snap_nopreview\" align= \"right\"><font size= \"1\">Tags: <a class= \"techtag\" href= \"http:\/\/www.wassersch.eu\/Rezepte\/Index\/RezeptIndex.html\" rel= \"tag\">Rezept<\/a>, <a class= \"techtag\" href= \"http:\/\/www.wassersch.eu\/Rezepte\/Index\/Rez_G#Getraenk\" rel= \"tag\">Getr\u00e4nk<\/a>, <a class= \"techtag\" href= \"http:\/\/www.wassersch.eu\/Rezepte\/Index\/Rez_Z#Zitrone\" rel= \"tag\">Zitrone<\/a>, <a class= \"techtag\" href= \"http:\/\/www.wassersch.eu\/Rezepte\/Index\/Rez_B#Basilikum\" rel= \"tag\">Basilikum<\/a>, <a class= \"techtag\" href= \"http:\/\/www.wassersch.eu\/Rezepte\/Index\/Rez_S#Sekt\" rel= \"tag\">Sekt<\/a><\/font> <\/div>\n","protected":false},"excerpt":{"rendered":"<p>&#8230; wir auch&#8230; Am Wochenende haben wir uns auch am neuen Drink dieses Sommers versucht: Der Kurti oder &#8211; weil wir Bergstr\u00e4\u00dfer Prosecco verwendet haben &#8211; auf gut Hessisch Des Kurtsche. Dies ist ein neues Sommergetr\u00e4nk, welches von den Mampfnudeln kreiert wurde. Zorra und Terragina haben es bereits erfolgreich ausprobiert und wir finden es auch &hellip; <a href=\"https:\/\/wassersch.eu\/corumblog\/2012\/08\/des-kurtsche-120172641\/\" class=\"more-link\"><span class=\"screen-reader-text\">\u201eWir auch, &#8230;\u201c<\/span> weiterlesen<\/a><\/p>\n","protected":false},"author":1,"featured_media":0,"comment_status":"open","ping_status":"open","sticky":false,"template":"","format":"standard","meta":{"jetpack_post_was_ever_published":false,"_jetpack_newsletter_access":"","_jetpack_dont_email_post_to_subs":false,"_jetpack_newsletter_tier_id":0,"_jetpack_memberships_contains_paywalled_content":false,"_jetpack_memberships_contains_paid_content":false,"footnotes":"","jetpack_publicize_message":"","jetpack_publicize_feature_enabled":true,"jetpack_social_post_already_shared":false,"jetpack_social_options":{"image_generator_settings":{"template":"highway","default_image_id":0,"font":"","enabled":false},"version":2}},"categories":[2],"tags":[],"class_list":["post-405","post","type-post","status-publish","format-standard","hentry","category-kochen-backen-und-geniessen"],"jetpack_publicize_connections":[],"jetpack_featured_media_url":"","jetpack_sharing_enabled":true,"jetpack_shortlink":"https:\/\/wp.me\/p923CK-6x","jetpack-related-posts":[],"_links":{"self":[{"href":"https:\/\/wassersch.eu\/corumblog\/wp-json\/wp\/v2\/posts\/405","targetHints":{"allow":["GET"]}}],"collection":[{"href":"https:\/\/wassersch.eu\/corumblog\/wp-json\/wp\/v2\/posts"}],"about":[{"href":"https:\/\/wassersch.eu\/corumblog\/wp-json\/wp\/v2\/types\/post"}],"author":[{"embeddable":true,"href":"https:\/\/wassersch.eu\/corumblog\/wp-json\/wp\/v2\/users\/1"}],"replies":[{"embeddable":true,"href":"https:\/\/wassersch.eu\/corumblog\/wp-json\/wp\/v2\/comments?post=405"}],"version-history":[{"count":0,"href":"https:\/\/wassersch.eu\/corumblog\/wp-json\/wp\/v2\/posts\/405\/revisions"}],"wp:attachment":[{"href":"https:\/\/wassersch.eu\/corumblog\/wp-json\/wp\/v2\/media?parent=405"}],"wp:term":[{"taxonomy":"category","embeddable":true,"href":"https:\/\/wassersch.eu\/corumblog\/wp-json\/wp\/v2\/categories?post=405"},{"taxonomy":"post_tag","embeddable":true,"href":"https:\/\/wassersch.eu\/corumblog\/wp-json\/wp\/v2\/tags?post=405"}],"curies":[{"name":"wp","href":"https:\/\/api.w.org\/{rel}","templated":true}]}}