{"id":402,"date":"2012-08-13T09:40:00","date_gmt":"2012-08-13T07:40:00","guid":{"rendered":"http:\/\/wassersch.eu\/corumblog\/mohnbroetchen-129655078\/"},"modified":"2019-05-09T09:31:25","modified_gmt":"2019-05-09T07:31:25","slug":"mohnbroetchen-129655078","status":"publish","type":"post","link":"https:\/\/wassersch.eu\/corumblog\/2012\/08\/mohnbroetchen-129655078\/","title":{"rendered":"Mo(h)ntag&#8230;"},"content":{"rendered":"<p><a href=\"http:\/\/kochtopf.me\/stories\/blog-event-lxxx-papaver\/\" title=\"Blog-Event LXXX - Papaver (Einsendeschluss 15. August 2012)\" target=\"_blank\"><img loading=\"lazy\" decoding=\"async\" src=\"http:\/\/farm9.staticflickr.com\/8288\/7608476508_88511557a6.jpg\" width=\"500\" height=\"112\" alt=\"Blog-Event LXXX - Papaver (Einsendeschluss 15. August 2012)\"    \/><\/a><\/p>\n<p>&#8230; war es, obwohl es ein Samstag war. Am Wochenende hatte ich mir vorgenommen, meine Lust auf Mohnbr\u00f6tchen, die seit der Ank\u00fcndigung des <a href=\"http:\/\/kochtopf.me\/stories\/blog-event-lxxx-papaver\/\" target=\"_blank\">Events &#8222;Mohn&#8220;<\/a> im <a href=\"http:\/\/kochtopf.me\/\" target=\"_blank\">Kochtopf<\/a>, dieses Mal veranstaltet von Mel von <a  target=\"_blank\">Pimpimella<\/a>, entstanden ist, endlich zu befriedigen. Es w\u00e4re nat\u00fcrlich ein Leichtes gewesen, zum n\u00e4chsten B\u00e4cker zu gehen, aber daf\u00fcr sind wir ja nicht hier&#8230;<\/p>\n<p>Wie immer hatte ich meine Zeit ein bi\u00dfchen falsch verplant und so sollte es dann doch wieder ein halbwegs schnelles Rezept sein.<\/p>\n<p>Im Pl\u00f6tzblog wurde ich dann f\u00fcndig und nachdem ich die letzten anderthalb Stunden einfach \u00fcberlesen hatte, auch nicht so zeitaufwendig. <img decoding=\"async\" src=\"http:\/\/www.wassersch.eu\/Blog\/Blog\/SmileyRotWerd.gif\" alt=\"SmileyRotWerd.gif\" title=\"'n bi\u00dfchen peinlich isses ja schon...\"  class=\"smiley\"\/><\/p>\n<p><img decoding=\"async\" src=\"http:\/\/www.wassersch.eu\/Blog\/Rez\/Mohnbroetchen.jpg\" alt=\"Mohnbroetchen.jpg\" title=\"Mohnbr\u00f6tchen\" class=\"center\"\/><\/p>\n<h3>Mohnbr\u00f6tchen<\/h3>\n<table border= \"0\" width= \"100%\">\n<tr>\n<td width= \"150\" align= \"left\">Quellenangabe: <\/td>\n<td>Frei nach einem ganz anderen <a href=\"http:\/\/www.ploetzblog.de\/2011\/07\/06\/dinkelsterne\/\" target= \"_blank\">Rezept<\/a> aus dem <a href=\"http:\/\/www.ploetzblog.de\/\" target= \"_blank\">Pl\u00f6tzblog<\/a><br \/>Erfa\u00dft 12.08.2012 von Sus<\/td>\n<\/tr>\n<tr>\n<td width= \"150\" align= \"left\">Kategorien: <\/td>\n<td>Brot, Br\u00f6tchen, Hefe, Mohn<\/td>\n<\/tr>\n<tr>\n<td width= \"150\" align= \"left\">Mengenangaben f&uuml;r: <\/td>\n<td>8 St\u00fcck<\/td>\n<\/tr>\n<\/table>\n<h4>Zutaten:<\/h4>\n<table>\n<tr>\n<td width= \"50\" align= \"right\"><\/td>\n<td width= \"100\"><\/td>\n<td><strong>Vorteig (Poolish):<\/strong><\/td>\n<\/tr>\n<tr>\n<td width= \"50\" align= \"right\">100<\/td>\n<td width= \"100\">g<\/td>\n<td>Dinkelvollkornmehl<\/td>\n<\/tr>\n<tr>\n<td width= \"50\" align= \"right\">100<\/td>\n<td width= \"100\">g<\/td>\n<td>Wasser<\/td>\n<\/tr>\n<tr>\n<td width= \"50\" align= \"right\">1<\/td>\n<td width= \"100\">g<\/td>\n<td>Biofrischhefe<\/td>\n<\/tr>\n<tr>\n<td width= \"50\" align= \"right\"><\/td>\n<td width= \"100\"><\/td>\n<td><strong>Hauptteig:<\/strong><\/td>\n<\/tr>\n<tr>\n<td width= \"50\" align= \"right\"><\/td>\n<td width= \"100\"><\/td>\n<td>Vorteig<\/td>\n<\/tr>\n<tr>\n<td width= \"50\" align= \"right\">210<\/td>\n<td width= \"100\">g<\/td>\n<td>Weizenmehl 1050<\/td>\n<\/tr>\n<tr>\n<td width= \"50\" align= \"right\">50<\/td>\n<td width= \"100\">g<\/td>\n<td>Haferflocken<\/td>\n<\/tr>\n<tr>\n<td width= \"50\" align= \"right\">110<\/td>\n<td width= \"100\">g<\/td>\n<td>Wasser<\/td>\n<\/tr>\n<tr>\n<td width= \"50\" align= \"right\">6<\/td>\n<td width= \"100\">g<\/td>\n<td>Biofrischhefe<\/td>\n<\/tr>\n<tr>\n<td width= \"50\" align= \"right\">6<\/td>\n<td width= \"100\">g<\/td>\n<td>Salz<\/td>\n<\/tr>\n<tr>\n<td width= \"50\" align= \"right\">3<\/td>\n<td width= \"100\">E\u00dfl\u00f6ffel<\/td>\n<td>Mohn, gerieben<\/td>\n<\/tr>\n<tr>\n<td width= \"50\" align= \"right\"><\/td>\n<td width= \"100\"><\/td>\n<td><strong>Dekoration:<\/strong><\/td>\n<\/tr>\n<tr>\n<td width= \"50\" align= \"right\">3<\/td>\n<td width= \"100\">E\u00dfl\u00f6ffel<\/td>\n<td>Mohn, ganz<\/td>\n<\/tr>\n<\/table>\n<h4>Zubereitung:<\/h4>\n<p>Die Vorteigzutaten mischen und 8-12 Stunden bei Raumtemperatur reifen lassen.<\/p>\n<p>Alle Zutaten f\u00fcr den Hauptteig 5 Minuten auf niedrigster und 10 Minuten auf zweiter Stufe verkneten. Der Teig sollte relativ fest sein und sich von der Sch\u00fcssel l\u00f6sen.<\/p>\n<p>30 Minuten Teigruhe, dann 8 mal ca. 70 g-Teiglinge abstechen und rund wirken. Auf das Backblech legen.<\/p>\n<p>Erneut 30 Minuten ruhen lassen.<\/p>\n<p>Die Teiglinge mit Milch bestreichen und mit Mohn bestreuen.<\/p>\n<p>Noch einmal 90 Minuten Gare.<\/p>\n<p>Bei 240\u00b0C mit Dampf 20 Minuten braun backen.<\/p>\n<h4>Anmerkung:<\/h4>\n<p>Das letzte Gehenlassen von 90 Minuten hatte ich \u00fcberlesen. Da war dann aber der Backofen schon aufgeheizt und so habe ich die Br\u00f6tchen ziemlich gleich hineingeschoben. Sie w\u00e4ren wahrscheinlich noch ein wenig fluffiger geworden, aber waren so auch schon sehr gut.<\/p>\n<hr \/>\n<div class= \"snap_nopreview\" align= \"right\"><font size= \"1\">Tags: <a class= \"techtag\" href= \"http:\/\/www.wassersch.eu\/Rezepte\/Index\/RezeptIndex.html\" rel= \"tag\">Rezept<\/a>, <a class= \"techtag\" href= \"http:\/\/www.wassersch.eu\/Rezepte\/Index\/Rez_B#Brot\" rel= \"tag\">Brot<\/a>, <a class= \"techtag\" href= \"http:\/\/www.wassersch.eu\/Rezepte\/Index\/Rez_H#Hefe\" rel= \"tag\">Hefe<\/a>, <a class= \"techtag\" href= \"http:\/\/www.wassersch.eu\/Rezepte\/Index\/Rez_M#Mohn\" rel= \"tag\">Mohn<\/a><\/font> <\/div>\n","protected":false},"excerpt":{"rendered":"<p>&#8230; war es, obwohl es ein Samstag war. Am Wochenende hatte ich mir vorgenommen, meine Lust auf Mohnbr\u00f6tchen, die seit der Ank\u00fcndigung des Events &#8222;Mohn&#8220; im Kochtopf, dieses Mal veranstaltet von Mel von Pimpimella, entstanden ist, endlich zu befriedigen. Es w\u00e4re nat\u00fcrlich ein Leichtes gewesen, zum n\u00e4chsten B\u00e4cker zu gehen, aber daf\u00fcr sind wir ja &hellip; <a href=\"https:\/\/wassersch.eu\/corumblog\/2012\/08\/mohnbroetchen-129655078\/\" class=\"more-link\"><span class=\"screen-reader-text\">\u201eMo(h)ntag&#8230;\u201c<\/span> weiterlesen<\/a><\/p>\n","protected":false},"author":1,"featured_media":0,"comment_status":"open","ping_status":"open","sticky":false,"template":"","format":"standard","meta":{"jetpack_post_was_ever_published":false,"_jetpack_newsletter_access":"","_jetpack_dont_email_post_to_subs":false,"_jetpack_newsletter_tier_id":0,"_jetpack_memberships_contains_paywalled_content":false,"_jetpack_memberships_contains_paid_content":false,"footnotes":"","jetpack_publicize_message":"","jetpack_publicize_feature_enabled":true,"jetpack_social_post_already_shared":false,"jetpack_social_options":{"image_generator_settings":{"template":"highway","default_image_id":0,"font":"","enabled":false},"version":2}},"categories":[2],"tags":[23,24,28,311],"class_list":["post-402","post","type-post","status-publish","format-standard","hentry","category-kochen-backen-und-geniessen","tag-backenherzhaft","tag-brot","tag-hefe","tag-mohn"],"jetpack_publicize_connections":[],"jetpack_featured_media_url":"","jetpack_sharing_enabled":true,"jetpack_shortlink":"https:\/\/wp.me\/p923CK-6u","jetpack-related-posts":[],"_links":{"self":[{"href":"https:\/\/wassersch.eu\/corumblog\/wp-json\/wp\/v2\/posts\/402","targetHints":{"allow":["GET"]}}],"collection":[{"href":"https:\/\/wassersch.eu\/corumblog\/wp-json\/wp\/v2\/posts"}],"about":[{"href":"https:\/\/wassersch.eu\/corumblog\/wp-json\/wp\/v2\/types\/post"}],"author":[{"embeddable":true,"href":"https:\/\/wassersch.eu\/corumblog\/wp-json\/wp\/v2\/users\/1"}],"replies":[{"embeddable":true,"href":"https:\/\/wassersch.eu\/corumblog\/wp-json\/wp\/v2\/comments?post=402"}],"version-history":[{"count":2,"href":"https:\/\/wassersch.eu\/corumblog\/wp-json\/wp\/v2\/posts\/402\/revisions"}],"predecessor-version":[{"id":3906,"href":"https:\/\/wassersch.eu\/corumblog\/wp-json\/wp\/v2\/posts\/402\/revisions\/3906"}],"wp:attachment":[{"href":"https:\/\/wassersch.eu\/corumblog\/wp-json\/wp\/v2\/media?parent=402"}],"wp:term":[{"taxonomy":"category","embeddable":true,"href":"https:\/\/wassersch.eu\/corumblog\/wp-json\/wp\/v2\/categories?post=402"},{"taxonomy":"post_tag","embeddable":true,"href":"https:\/\/wassersch.eu\/corumblog\/wp-json\/wp\/v2\/tags?post=402"}],"curies":[{"name":"wp","href":"https:\/\/api.w.org\/{rel}","templated":true}]}}