{"id":400,"date":"2012-08-21T15:26:00","date_gmt":"2012-08-21T13:26:00","guid":{"rendered":"http:\/\/wassersch.eu\/corumblog\/tomaten-flammkuchen-129661518\/"},"modified":"2020-06-07T13:13:17","modified_gmt":"2020-06-07T11:13:17","slug":"tomaten-flammkuchen-129661518","status":"publish","type":"post","link":"https:\/\/wassersch.eu\/corumblog\/2012\/08\/tomaten-flammkuchen-129661518\/","title":{"rendered":"Kennt Ihr &#8230;"},"content":{"rendered":"<p>&#8230; den Spruch: &#8222;Kalte K\u00fcche? Fenster und T\u00fcren auf!&#8220; Nun, dem war am Wochenende absolut nicht so. Die K\u00fcche war anfangs noch einer der k\u00fchleren Orte in unserer Gegend. <img decoding=\"async\" src=\"http:\/\/www.wassersch.eu\/Blog\/Blog\/SmileyGrinsStatic.gif\" alt=\"SmileyGrinsStatic.gif\" title= \":-)\" class=\"smiley\"\/> Was mich dann aber geritten hatte, unbedingt Flammkuchen backen zu wollen, kann ich mittlerweile nicht mehr nachvollziehen. Wahrscheinlich hatte mir die Hitze schon vorher den Verstand weichgekocht. Auf jeden Fall lieferten sich Sonntag abend die K\u00fcchen-Au\u00dfen-T\u00fcr und die Backofen-T\u00fcr eine Schlacht, wer denn nun mehr Hitze in die K\u00fcche bringen kann.<\/p>\n<p>Ausl\u00f6ser dieses kleinen, aber hei\u00dfen Kampfes war das aktuelle <a class= \"deadlink\">G\u00e4rtner-Blog&#8217;sche<\/a> Garten-Koch-Event mit dem Thema<br \/>\n<br \/>\n<a class= \"deadlink\" title=\"Garten-Koch-Event August 2012: Tomaten [31.08.2012]\" target= \"_blank\"><img decoding=\"async\" src=\"http:\/\/farm9.staticflickr.com\/8283\/7724712808_d9d020048b.jpg\" width=\"499\" alt=\"Garten-Koch-Event August 2012: Tomaten [31.08.2012]\" \/><\/a><\/p>\n<p>Weil seit dem Event-Beginn vor zwei Wochen mittlerweile gen\u00fcgend Fr\u00fcchte reif geworden sind, da\u00df man etwas mit ihnen anfangen kann, wollte ich sie denn auch sch\u00f6n bunt pr\u00e4sentieren.<\/p>\n<p>Zuerst auf dem Teller:<b><\/b><br \/>\n<img class= \"center\" src= \"http:\/\/www.wassersch.eu\/Blog\/Garten\/Tomaten2012.jpg\" alt= \"Tomaten2012.jpg\" title= \"Verschiedene Tomaten\" \/><\/p>\n<p>Leider kenne ich dieses Jahr nicht von allen Sorten den Namen. Aber da w\u00e4ren z.B. &#8222;Old Ivory Egg&#8220;, &#8222;Schwarze Birne&#8220;, &#8222;Schwarze Kirsche&#8220;, einige orangene <img src= \"http:\/\/www.wassersch.eu\/Blog\/Blog\/SmileyWinken.gif\" alt= \"SmileyWinken.gif\" title= \"Huhu! Wie geht's der oranje Paprika?\" class=\"smiley\"\/> Kirschtomaten, hellgr\u00fcn-gelbe Kirschtomaten (die wirklich schon reif sind, obwohl sie nicht so aussehen) und in der Mitte eine Mutation: Aus einer Kirschtomate und einer normal gro\u00dfen rotgelben Zebra ist schon vorletztes Jahr eine kleine, rotgelbe Zebra-Kirsch-Tomate entstanden. Mal sehen, ob ich es schaffe, sie weiter zu z\u00fcchten.<\/p>\n<p>Dann auf den Flammkuchen: <br \/>\n<img class= \"center\" src= \"http:\/\/www.wassersch.eu\/Blog\/Rez\/TomatenFlammkuchen2.jpg\" alt= \"TomatenFlammkuchen2.jpg\" title= \"Tomaten-Flammkuchen\" \/><\/p>\n<p align= \"center\">Variante mit K\u00e4se<\/p>\n<p>\n<img class= \"center\" src= \"http:\/\/www.wassersch.eu\/Blog\/Rez\/TomatenFlammkuchen1.jpg\" alt= \"TomatenFlammkuchen1.jpg\" title= \"Tomaten-Flammkuchen ohne K\u00e4se\" \/><\/p>\n<p align= \"center\">Variante ohne K\u00e4se<\/p>\n<p><\/p>\n<h3>Tomaten-Flammkuchen<\/h3>\n<table border=\"0\">\n<tr>\n<td width=\"150\" align=\"left\">Quelle: <\/td>\n<td>Variation von <a href= \"https:\/\/wassersch.eu\/corumblog\/2011\/10\/flammkuchen-mit-quitten-43528308\/\">hier<\/a> 19.08.2012 von Sus<\/td>\n<\/tr>\n<tr>\n<td width=\"150\" align=\"left\">Kategorien: <\/td>\n<td>Backen, Flammkuchen, Tomate<\/td>\n<\/tr>\n<tr>\n<td width=\"150\" align=\"left\">Mengenangaben f&uuml;r: <\/td>\n<td>4 Portionen<\/td>\n<\/tr>\n<\/table>\n<h4>Zutaten:<\/h4>\n<table>\n<tr>\n<td width=\"50\" align=\"right\"><\/td>\n<td width=\"100\"><\/td>\n<td><strong>Teig:<\/strong><\/td>\n<\/tr>\n<tr>\n<td width=\"50\" align=\"right\">10<\/td>\n<td width=\"100\">g<\/td>\n<td>Frische Hefe<\/td>\n<\/tr>\n<tr>\n<td width=\"50\" align=\"right\">4<\/td>\n<td width=\"100\">E\u00dfl\u00f6ffel<\/td>\n<td>Warmes Wasser<\/td>\n<\/tr>\n<tr>\n<td width=\"50\" align=\"right\">250<\/td>\n<td width=\"100\">g<\/td>\n<td>Weizenmehl<\/td>\n<\/tr>\n<tr>\n<td width=\"50\" align=\"right\">50<\/td>\n<td width=\"100\">g<\/td>\n<td>Roggenschrot<\/td>\n<\/tr>\n<tr>\n<td width=\"50\" align=\"right\">100<\/td>\n<td width=\"100\">ml<\/td>\n<td>Buttermilch (war keine da; ersetzt durch Ayran)<\/td>\n<\/tr>\n<tr>\n<td width=\"50\" align=\"right\">2<\/td>\n<td width=\"100\">E\u00dfl\u00f6ffel<\/td>\n<td>Oliven\u00f6l<\/td>\n<\/tr>\n<tr>\n<td width=\"50\" align=\"right\">1\/2<\/td>\n<td width=\"100\">Teel\u00f6ffel<\/td>\n<td>Salz<\/td>\n<\/tr>\n<tr>\n<td width=\"50\" align=\"right\"><\/td>\n<td width=\"100\"><\/td>\n<td><strong>Belag:<\/strong><\/td>\n<\/tr>\n<tr>\n<td width=\"50\" align=\"right\"><\/td>\n<td width=\"100\"><\/td>\n<td>Bunte Tomaten<\/td>\n<\/tr>\n<tr>\n<td width=\"50\" align=\"right\">1<\/td>\n<td width=\"100\">gro\u00dfe<\/td>\n<td>Zwiebel<\/td>\n<\/tr>\n<tr>\n<td width=\"50\" align=\"right\">4<\/td>\n<td width=\"100\"><\/td>\n<td>Merguez-W\u00fcrstchen<\/td>\n<\/tr>\n<tr>\n<td width=\"50\" align=\"right\">100<\/td>\n<td width=\"100\">g<\/td>\n<td>Ziegenfrischk\u00e4se<\/td>\n<\/tr>\n<tr>\n<td width=\"50\" align=\"right\"><\/td>\n<td width=\"100\"><\/td>\n<td>alternativ:<\/td>\n<\/tr>\n<tr>\n<td width=\"50\" align=\"right\">5<\/td>\n<td width=\"100\">EL<\/td>\n<td>Ketchup (z.B. von <a href=\"https:\/\/wassersch.eu\/corumblog\/2012\/06\/rhabarber-tomaten-ketchup-97064052\/\">hier<\/a>)<\/td>\n<\/tr>\n<tr>\n<td width=\"50\" align=\"right\"><\/td>\n<td width=\"100\"><\/td>\n<td>Salz, Pfeffer<\/td>\n<\/tr>\n<tr>\n<td width=\"50\" align=\"right\">2<\/td>\n<td width=\"100\">Stengel<\/td>\n<td>Frischer Basilikum<\/td>\n<\/tr>\n<tr>\n<td width=\"50\" align=\"right\"><\/td>\n<td width=\"100\"><\/td>\n<td>Frischer Zitronenthymian<\/td>\n<\/tr>\n<\/table>\n<p><\/p>\n<h4>Zubereitung:<\/h4>\n<p>F\u00fcr den Teig die frische Hefe im warmen Wasser aufl\u00f6sen. Zusammen mit dem Mehl, der Buttermilch\/Ayran, dem Oliven\u00f6l und Salz zu einem glatten Teig verkneten, diesen zu einer Kugel formen und entweder zugedeckt an einem warmen Ort gut 1 Stunde gehen lassen oder in der K\u00e4lte des K\u00fchlschranks ca. 12 Stunden und drei Stunden bei Zimmertemperatur stehen lassen (hier: 8 Stunden im K\u00fchlschrank und 1 Stunde im Backofen bei eingeschalteter Beleuchtung).<\/p>\n<p>Zwischenzeitlich 4 (Sus: Ich habe wieder trotz des sehr d\u00fcnn ausgerollten Teigs nur zwei St\u00fcck gebraucht) St\u00fccke Backpapier in Backblechgr\u00f6\u00dfe zuschneiden und Backofen inklusive des zu verwendenden Backblechs auf 250\u00b0C vorheizen.<\/p>\n<p>Teig mit den H\u00e4nden durchkneten und in 4 Portionen teilen. Nacheinander auf je 1 Bogen Backpapier d\u00fcnn ausrollen. Jeweils 10 Minuten ruhen lassen und dann noch d\u00fcnner ausrollen.<\/p>\n<p>Gro\u00dfe Tomaten in dicke Scheiben schneiden, kleine Tomaten halbieren. Zwiebeln sch\u00e4len und in d\u00fcnne Ringe hobeln. W\u00fcrstchen h\u00e4uten und kleine B\u00e4llchen formen. Ca. die H\u00e4lfte des Basilikums grob hacken.<\/p>\n<p>Teigfladen mit Frischk\u00e4se oder Tomatensauce bestreichen, salzen und pfeffern. Mit Tomaten, Zwiebeln, W\u00fcrstchen, gehackten Basilikum und Thymian belegen. Nacheinander mit dem Backpapier auf das hei\u00dfen Blech ziehen und im hei\u00dfen Ofen auf der mittleren Schiene 5-7 Minuten backen. Mit dem restlichen Basilikum bestreuen und sofort servieren.<\/p>\n<hr \/>\n<div class=\"snap_nopreview\" align=\"right\"><font size=\"1\">Index: <a class=\"techtag\" href=\"http:\/\/www.wassersch.eu\/Rezepte\/Index\/Rez_F#Flammkuchen\" rel=\"tag\">Flammkuchen<\/a>, <a class=\"techtag\" href=\"http:\/\/www.wassersch.eu\/Rezepte\/Index\/Rez_P#Pizza\" rel=\"tag\">Pizza<\/a>, <a class=\"techtag\" href=\"http:\/\/www.wassersch.eu\/Rezepte\/Index\/Rez_T#Tomate\" rel=\"tag\">Tomate<\/a>, <a class=\"techtag\" href=\"http:\/\/www.wassersch.eu\/Rezepte\/Index\/Rez_B#Blog-Event\" rel=\"tag\">Blog-Event<\/a><\/font> <\/div>\n","protected":false},"excerpt":{"rendered":"<p>&#8230; den Spruch: &#8222;Kalte K\u00fcche? Fenster und T\u00fcren auf!&#8220; Nun, dem war am Wochenende absolut nicht so. Die K\u00fcche war anfangs noch einer der k\u00fchleren Orte in unserer Gegend. Was mich dann aber geritten hatte, unbedingt Flammkuchen backen zu wollen, kann ich mittlerweile nicht mehr nachvollziehen. Wahrscheinlich hatte mir die Hitze schon vorher den Verstand &hellip; <a href=\"https:\/\/wassersch.eu\/corumblog\/2012\/08\/tomaten-flammkuchen-129661518\/\" class=\"more-link\"><span class=\"screen-reader-text\">\u201eKennt Ihr &#8230;\u201c<\/span> weiterlesen<\/a><\/p>\n","protected":false},"author":1,"featured_media":0,"comment_status":"open","ping_status":"open","sticky":false,"template":"","format":"standard","meta":{"jetpack_post_was_ever_published":false,"_jetpack_newsletter_access":"","_jetpack_dont_email_post_to_subs":false,"_jetpack_newsletter_tier_id":0,"_jetpack_memberships_contains_paywalled_content":false,"_jetpack_memberships_contains_paid_content":false,"footnotes":"","jetpack_publicize_message":"","jetpack_publicize_feature_enabled":true,"jetpack_social_post_already_shared":false,"jetpack_social_options":{"image_generator_settings":{"template":"highway","default_image_id":0,"font":"","enabled":false},"version":2}},"categories":[2],"tags":[23,44,457,28,41,185],"class_list":["post-400","post","type-post","status-publish","format-standard","hentry","category-kochen-backen-und-geniessen","tag-backenherzhaft","tag-blog-event","tag-flammkuchen","tag-hefe","tag-pizza","tag-tomate"],"jetpack_publicize_connections":[],"jetpack_featured_media_url":"","jetpack_sharing_enabled":true,"jetpack_shortlink":"https:\/\/wp.me\/p923CK-6s","jetpack-related-posts":[],"_links":{"self":[{"href":"https:\/\/wassersch.eu\/corumblog\/wp-json\/wp\/v2\/posts\/400","targetHints":{"allow":["GET"]}}],"collection":[{"href":"https:\/\/wassersch.eu\/corumblog\/wp-json\/wp\/v2\/posts"}],"about":[{"href":"https:\/\/wassersch.eu\/corumblog\/wp-json\/wp\/v2\/types\/post"}],"author":[{"embeddable":true,"href":"https:\/\/wassersch.eu\/corumblog\/wp-json\/wp\/v2\/users\/1"}],"replies":[{"embeddable":true,"href":"https:\/\/wassersch.eu\/corumblog\/wp-json\/wp\/v2\/comments?post=400"}],"version-history":[{"count":2,"href":"https:\/\/wassersch.eu\/corumblog\/wp-json\/wp\/v2\/posts\/400\/revisions"}],"predecessor-version":[{"id":4499,"href":"https:\/\/wassersch.eu\/corumblog\/wp-json\/wp\/v2\/posts\/400\/revisions\/4499"}],"wp:attachment":[{"href":"https:\/\/wassersch.eu\/corumblog\/wp-json\/wp\/v2\/media?parent=400"}],"wp:term":[{"taxonomy":"category","embeddable":true,"href":"https:\/\/wassersch.eu\/corumblog\/wp-json\/wp\/v2\/categories?post=400"},{"taxonomy":"post_tag","embeddable":true,"href":"https:\/\/wassersch.eu\/corumblog\/wp-json\/wp\/v2\/tags?post=400"}],"curies":[{"name":"wp","href":"https:\/\/api.w.org\/{rel}","templated":true}]}}