{"id":3353,"date":"2018-04-11T08:00:53","date_gmt":"2018-04-11T06:00:53","guid":{"rendered":"http:\/\/wassersch.eu\/corumblog\/?p=3353"},"modified":"2020-06-17T10:08:02","modified_gmt":"2020-06-17T08:08:02","slug":"lamm-frikadellen","status":"publish","type":"post","link":"https:\/\/wassersch.eu\/corumblog\/2018\/04\/lamm-frikadellen\/","title":{"rendered":"Lamm-Frikadellen"},"content":{"rendered":"<p>Das aktuelle Thema bei &#8222;<a href=\"https:\/\/www.facebook.com\/wirrettenwaszurettenist\/\">Wir retten, was zu retten ist<\/a>&#8220; sind &#8222;Fleischlaberl, Bouletten, Fleischpflanzerl und Konsorten&#8220;, wobei diese Teile hierzulande einfach &#8222;Frikadellen&#8220; hei\u00dfen. Aber zugegebenerma\u00dfen sind gute Frikadellen auch hier schwer zu finden. Abgepackt im Supermarkt geht schon mal gar nicht und selbst an Metzgertheken bin ich schon b\u00f6se reingefallen. Da bleibt mal wieder nichts anderes \u00fcbrig, als sie selbst zu machen. Ist auch eigentlich nicht schwer, nur muss man danach dem Herd und seiner Umgebung ein klein wenig Zeit widmen. Auch aus diesem Grund mache ich meist die doppelte Portion und friere einen Teil ein.<\/p>\n<p>Die Spargel auf dem Bild sind \u00fcbrigens noch keine neuen Spargel, obwohl hier in der Gegend schon die ersten Exemplare gestochen und verkauft werden. Allerdings wurden diese unter Folientunneln und mit Fu\u00dfbodenheizung angezogen, das halte ich dann auch f\u00fcr etwas \u00fcbertrieben. (Wenn das so weitergeht, gibt es an Weihnachten auch heimischen Spargel frisch zu kaufen. Das muss nun wirklich nicht sein&#8230;) Nein, im Gefrierschrank habe ich noch ein Paket in der hintersten Ecke gefunden. Da die Spargel vakuumiert eingeschwei\u00dft waren, haben sie wirklich fast wie frischer Spargel geschmeckt.<\/p>\n<p><img decoding=\"async\" src=\"http:\/\/www.wassersch.eu\/Blog\/Rez\/2018\/Lammfrikadellen.jpg\" alt=\"Lammfrikadellen.jpg\" title=\"Lamm-Frikadellen\" class=\"center\"><\/p>\n<h3>Lamm-Frikadellen<\/h3>\n<table border= \"0\" width= \"100%\">\n<tr>\n<td width= \"200\" align= \"left\">Quellenangabe: <\/td>\n<td>Erfa\u00dft 08.04.18 von Sus<\/td>\n<\/tr>\n<tr>\n<td width= \"150\" align= \"left\">Kategorien: <\/td>\n<td>Fleisch, Lamm, Frikadelle, Kr\u00e4uter<\/td>\n<\/tr>\n<tr>\n<td width= \"150\" align= \"left\">Mengenangaben f&uuml;r: <\/td>\n<td>12 St\u00fcck<\/td>\n<\/tr>\n<\/table>\n<h4>Zutaten:<\/h4>\n<table>\n<tr>\n<td width= \"70\" align= \"right\"><\/td>\n<td width= \"130\"><\/td>\n<td><strong>Frikadellen:<\/strong><\/td>\n<\/tr>\n<tr>\n<td width= \"50\" align= \"right\">1200<\/td>\n<td width= \"100\">g<\/td>\n<td>Lammkeule ohne Knochen<\/td>\n<\/tr>\n<tr>\n<td width= \"50\" align= \"right\">3<\/td>\n<td width= \"100\"><\/td>\n<td>Zwiebeln<\/td>\n<\/tr>\n<tr>\n<td width= \"50\" align= \"right\">3<\/td>\n<td width= \"100\"><\/td>\n<td>Knoblauchzehen<\/td>\n<\/tr>\n<tr>\n<td width= \"50\" align= \"right\">2<\/td>\n<td width= \"100\"><\/td>\n<td>Eier<\/td>\n<\/tr>\n<tr>\n<td width= \"50\" align= \"right\">10<\/td>\n<td width= \"100\">Scheiben<\/td>\n<td>Roggen-Kn\u00e4ckebrot<\/td>\n<\/tr>\n<tr>\n<td width= \"50\" align= \"right\">150<\/td>\n<td width= \"100\">ml<\/td>\n<td>Ajvar (ca.)<\/td>\n<\/tr>\n<tr>\n<td width= \"50\" align= \"right\"><\/td>\n<td width= \"100\"><\/td>\n<td>Salz, Pfeffer<\/td>\n<\/tr>\n<tr>\n<td width= \"50\" align= \"right\">1\/2<\/td>\n<td width= \"100\">Teel\u00f6ffel<\/td>\n<td>Chilipulver<\/td>\n<\/tr>\n<tr>\n<td width= \"50\" align= \"right\">1<\/td>\n<td width= \"100\">Teel\u00f6ffel<\/td>\n<td>Currypulver nach Geschmack<\/td>\n<\/tr>\n<tr>\n<td width= \"50\" align= \"right\">1\/2<\/td>\n<td width= \"100\">Teel\u00f6ffel<\/td>\n<td>Zitronenschale; gerieben<\/td>\n<\/tr>\n<tr>\n<td width= \"50\" align= \"right\">8<\/td>\n<td width= \"100\">Bl\u00e4tter<\/td>\n<td>B\u00e4rlauch<\/td>\n<\/tr>\n<tr>\n<td width= \"50\" align= \"right\">2<\/td>\n<td width= \"100\">Handvoll<\/td>\n<td>Knoblauchrauke- Bl\u00e4tter<\/td>\n<\/tr>\n<tr>\n<td width= \"50\" align= \"right\">4<\/td>\n<td width= \"100\">Stengel<\/td>\n<td>Petersilie<\/td>\n<\/tr>\n<tr>\n<td width= \"50\" align= \"right\"><\/td>\n<td width= \"100\"><\/td>\n<td><strong>Sauce:<\/strong><\/td>\n<\/tr>\n<tr>\n<td width= \"50\" align= \"right\">3<\/td>\n<td width= \"100\">E\u00dfl\u00f6ffel<\/td>\n<td>Ajvar<\/td>\n<\/tr>\n<tr>\n<td width= \"50\" align= \"right\">2<\/td>\n<td width= \"100\">Bl\u00e4tter<\/td>\n<td>B\u00e4rlauch<\/td>\n<\/tr>\n<tr>\n<td width= \"50\" align= \"right\">1\/2<\/td>\n<td width= \"100\">Handvoll<\/td>\n<td>Knoblauchrauke-Bl\u00e4tter<\/td>\n<\/tr>\n<tr>\n<td width= \"50\" align= \"right\">2<\/td>\n<td width= \"100\">Stengel<\/td>\n<td>Petersilie<\/td>\n<\/tr>\n<tr>\n<td width= \"50\" align= \"right\">3<\/td>\n<td width= \"100\">E\u00dfl\u00f6ffel<\/td>\n<td>Bratenfett von den Frikadellen<\/td>\n<\/tr>\n<tr>\n<td width= \"50\" align= \"right\">200<\/td>\n<td width= \"100\">ml<\/td>\n<td>Gem\u00fcse- oder andere Br\u00fche<\/td>\n<\/tr>\n<tr>\n<td width= \"50\" align= \"right\"><\/td>\n<td width= \"100\"><\/td>\n<td>Salz, Pfeffer<\/td>\n<\/tr>\n<\/table>\n<h4>Zubereitung:<\/h4>\n<p>Fett und Sehnen von der Lammkeule entfernen. Zwiebeln und Knoblauchzwiebeln sch\u00e4len. Alles in passende St\u00fccke schneiden und zusammen durch den Fleischwolf (mittlere Lochgr\u00f6\u00dfe) in eine Sch\u00fcssel treiben. Kn\u00e4ckebrot grob zerkleinern, im Mixer fein zermahlen und zu dem Hackfleisch geben. Eier, Ajvar und grob zerhacktes Gr\u00fcnzeug ebenfalls zugeben, dann alles gut vermischen und mit den Gew\u00fcrzen abschmecken. Die Masse darf ruhig etwas st\u00e4rker gew\u00fcrzt schmecken, das verliert sich noch. Etwas ruhen lassen.<\/p>\n<p>\u00d6l in einer Pfanne erhitzen, aus der Fleischmasse Frikadellen formen und auf beiden Seiten scharf anbraten. Dann die Hitze etwas herunterregeln, ggf. Deckel auf die Pfanne legen, damit die Frikadellen beim Garen nicht austrocknen.<\/p>\n<p>Aus Bratenfett, Ajvar und etwas Br\u00fche eine Sauce k\u00f6cheln, mit Salz und Pfeffer abschmecken und ebenfalls ein paar Kr\u00e4uter unterr\u00fchren.<\/p>\n<h4>Anmerkung:<\/h4>\n<p>Das im Rezept erw\u00e4hnte Kn\u00e4ckebrot war urspr\u00fcnglich nicht beabsichtigt, aber wie das so ist, waren weder ein altbackenes Br\u00f6tchen noch Semmelbr\u00f6sel im Haus. Hat aber super funktioniert und gut geschmeckt.<\/p>\n<p>Dazu gab&#8217;s ein paar Nudeln.<\/p>\n<hr \/>\n<div class= \"snap_nopreview\" align= \"right\"><font size= \"1\">Index: <a class= \"techtag\" href= \"http:\/\/www.wassersch.eu\/Rezepte\/Index\/Rez_F#Fleisch\" rel= \"tag\">Fleisch<\/a>, <a class= \"techtag\" href= \"http:\/\/www.wassersch.eu\/Rezepte\/Index\/Rez_L#Lamm\" rel= \"tag\">Lamm<\/a>, <a class= \"techtag\" href= \"http:\/\/www.wassersch.eu\/Rezepte\/Index\/Rez_F#Frikadelle\" rel= \"tag\">Frikadelle<\/a>, <a class= \"techtag\" href= \"http:\/\/www.wassersch.eu\/Rezepte\/Index\/Rez_K#Kraeuter\" rel= \"tag\">Kr\u00e4uter<\/a>, <a class= \"techtag\" href= \"http:\/\/www.wassersch.eu\/Rezepte\/Index\/Rez_B#Baerlauch\" rel= \"tag\">B\u00e4rlauch<\/a>, <a class= \"techtag\" href= \"http:\/\/www.wassersch.eu\/Rezepte\/Index\/Rez_B#Blog-Event\" rel= \"tag\">Blog-Event<\/a><\/font> <\/div>\n<p>&nbsp;<\/p>\n<p>\n<img loading=\"lazy\" decoding=\"async\" src=\"https:\/\/i2.wp.com\/wassersch.eu\/Blog\/Div\/BlogEvents\/WirRettenWasZuRettenIst_Geburtstag4.png?w=840\" alt=\"\" title=\"\" class=\"center\" style=\"border-radius:0; margin-top: 0em;\" width=\"400\" height=\"188\"><\/p>\n<p align=\"center\">#WirRettenWasZuRettenIst<\/p>\n<p>Und nun die anderen Beitr\u00e4ge zum Event zur Rettung der Frikadelle, wie immer ausgerichtet von  <a href=\"https:\/\/turbohausfrau.blogspot.com\/\">Susi<\/a> und <a href=\"https:\/\/giftigeblonde.wordpress.com\/\">Sina<\/a>:<\/p>\n<p>&nbsp;<\/p>\n<p>auchwas &#8211; <a href=\"https:\/\/auchwas.blogspot.com\/2018\/04\/wirrettenwaszurettenist-fleischlaberl.html\" target=\"_blank\">Frikadellen orientalisch<\/a><br \/>\nBrittas Kochbuch &#8211; <a href=\"https:\/\/brittas-kochbuch.info\/?p=11240\" target=\"_blank\">Vegane Pilzfrikadellen<\/a><br \/>\nCakes Cookies and more &#8211; <a href=\"https:\/\/cakes-cookiesandmore.blogspot.com\/2018\/04\/hacktaetschli-aus-dem-backofen.html\" target=\"_blank\">Hackt\u00e4tschli aus dem Backofen mit buntem Ofengem\u00fcse<\/a><br \/>\ngenial-lecker &#8211; <a href=\"http:\/\/www.genial-lecker.de\/rezept-fischbuletten\/\" target=\"_blank\">Fischbuletten<\/a><br \/>\nGerman Abendbrot &#8211; <a href=\"https:\/\/germanabendbrot.de\/2018\/04\/11\/hackfleischbaellchen-in-biersosse\/\" target=\"_blank\">Hackfleischb\u00e4llchen in Bierso\u00dfe<\/a><br \/>\ngiftigeblonde &#8211; <a href=\"http:\/\/giftigeblonde.com\/2018\/04\/11\/faschierte-laberl-am-spiess-mit-zwiebeln-und-backofenerdapfel\/\" target=\"_blank\">Faschierte Laberl am Spie\u00df<\/a><br \/>\nKarambakarinaswelt &#8211; <a href=\"https:\/\/www.karambakarina.de\/2018\/04\/fischfrikadellen-mit-dip-la-remoulade.html\" target=\"_blank\">Fischfrikadellen mit Dip &#8222;a la Remoulade&#8220;<\/a><br \/>\nKatha kocht! &#8211; <a href=\"http:\/\/www.katha-kocht.de\/nudelpfanne-mit-buntem-gemuese-und-gefluegelhackbaellchen\" target=\"_blank\">Nudelpfanne mit buntem Gem\u00fcse und Gefl\u00fcgelhackb\u00e4llchen<\/a><br \/>\nLeberkassemmel und mehr &#8211; <a href=\"https:\/\/leberkassemmel.de\/2018\/04\/quick-and-dirty-fleischpflanzerl-dry-aged-ueberbacken-mit-kaese-und-bacon.html\" target=\"_blank\">Fleischpflanzerl Dry Aged, \u00fcberbacken mit K\u00e4se und Bacon<\/a><br \/>\nlieberlecker &#8211; <a href=\"https:\/\/wp.me\/p2jfVC-3I0\" target=\"_blank\">Crevetten T\u00e4tschli<\/a><br \/>\nMadam Rote R\u00fcbe &#8211; <a href=\"https:\/\/madamroteruebe.de\/2018\/04\/apfel-gruenkernbratlinge-zu-lauch-pasta\/\" target=\"_blank\">Hausgemachte Apfel-Gr\u00fcnkernbratlinge zu Lauch-Pasta<\/a><br \/>\nmagentratzerl &#8211; <a href=\"http:\/\/magentratzerl.net\/2018\/04\/11\/pastinaken-laibchen\/\" target=\"_blank\">Pastinakenlaibchen<\/a><br \/>\nour food creations &#8211; <a href=\"https:\/\/ourfoodcreations.blogspot.com\/2018\/04\/wir-retten-was-zu-retten-ist-bouletten.html\" target=\"_blank\">Fischbouletten de Luxe mit Mango-Salsa<\/a><br \/>\nPane-Bistecca &#8211; <a href=\"http:\/\/pane-bistecca.com\/rezepte-recipe-blog\/panierte-chuegeli-wir-retten-was-zu-retten-ist\" target=\"_blank\">Panierte Chuegeli<\/a><br \/>\nTurbohausfrau &#8211; <a href=\"https:\/\/www.turbohausfrau.at\/2018\/04\/rettungsaktion-butterschnitzel.html\" target=\"_blank\">Butterschnitzel<\/a><br \/>\nUnser Meating &#8211; <a href=\"https:\/\/wp.me\/p5jR4U-2ak\" target=\"_blank\">Vegetarische Fleischk\u00fcchle<\/a><\/p>\n","protected":false},"excerpt":{"rendered":"<p>Das aktuelle Thema bei &#8222;Wir retten, was zu retten ist&#8220; sind &#8222;Fleischlaberl, Bouletten, Fleischpflanzerl und Konsorten&#8220;, wobei diese Teile hierzulande einfach &#8222;Frikadellen&#8220; hei\u00dfen. Aber zugegebenerma\u00dfen sind gute Frikadellen auch hier schwer zu finden. Abgepackt im Supermarkt geht schon mal gar nicht und selbst an Metzgertheken bin ich schon b\u00f6se reingefallen. Da bleibt mal wieder nichts &hellip; <a href=\"https:\/\/wassersch.eu\/corumblog\/2018\/04\/lamm-frikadellen\/\" class=\"more-link\"><span class=\"screen-reader-text\">\u201eLamm-Frikadellen\u201c<\/span> weiterlesen<\/a><\/p>\n","protected":false},"author":1,"featured_media":0,"comment_status":"open","ping_status":"open","sticky":false,"template":"","format":"standard","meta":{"jetpack_post_was_ever_published":false,"_jetpack_newsletter_access":"","_jetpack_dont_email_post_to_subs":false,"_jetpack_newsletter_tier_id":0,"_jetpack_memberships_contains_paywalled_content":false,"_jetpack_memberships_contains_paid_content":false,"footnotes":"","jetpack_publicize_message":"","jetpack_publicize_feature_enabled":true,"jetpack_social_post_already_shared":true,"jetpack_social_options":{"image_generator_settings":{"template":"highway","default_image_id":0,"font":"","enabled":false},"version":2}},"categories":[2,555],"tags":[139,44,232,67,402],"class_list":["post-3353","post","type-post","status-publish","format-standard","hentry","category-kochen-backen-und-geniessen","category-lamm","tag-baerlauch","tag-blog-event","tag-frikadelle","tag-lamm","tag-wirrettenwaszurettenist"],"jetpack_publicize_connections":[],"jetpack_featured_media_url":"","jetpack_sharing_enabled":true,"jetpack_shortlink":"https:\/\/wp.me\/p923CK-S5","jetpack-related-posts":[],"_links":{"self":[{"href":"https:\/\/wassersch.eu\/corumblog\/wp-json\/wp\/v2\/posts\/3353","targetHints":{"allow":["GET"]}}],"collection":[{"href":"https:\/\/wassersch.eu\/corumblog\/wp-json\/wp\/v2\/posts"}],"about":[{"href":"https:\/\/wassersch.eu\/corumblog\/wp-json\/wp\/v2\/types\/post"}],"author":[{"embeddable":true,"href":"https:\/\/wassersch.eu\/corumblog\/wp-json\/wp\/v2\/users\/1"}],"replies":[{"embeddable":true,"href":"https:\/\/wassersch.eu\/corumblog\/wp-json\/wp\/v2\/comments?post=3353"}],"version-history":[{"count":10,"href":"https:\/\/wassersch.eu\/corumblog\/wp-json\/wp\/v2\/posts\/3353\/revisions"}],"predecessor-version":[{"id":3364,"href":"https:\/\/wassersch.eu\/corumblog\/wp-json\/wp\/v2\/posts\/3353\/revisions\/3364"}],"wp:attachment":[{"href":"https:\/\/wassersch.eu\/corumblog\/wp-json\/wp\/v2\/media?parent=3353"}],"wp:term":[{"taxonomy":"category","embeddable":true,"href":"https:\/\/wassersch.eu\/corumblog\/wp-json\/wp\/v2\/categories?post=3353"},{"taxonomy":"post_tag","embeddable":true,"href":"https:\/\/wassersch.eu\/corumblog\/wp-json\/wp\/v2\/tags?post=3353"}],"curies":[{"name":"wp","href":"https:\/\/api.w.org\/{rel}","templated":true}]}}