{"id":242,"date":"2006-10-14T09:10:00","date_gmt":"2006-10-14T07:10:00","guid":{"rendered":"http:\/\/wassersch.eu\/corumblog\/stockrosen-2006-2795828\/"},"modified":"2006-10-14T09:10:00","modified_gmt":"2006-10-14T07:10:00","slug":"stockrosen-2006-2795828","status":"publish","type":"post","link":"https:\/\/wassersch.eu\/corumblog\/2006\/10\/stockrosen-2006-2795828\/","title":{"rendered":"Stockrosen-Impressionen"},"content":{"rendered":"<table>\n<tr>\n<td> <img src= \"http:\/\/www.wassersch.eu\/Blog\/Garten\/StockrosenblueteMitBiene.jpg\" alt= \"StockrosenblueteMitBiene.jpg\" class= \"left\" width= \"200\" \/><\/td>\n<th rowspan=\"3\"> <img src= \"http:\/\/www.wassersch.eu\/Blog\/Garten\/StockroseTotal.jpg\" alt= \"StockroseTotal.jpg\" class=\"right\" width=\"320\" \/><\/th>\n<\/tr>\n<td><img src= \"http:\/\/www.wassersch.eu\/Blog\/Garten\/Stockrosenbluete2.jpg\" alt= \"Stockrosenbluete2\" class= \"left\" width= \"200\" \/><br \/>\n<img src= \"http:\/\/www.wassersch.eu\/Blog\/Garten\/Stockrosenbluete3.jpg\" alt= \"Stockrosenbluete3\" class= \"left\" width= \"200\" \/>\n<\/td>\n<\/tr>\n<\/table>\n<p>\nDie Bilder sind nicht ganz aktuell, sondern entstanden bereits im August. Aktueller Anla\u00df: Der Artikel <a href= \"http:\/\/gaertnerblog.de\/blog\/2006\/stockrose-alcea-rosea\/\" target= \"_blank\">Stockrosen bl\u00fchen noch im Oktober<\/a> im <a href= \"http:\/\/gaertnerblog.de\/blog\" target= \"_blank\">G\u00e4rtner-Blog<\/a>. Auch meine sind immer noch flei\u00dfig am Bl\u00fchen und Knospen bilden, nat\u00fcrlich nicht mehr ganz so pr\u00e4chtig.<\/p>\n<hr \/>\n<div align= \"right\"><font size= \"1\">Tags: <a class= \"techtag\" href= \"http:\/\/corum.twoday.net\/search?q=tag:Garten\" rel= \"tag\">Garten<\/a>, <a class= \"techtag\" href= \"http:\/\/corum.twoday.net\/search?q=tag:Stockrose\" rel= \"tag\">Stockrose<\/a>, <a class= \"techtag\" href=\"http:\/\/corum.twoday.net\/search?q=tag:Maulbeere\" rel= \"tag\">Maulbeere<\/a><\/font><\/p>\n<div><\/div>\n<\/div>\n","protected":false},"excerpt":{"rendered":"<p>Die Bilder sind nicht ganz aktuell, sondern entstanden bereits im August. Aktueller Anla\u00df: Der Artikel Stockrosen bl\u00fchen noch im Oktober im G\u00e4rtner-Blog. Auch meine sind immer noch flei\u00dfig am Bl\u00fchen und Knospen bilden, nat\u00fcrlich nicht mehr ganz so pr\u00e4chtig. Tags: Garten, Stockrose, Maulbeere<\/p>\n","protected":false},"author":1,"featured_media":0,"comment_status":"open","ping_status":"open","sticky":false,"template":"","format":"standard","meta":{"jetpack_post_was_ever_published":false,"_jetpack_newsletter_access":"","_jetpack_dont_email_post_to_subs":false,"_jetpack_newsletter_tier_id":0,"_jetpack_memberships_contains_paywalled_content":false,"_jetpack_memberships_contains_paid_content":false,"footnotes":"","jetpack_publicize_message":"","jetpack_publicize_feature_enabled":true,"jetpack_social_post_already_shared":false,"jetpack_social_options":{"image_generator_settings":{"template":"highway","default_image_id":0,"font":"","enabled":false},"version":2}},"categories":[4],"tags":[],"class_list":["post-242","post","type-post","status-publish","format-standard","hentry","category-gruenfutter"],"jetpack_publicize_connections":[],"jetpack_featured_media_url":"","jetpack_sharing_enabled":true,"jetpack_shortlink":"https:\/\/wp.me\/p923CK-3U","jetpack-related-posts":[],"_links":{"self":[{"href":"https:\/\/wassersch.eu\/corumblog\/wp-json\/wp\/v2\/posts\/242","targetHints":{"allow":["GET"]}}],"collection":[{"href":"https:\/\/wassersch.eu\/corumblog\/wp-json\/wp\/v2\/posts"}],"about":[{"href":"https:\/\/wassersch.eu\/corumblog\/wp-json\/wp\/v2\/types\/post"}],"author":[{"embeddable":true,"href":"https:\/\/wassersch.eu\/corumblog\/wp-json\/wp\/v2\/users\/1"}],"replies":[{"embeddable":true,"href":"https:\/\/wassersch.eu\/corumblog\/wp-json\/wp\/v2\/comments?post=242"}],"version-history":[{"count":0,"href":"https:\/\/wassersch.eu\/corumblog\/wp-json\/wp\/v2\/posts\/242\/revisions"}],"wp:attachment":[{"href":"https:\/\/wassersch.eu\/corumblog\/wp-json\/wp\/v2\/media?parent=242"}],"wp:term":[{"taxonomy":"category","embeddable":true,"href":"https:\/\/wassersch.eu\/corumblog\/wp-json\/wp\/v2\/categories?post=242"},{"taxonomy":"post_tag","embeddable":true,"href":"https:\/\/wassersch.eu\/corumblog\/wp-json\/wp\/v2\/tags?post=242"}],"curies":[{"name":"wp","href":"https:\/\/api.w.org\/{rel}","templated":true}]}}