{"id":227,"date":"2006-11-12T18:46:00","date_gmt":"2006-11-12T17:46:00","guid":{"rendered":"http:\/\/wassersch.eu\/corumblog\/vermicelle-a-l-orange-2921686\/"},"modified":"2006-11-12T18:46:00","modified_gmt":"2006-11-12T17:46:00","slug":"vermicelle-a-l-orange-2921686","status":"publish","type":"post","link":"https:\/\/wassersch.eu\/corumblog\/2006\/11\/vermicelle-a-l-orange-2921686\/","title":{"rendered":"Um eine Erfahrung reicher&#8230;"},"content":{"rendered":"<p>Das aktuelle <a href= \"http:\/\/kochtopf.twoday.net\/stories\/2793301\/\" target= \"_blank\">Blog-Event<\/a> des <a href= \"http:\/\/kochtopf.twoday.net\" target= \"_blank\">Kochtopfs<\/a> hat Kastanien bzw. Maronen zum Thema.<\/p>\n<p>Hmm, knifflig. Meine Eltern m\u00f6gen die nicht und deshalb kamen die in meiner Kindheit bei uns nie auf den Tisch. Meine ersten ger\u00f6steten Maronen habe ich in Stra\u00dfburg auf einer Klassenfahrt gegessen und das war dann lange Zeit f\u00fcr mich die einzige real existierende Zubereitungsform von Maronen. Gelegentlich kamen sie mir dann im Laufe der Jahre durch die Verwandschaft z.B. als F\u00fcllung in der Weihnachtsgans auf den Teller. Naja, hat mich nicht wirklich begeistert.<\/p>\n<p>Letztes Jahr brachte eine Freundin <a href=\"http:\/\/de.wikipedia.org\/wiki\/Vermicelles\" target= \"_blank\">Vermicelles<\/a> aus der Schweiz mit. Das war lecker! M\u00e4chtig bis zum Umfallen, aber lecker!<\/p>\n<p>Als dann im Supermarkt die ersten frischen Maronen auftauchten, griff ich leichtsinnigerweise zu. Ich wei\u00df wohl, da\u00df es Maronen auch schon vorgekocht oder p\u00fcriert zu kaufen gibt, aber das Blog-Event soll ja auch zu neuen Entdeckungen anregen.<\/p>\n<p>Ok, ich habe etwas entdeckt: Ich werde nie wieder frische Maronen zur Weiterverarbeitung kaufen. So eine Plackerei! Mein Daumen wollte schon bei amnesty international anrufen! Fast die ganze K\u00fcche stand unter Wasser. Und aus einem Gro\u00dfteil der Maronen kamen die Bewohner mit kleinen wei\u00dfen F\u00e4hnchen herausgekrabbelt, die meinen Daumen begleiten wollten. Und dabei waren die Maronen wirklich frisch!<\/p>\n<p>Tipps, wie man Maronen sch\u00e4lt, finden sich ja zur Gen\u00fcge im Internet. Aber es stimmt: sie m\u00fcssen wirklich kochendhei\u00df sein, damit sich die innere Haut auch l\u00f6sen l\u00e4\u00dft.<\/p>\n<p><a name=\"Vermicelle \u00e1 l'orange\"><\/a><H3>Vermicelle \u00e1 l&#8217;orange<\/H3><\/p>\n<table border=\"0\" width=\"100%\">\n<tr>\n<td width=\"150\" align=\"left\"><\/td>\n<td><\/td>\n<\/tr>\n<tr>\n<td width=\"150\" align=\"left\">Quellenangabe: <\/td>\n<td>Was die Gro\u00dfmutter noch wu\u00dfte <br \/> Abgewandelt 11.11.2006 von Sus<\/td>\n<\/tr>\n<tr>\n<td width=\"150\" align=\"left\">Kategorien: <\/td>\n<td>Dessert, Marone<\/td>\n<\/tr>\n<tr>\n<td width=\"150\" align=\"left\"><\/td>\n<td><\/td>\n<\/tr>\n<tr>\n<td width=\"150\" align=\"left\">Mengenangaben f&uuml;r: <\/td>\n<td>4 Portionen<\/td>\n<\/tr>\n<\/table>\n<p><H4>Zutaten:<\/H4><\/p>\n<table>\n<tr>\n<td width= \"50\" align= \"right\">500<\/td>\n<td width= \"100\">Gramm<\/td>\n<td>Maronen (ungesch\u00e4lt)<\/td>\n<\/tr>\n<tr>\n<td width= \"50\" align= \"right\">400<\/td>\n<td width= \"100\">Milliliter<\/td>\n<td>Milch<\/td>\n<\/tr>\n<tr>\n<td width= \"50\" align=\"right\">1<\/td>\n<td width= \"100\"><\/td>\n<td>Vanilleschote; das Mark<\/td>\n<\/tr>\n<tr>\n<td width= \"50\" align= \"right\">2<\/td>\n<td width= \"100\">Essl&ouml;ffel<\/td>\n<td>Zucker<\/td>\n<\/tr>\n<tr>\n<td width= \"50\" align= \"right\">3<\/td>\n<td width=\"100\">Essl&ouml;ffel<\/td>\n<td>Cointreau<\/td>\n<\/tr>\n<tr>\n<td width= \"50\" align= \"right\">4<\/td>\n<td width=\"100\"><\/td>\n<td>Kumquats<\/td>\n<\/tr>\n<\/table>\n<p>\n<img src= \"http:\/\/www.wassersch.eu\/Blog\/Rez\/Vermicelle.jpg\" alt= \"Vermicelle.jpg\" align= \"center\"  \/><br \/>\n<H4>Zubereitung:<\/H4><br \/>\nDie gesch\u00e4lten Maronen in kleineren Brocken (geht schneller) unter st\u00e4ndigem R\u00fchren in der Milch mit der Vanille weichkochen. Nach dem Einsatz des R\u00fchrstabs sollte es eine ziemlich cremige Masse sein. Den Zucker zusammen mit dem Cointreau unterr\u00fchren.<\/p>\n<p>Zum Servieren die Masse durch eine Sp\u00e4tzlepresse oder ein Sieb mit gr\u00f6\u00dferen L\u00f6chern pressen. Im Original werden die Vermicelli auf ein Bett von Schlagsahne gesetzt, aber das wurde uns zu m\u00e4chtig.<\/p>\n<p>Alternativ haben wir sie &#8211; passend zum Cointreau &#8211; mit Kumquats-Scheiben garniert.<br \/>\n<HR \/><\/p>\n<div align= \"right\" class=\"snap_nopreview\"><font size= \"1\">Tags: <a class= \"techtag\" href= \"http:\/\/www.wassersch.eu\/Rezepte\/Index\/RezeptIndex.html\" rel= \"tag\">Rezept<\/a>, <a class= \"techtag\" href= \"http:\/\/www.wassersch.eu\/Rezepte\/Index\/Rez_D#Dessert\" rel= \"tag\">Dessert<\/a>, <a class= \"techtag\"  href= \"http:\/\/www.wassersch.eu\/Rezepte\/Index\/Rez_M#Marone\" rel= \"tag\">Marone<\/a>, <a class= \"techtag\"  href= \"http:\/\/www.wassersch.eu\/Rezepte\/Index\/Rez_B#Blog-Event\" rel= \"tag\">Blog-Event<\/a> <\/font><\/p>\n<div><\/div>\n<\/div>\n","protected":false},"excerpt":{"rendered":"<p>Das aktuelle Blog-Event des Kochtopfs hat Kastanien bzw. Maronen zum Thema. Hmm, knifflig. Meine Eltern m\u00f6gen die nicht und deshalb kamen die in meiner Kindheit bei uns nie auf den Tisch. Meine ersten ger\u00f6steten Maronen habe ich in Stra\u00dfburg auf einer Klassenfahrt gegessen und das war dann lange Zeit f\u00fcr mich die einzige real existierende &hellip; <a href=\"https:\/\/wassersch.eu\/corumblog\/2006\/11\/vermicelle-a-l-orange-2921686\/\" class=\"more-link\"><span class=\"screen-reader-text\">\u201eUm eine Erfahrung reicher&#8230;\u201c<\/span> weiterlesen<\/a><\/p>\n","protected":false},"author":1,"featured_media":0,"comment_status":"open","ping_status":"open","sticky":false,"template":"","format":"standard","meta":{"jetpack_post_was_ever_published":false,"_jetpack_newsletter_access":"","_jetpack_dont_email_post_to_subs":false,"_jetpack_newsletter_tier_id":0,"_jetpack_memberships_contains_paywalled_content":false,"_jetpack_memberships_contains_paid_content":false,"footnotes":"","jetpack_publicize_message":"","jetpack_publicize_feature_enabled":true,"jetpack_social_post_already_shared":false,"jetpack_social_options":{"image_generator_settings":{"template":"highway","default_image_id":0,"font":"","enabled":false},"version":2}},"categories":[2],"tags":[],"class_list":["post-227","post","type-post","status-publish","format-standard","hentry","category-kochen-backen-und-geniessen"],"jetpack_publicize_connections":[],"jetpack_featured_media_url":"","jetpack_sharing_enabled":true,"jetpack_shortlink":"https:\/\/wp.me\/p923CK-3F","jetpack-related-posts":[],"_links":{"self":[{"href":"https:\/\/wassersch.eu\/corumblog\/wp-json\/wp\/v2\/posts\/227","targetHints":{"allow":["GET"]}}],"collection":[{"href":"https:\/\/wassersch.eu\/corumblog\/wp-json\/wp\/v2\/posts"}],"about":[{"href":"https:\/\/wassersch.eu\/corumblog\/wp-json\/wp\/v2\/types\/post"}],"author":[{"embeddable":true,"href":"https:\/\/wassersch.eu\/corumblog\/wp-json\/wp\/v2\/users\/1"}],"replies":[{"embeddable":true,"href":"https:\/\/wassersch.eu\/corumblog\/wp-json\/wp\/v2\/comments?post=227"}],"version-history":[{"count":0,"href":"https:\/\/wassersch.eu\/corumblog\/wp-json\/wp\/v2\/posts\/227\/revisions"}],"wp:attachment":[{"href":"https:\/\/wassersch.eu\/corumblog\/wp-json\/wp\/v2\/media?parent=227"}],"wp:term":[{"taxonomy":"category","embeddable":true,"href":"https:\/\/wassersch.eu\/corumblog\/wp-json\/wp\/v2\/categories?post=227"},{"taxonomy":"post_tag","embeddable":true,"href":"https:\/\/wassersch.eu\/corumblog\/wp-json\/wp\/v2\/tags?post=227"}],"curies":[{"name":"wp","href":"https:\/\/api.w.org\/{rel}","templated":true}]}}