{"id":1998,"date":"2017-08-13T11:16:17","date_gmt":"2017-08-13T09:16:17","guid":{"rendered":"http:\/\/wassersch.eu\/corumblog\/?p=1998"},"modified":"2023-02-16T14:51:42","modified_gmt":"2023-02-16T13:51:42","slug":"marillenkuchen-schnell-und-lecker","status":"publish","type":"post","link":"https:\/\/wassersch.eu\/corumblog\/2017\/08\/marillenkuchen-schnell-und-lecker\/","title":{"rendered":"Marillenkuchen &#8211; schnell und lecker"},"content":{"rendered":"<p>Wie versprochen, kommen endlich ein paar der Rezepte, in denen ich die vielen Wachauer Marillen verarbeitet habe. (Aus gut unterrichteten Kreisen habe ich erfahren, dass man auch jetzt noch auf dem M\u00fcnchner Viktualienmarkt echte Wachauer Marillen erstehen kann.) Aber f\u00fcr einen Kuchen sind nat\u00fcrlich auch andere, gut schmeckende Sorten geeignet.<\/p>\n<p><img decoding=\"async\" src=\"https:\/\/www.wassersch.eu\/Blog\/Rez\/2017\/MarillenKuchen.jpg\" alt=\"MarillenKuchen.jpg\" title=\"Schneller und vor allem leckerer Marillenkuchen\"  class= \"center\" ><br \/>\nDas Rezept habe ich mir bei <a href=\"https:\/\/www.esskultur.at\/index.php\/2012\/07\/10\/macht-marillenkuchen\/\">Katharina Seisser<\/a> abgeschaut und seither schon dreimal gebacken. Es geht so sch\u00f6n schnell und einfach und hat &#8211; wohl durch den Puderzucker &#8211; eine biskuit\u00e4hnliche Konsistenz. <\/p>\n<p>Man kann den Kuchen auch mit anderen Fr\u00fcchten variieren. Gestern gab es ihn z.B. mit <a href=\"https:\/\/www.instagram.com\/p\/BXs_gIggGEh\/\">Reineclauden<\/a>.<\/p>\n<h3>Schneller Marillenkuchen<\/h3>\n<table border= \"0\" width= \"100%\">\n<tr>\n<td width= \"200\" align= \"left\">Quellenangabe: <\/td>\n<td><a href=\"https:\/\/www.esskultur.at\/index.php\/2012\/07\/10\/macht-marillenkuchen\/\">Katharina Seiser<\/a><br \/>Erfasst 10.08.2017 von Sus<\/td>\n<\/tr>\n<tr>\n<td width= \"200\" align= \"left\">Kategorien: <\/td>\n<td>Backen, Kuchen, Marille, Aprikose, Biskuit<\/td>\n<\/tr>\n<tr>\n<td width= \"200\" align= \"left\">Mengenangaben f&uuml;r: <\/td>\n<td>1 Blech<\/td>\n<\/tr>\n<\/table>\n<h4>Zutaten:<\/h4>\n<table>\n<tr>\n<td width= \"70\" align= \"right\">1 1\/2<\/td>\n<td width= \"130\">kg<\/td>\n<td>Reife Marillen \/ Aprikosen<\/td>\n<\/tr>\n<tr>\n<td width= \"70\" align= \"right\">200<\/td>\n<td width= \"130\">g<\/td>\n<td>Butter<\/td>\n<\/tr>\n<tr>\n<td width= \"70\" align= \"right\">200<\/td>\n<td width= \"130\">g<\/td>\n<td>Puderzucker<\/td>\n<\/tr>\n<tr>\n<td width= \"70\" align= \"right\">4<\/td>\n<td width= \"130\">mittlere<\/td>\n<td>Eier<\/td>\n<\/tr>\n<tr>\n<td width= \"70\" align= \"right\">200<\/td>\n<td width= \"130\">g<\/td>\n<td>Mehl<\/td>\n<\/tr>\n<tr>\n<td width= \"70\" align= \"right\">5<\/td>\n<td width= \"130\">g<\/td>\n<td>Weinstein-Backpulver (oder weniger)<\/td>\n<\/tr>\n<tr>\n<td width= \"70\" align= \"right\">1<\/td>\n<td width= \"130\">Prise(n)<\/td>\n<td>Salz<\/td>\n<\/tr>\n<tr>\n<td width= \"70\" align= \"right\">1<\/td>\n<td width= \"130\">Essl\u00f6ffel<\/td>\n<td>Vanillezucker<\/td>\n<\/tr>\n<tr>\n<td width= \"70\" align= \"right\">1\/2<\/td>\n<td width= \"130\"><\/td>\n<td>Zitrone; die abgeriebene Schale davon<\/td>\n<\/tr>\n<tr>\n<td width= \"70\" align= \"right\">1<\/td>\n<td width= \"130\">Essl\u00f6ffel<\/td>\n<td>Marillenbrand<\/td>\n<\/tr>\n<\/table>\n<h4>Zubereitung:<\/h4>\n<p>Marillen waschen und trocken tupfen, dann halbieren und entsteinen.<\/p>\n<p>Backofen auf ca. 175-180 \u00b0C vorheizen.<\/p>\n<p>Butter nur soweit schmelzen, dass sie gerade fl\u00fcssig ist. W\u00e4hrenddessen Mehl mit Backpulver und einer guten Prise Salz vermischen. In einer gro\u00dfen R\u00fchrsch\u00fcssel Butter mit Puderzucker mit dem Mixstab oder Handmixer mischen. Etwa die H\u00e4lfte vom Mehl untermischen, dann die Eier einzeln unterr\u00fchren.<\/p>\n<p>Vanillezucker, Zitronenschale, Marillenbrand einr\u00fchren und das restliche Mehl hinzuf\u00fcgen.<\/p>\n<p>Die recht fl\u00fcssige Masse auf ein Blech mit Backpapier gleichm\u00e4\u00dfig verteilen und mit den vorbereiteten Marillen mit der Schnittfl\u00e4che nach oben belegen. Im vorgeheizten Ofen ca. 40-45 Minuten backen, bis der Teig sch\u00f6n gebr\u00e4unt ist (St\u00e4bchenprobe). Aus dem Ofen nehmen, auf einem Gitter ausk\u00fchlen lassen und mit Puderzucker bestreuen.<\/p>\n<hr \/>\n<div align= \"right\"><span style=\"font-size: 0.625rem\">Index: <a class= \"techtag\" href= \"https:\/\/www.wassersch.eu\/Rezepte\/Index\/Rez_B#Backen\" rel= \"tag\">Backen<\/a>, <a class= \"techtag\" href= \"https:\/\/www.wassersch.eu\/Rezepte\/Index\/Rez_K#Kuchen\" rel= \"tag\">Kuchen<\/a>, <a class= \"techtag\" href= \"https:\/\/www.wassersch.eu\/Rezepte\/Index\/Rez_M#Marille\" rel= \"tag\">Marille<\/a>, <a class= \"techtag\" href= \"https:\/\/www.wassersch.eu\/Rezepte\/Index\/Rez_A#Aprikose\" rel= \"tag\">Aprikose<\/a>, <a class= \"techtag\" href= \"https:\/\/www.wassersch.eu\/Rezepte\/Index\/Rez_B#Biskuit\" rel= \"tag\">Biskuit<\/a><\/span> <\/div>\n","protected":false},"excerpt":{"rendered":"<p>Wie versprochen, kommen endlich ein paar der Rezepte, in denen ich die vielen Wachauer Marillen verarbeitet habe. (Aus gut unterrichteten Kreisen habe ich erfahren, dass man auch jetzt noch auf dem M\u00fcnchner Viktualienmarkt echte Wachauer Marillen erstehen kann.) Aber f\u00fcr einen Kuchen sind nat\u00fcrlich auch andere, gut schmeckende Sorten geeignet. Das Rezept habe ich mir &hellip; <a href=\"https:\/\/wassersch.eu\/corumblog\/2017\/08\/marillenkuchen-schnell-und-lecker\/\" class=\"more-link\"><span class=\"screen-reader-text\">\u201eMarillenkuchen &#8211; schnell und lecker\u201c<\/span> weiterlesen<\/a><\/p>\n","protected":false},"author":1,"featured_media":0,"comment_status":"open","ping_status":"open","sticky":false,"template":"","format":"standard","meta":{"jetpack_post_was_ever_published":false,"_jetpack_newsletter_access":"","_jetpack_dont_email_post_to_subs":false,"_jetpack_newsletter_tier_id":0,"_jetpack_memberships_contains_paywalled_content":false,"_jetpack_memberships_contains_paid_content":false,"footnotes":"","jetpack_publicize_message":"","jetpack_publicize_feature_enabled":true,"jetpack_social_post_already_shared":true,"jetpack_social_options":{"image_generator_settings":{"template":"highway","default_image_id":0,"font":"","enabled":false},"version":2}},"categories":[2,522,571],"tags":[112,32,252,102,249],"class_list":["post-1998","post","type-post","status-publish","format-standard","hentry","category-kochen-backen-und-geniessen","category-kuchen","category-obst","tag-aprikose","tag-backensuess","tag-biskuit","tag-kuchen","tag-marille"],"jetpack_publicize_connections":[],"jetpack_featured_media_url":"","jetpack_sharing_enabled":true,"jetpack_shortlink":"https:\/\/wp.me\/p923CK-we","jetpack-related-posts":[],"_links":{"self":[{"href":"https:\/\/wassersch.eu\/corumblog\/wp-json\/wp\/v2\/posts\/1998","targetHints":{"allow":["GET"]}}],"collection":[{"href":"https:\/\/wassersch.eu\/corumblog\/wp-json\/wp\/v2\/posts"}],"about":[{"href":"https:\/\/wassersch.eu\/corumblog\/wp-json\/wp\/v2\/types\/post"}],"author":[{"embeddable":true,"href":"https:\/\/wassersch.eu\/corumblog\/wp-json\/wp\/v2\/users\/1"}],"replies":[{"embeddable":true,"href":"https:\/\/wassersch.eu\/corumblog\/wp-json\/wp\/v2\/comments?post=1998"}],"version-history":[{"count":9,"href":"https:\/\/wassersch.eu\/corumblog\/wp-json\/wp\/v2\/posts\/1998\/revisions"}],"predecessor-version":[{"id":6235,"href":"https:\/\/wassersch.eu\/corumblog\/wp-json\/wp\/v2\/posts\/1998\/revisions\/6235"}],"wp:attachment":[{"href":"https:\/\/wassersch.eu\/corumblog\/wp-json\/wp\/v2\/media?parent=1998"}],"wp:term":[{"taxonomy":"category","embeddable":true,"href":"https:\/\/wassersch.eu\/corumblog\/wp-json\/wp\/v2\/categories?post=1998"},{"taxonomy":"post_tag","embeddable":true,"href":"https:\/\/wassersch.eu\/corumblog\/wp-json\/wp\/v2\/tags?post=1998"}],"curies":[{"name":"wp","href":"https:\/\/api.w.org\/{rel}","templated":true}]}}