{"id":1965,"date":"2017-07-21T14:14:48","date_gmt":"2017-07-21T12:14:48","guid":{"rendered":"http:\/\/wassersch.eu\/corumblog\/?p=1965"},"modified":"2023-02-16T14:56:44","modified_gmt":"2023-02-16T13:56:44","slug":"marillen-caprese","status":"publish","type":"post","link":"https:\/\/wassersch.eu\/corumblog\/2017\/07\/marillen-caprese\/","title":{"rendered":"Marillen Caprese"},"content":{"rendered":"<p>Letztes Wochenende waren wir in der Wachau und haben uns mit k\u00f6stlichen Marillen (\u00f6sterreichisch f\u00fcr Aprikosen) versorgt. Ein paar davon sind in den folgenden Salat gewandert:<\/p>\n<p><img decoding=\"async\" src=\"https:\/\/www.wassersch.eu\/Blog\/Rez\/2017\/MarillenCaprese.jpg\" alt=\"MarillenCaprese.jpg\" title=\"Marillen Caprese\" class= \"center\" ><\/p>\n<h3>Marillen Caprese<\/h3>\n<table border= \"0\" width= \"100%\">\n<tr>\n<td width= \"200\" align= \"left\">Quellenangabe: <\/td>\n<td>Erfasst 20.07.2017 von Sus<\/td>\n<\/tr>\n<tr>\n<td width= \"200\" align= \"left\">Kategorien: <\/td>\n<td>Salat, Marille, Aprikose, K\u00e4se, Tomate, B\u00fcro<\/td>\n<\/tr>\n<tr>\n<td width= \"200\" align= \"left\">Mengenangaben f\u00fcr: <\/td>\n<td>1 Portion<\/td>\n<\/tr>\n<\/table>\n<h4>Zutaten:<\/h4>\n<table>\n<tr>\n<td width= \"50\" align= \"right\">1\/2<\/td>\n<td width= \"100\"><\/td>\n<td>B\u00fcffelmozzarella<\/td>\n<\/tr>\n<tr>\n<td width= \"50\" align= \"right\">5-10<\/td>\n<td width= \"100\"><\/td>\n<td>Cocktailtomaten<\/td>\n<\/tr>\n<tr>\n<td width= \"50\" align= \"right\">5<\/td>\n<td width= \"100\"><\/td>\n<td>Marillen\/Aprikosen<\/td>\n<\/tr>\n<tr>\n<td width= \"50\" align= \"right\">10<\/td>\n<td width= \"100\">Bl\u00e4tter<\/td>\n<td>Basilikum<\/td>\n<\/tr>\n<tr>\n<td width= \"50\" align= \"right\">1\/2<\/td>\n<td width= \"100\">Teel\u00f6ffel<\/td>\n<td>Marillenkern\u00f6l<\/td>\n<\/tr>\n<tr>\n<td width= \"50\" align= \"right\">1<\/td>\n<td width= \"100\">Teel\u00f6ffel<\/td>\n<td>Guter Essig<\/td>\n<\/tr>\n<tr>\n<td width= \"50\" align= \"right\">1\/3<\/td>\n<td width= \"100\">Teel\u00f6ffel<\/td>\n<td>Limettenschale; gerieben<\/td>\n<\/tr>\n<tr>\n<td width= \"50\" align= \"right\"><\/td>\n<td width= \"100\"><\/td>\n<td>Salz, Pfeffer<\/td>\n<\/tr>\n<tr>\n<td width= \"50\" align= \"right\">1\/2<\/td>\n<td width= \"100\">Teel\u00f6ffel<\/td>\n<td>Sesamk\u00f6rner; ger\u00f6stet<\/td>\n<\/tr>\n<tr>\n<td width= \"50\" align= \"right\">1<\/td>\n<td width= \"100\">Prise<\/td>\n<td>Chilipulver<\/td>\n<\/tr>\n<tr>\n<td width= \"50\" align= \"right\">1\/2<\/td>\n<td width= \"100\">kleine<\/td>\n<td>Wildschweinsalami<\/td>\n<\/tr>\n<\/table>\n<h4>Zubereitung:<\/h4>\n<p>Aprikosen und Tomaten waschen und in Scheiben schneiden. Salami und Mozzarella ebenfalls in Scheiben schneiden. Zusammen auf einem Teller anrichten; \u00d6l und Essig dar\u00fcbergeben; mit Salz, Pfeffer, Limette, Sesam und ggf. Chili bestreuen. Mit Basilikumbl\u00e4ttern garnieren.<\/p>\n<hr \/>\n<div align= \"right\"><span style=\"font-size: 0.625rem;\">Index: <a class= \"techtag\" href= \"https:\/\/www.wassersch.eu\/Rezepte\/Index\/Rez_S#Salat\" rel= \"tag\">Salat<\/a>, <a class= \"techtag\" href= \"https:\/\/www.wassersch.eu\/Rezepte\/Index\/Rez_M#Marille\" rel= \"tag\">Marille<\/a>, <a class= \"techtag\" href= \"https:\/\/www.wassersch.eu\/Rezepte\/Index\/Rez_A#Aprikose\" rel= \"tag\">Aprikose<\/a>, <a class= \"techtag\" href= \"https:\/\/www.wassersch.eu\/Rezepte\/Index\/Rez_K#K\u00e4se\" rel= \"tag\">K\u00e4se<\/a>, <a class= \"techtag\" href= \"https:\/\/www.wassersch.eu\/Rezepte\/Index\/Rez_T#Tomate\" rel= \"tag\">Tomate<\/a>, <a class= \"techtag\" href= \"https:\/\/www.wassersch.eu\/Rezepte\/Index\/Rez_B#Buero\" rel= \"tag\">B\u00fcro<\/a><\/span> <\/div>\n","protected":false},"excerpt":{"rendered":"<p>Letztes Wochenende waren wir in der Wachau und haben uns mit k\u00f6stlichen Marillen (\u00f6sterreichisch f\u00fcr Aprikosen) versorgt. Ein paar davon sind in den folgenden Salat gewandert: Marillen Caprese Quellenangabe: Erfasst 20.07.2017 von Sus Kategorien: Salat, Marille, Aprikose, K\u00e4se, Tomate, B\u00fcro Mengenangaben f\u00fcr: 1 Portion Zutaten: 1\/2 B\u00fcffelmozzarella 5-10 Cocktailtomaten 5 Marillen\/Aprikosen 10 Bl\u00e4tter Basilikum 1\/2 &hellip; <a href=\"https:\/\/wassersch.eu\/corumblog\/2017\/07\/marillen-caprese\/\" class=\"more-link\"><span class=\"screen-reader-text\">\u201eMarillen Caprese\u201c<\/span> weiterlesen<\/a><\/p>\n","protected":false},"author":1,"featured_media":0,"comment_status":"open","ping_status":"open","sticky":false,"template":"","format":"standard","meta":{"jetpack_post_was_ever_published":false,"_jetpack_newsletter_access":"","_jetpack_dont_email_post_to_subs":false,"_jetpack_newsletter_tier_id":0,"_jetpack_memberships_contains_paywalled_content":false,"_jetpack_memberships_contains_paid_content":false,"footnotes":"","jetpack_publicize_message":"","jetpack_publicize_feature_enabled":true,"jetpack_social_post_already_shared":false,"jetpack_social_options":{"image_generator_settings":{"template":"highway","default_image_id":0,"font":"","enabled":false},"version":2}},"categories":[501,2,571,532],"tags":[112,40,42,249,37,185],"class_list":["post-1965","post","type-post","status-publish","format-standard","hentry","category-buero","category-kochen-backen-und-geniessen","category-obst","category-salat","tag-aprikose","tag-buero","tag-kaese","tag-marille","tag-salat","tag-tomate"],"jetpack_publicize_connections":[],"jetpack_featured_media_url":"","jetpack_sharing_enabled":true,"jetpack_shortlink":"https:\/\/wp.me\/p923CK-vH","jetpack-related-posts":[],"_links":{"self":[{"href":"https:\/\/wassersch.eu\/corumblog\/wp-json\/wp\/v2\/posts\/1965","targetHints":{"allow":["GET"]}}],"collection":[{"href":"https:\/\/wassersch.eu\/corumblog\/wp-json\/wp\/v2\/posts"}],"about":[{"href":"https:\/\/wassersch.eu\/corumblog\/wp-json\/wp\/v2\/types\/post"}],"author":[{"embeddable":true,"href":"https:\/\/wassersch.eu\/corumblog\/wp-json\/wp\/v2\/users\/1"}],"replies":[{"embeddable":true,"href":"https:\/\/wassersch.eu\/corumblog\/wp-json\/wp\/v2\/comments?post=1965"}],"version-history":[{"count":8,"href":"https:\/\/wassersch.eu\/corumblog\/wp-json\/wp\/v2\/posts\/1965\/revisions"}],"predecessor-version":[{"id":6237,"href":"https:\/\/wassersch.eu\/corumblog\/wp-json\/wp\/v2\/posts\/1965\/revisions\/6237"}],"wp:attachment":[{"href":"https:\/\/wassersch.eu\/corumblog\/wp-json\/wp\/v2\/media?parent=1965"}],"wp:term":[{"taxonomy":"category","embeddable":true,"href":"https:\/\/wassersch.eu\/corumblog\/wp-json\/wp\/v2\/categories?post=1965"},{"taxonomy":"post_tag","embeddable":true,"href":"https:\/\/wassersch.eu\/corumblog\/wp-json\/wp\/v2\/tags?post=1965"}],"curies":[{"name":"wp","href":"https:\/\/api.w.org\/{rel}","templated":true}]}}