{"id":192,"date":"2007-02-01T10:09:00","date_gmt":"2007-02-01T09:09:00","guid":{"rendered":"http:\/\/wassersch.eu\/corumblog\/die-gartensaison-erwacht-wieder-3263109\/"},"modified":"2007-02-01T10:09:00","modified_gmt":"2007-02-01T09:09:00","slug":"die-gartensaison-erwacht-wieder-3263109","status":"publish","type":"post","link":"https:\/\/wassersch.eu\/corumblog\/2007\/02\/die-gartensaison-erwacht-wieder-3263109\/","title":{"rendered":"Die Garten-Saison erwacht wieder &#8230;"},"content":{"rendered":"<p>Alle, die sehns\u00fcchtig auf die Zeit warten, wann man wieder im Garten rumwurschteln kann, haben es im Moment schwer: S\u00e4mtliche Superm\u00e4rkte haben Regale mit Sament\u00fctchen aufgebaut. Jedes einzelne ist nat\u00fcrlich h\u00f6chst interessant (und teuer) und mu\u00df unbedingt ausprobiert oder wieder ausges\u00e4t werden. Aber halt! Hat man nicht im Keller (Dachboden, etc.) seine eigene Samen-Sammlung? Sollte man vielleicht dort nachschauen, ob nicht von letztem Jahr noch was \u00fcbrig ist und erst einmal das verplanen?<\/p>\n<p><img src= \"http:\/\/www.wassersch.eu\/Blog\/Garten\/samensammlung.jpg\" alt= \"SamenSammlung.jpg\" title= \"Blog-Event Samen-Sammlung\" class= \"right\" hspace=\"20\" \/>Die <a href= \"http:\/\/gaertnerblog.de\" target= \"_blank\">G\u00e4rtnerin<span class= \"extlink\"><\/span><\/a> hat genau <a href= \"http:\/\/gaertnerblog.de\/blog\/2007\/geranien-aussaattermin\/\" target= \"_blank\">das<span class= \"extlink\"><\/span><\/a> getan.<\/p>\n<p>Und prompt w\u00e4chst die Neugier: Wie sieht es bei den Anderen aus?<\/p>\n<p>Und ebenso prompt wird die Neugier auch befriedigt: ein <a href= \"http:\/\/gaertnerblog.de\/blog\/2007\/zeig-mir-deine-samen-sammlung\/\" target= \"_blank\">neues Blog-Event<span class= \"extlink\"><\/span><\/a> ist geboren!<br \/>\n<br clear= \"all\" \/><br \/>\nFr\u00fcher habe ich Samen fast nur gekauft, ein paar davon in Blument\u00f6pfe auf dem Balkon ges\u00e4t und die T\u00fctchen mit den Resten in eine Kiste geschmissen. Au\u00dferdem habe ich auch Samen in Filmd\u00f6schen gesammelt.<\/p>\n<p>Dieses (naja, letztes) Jahr habe ich zum ersten Mal richtig eigene Samen aus dem Garten sammeln k\u00f6nnen. Allerdings wei\u00df ich jetzt nicht so genau, was ich mit ca. 7326 Stockrosen- und mindestens 381 (von einer einzigen Pflanze!) Mirabilis-Samen anfangen soll, ganz zu schweigen von den Winden- und Wicken-Samen. Da ich auch diverse Tomaten- und Pepperonisorten gesammelt habe und deren Samen sich so \u00e4hnlich sehen, mu\u00dfte ein besseres System her. Leider sind Filmdosen im Zeitalter der Digitalphotographie im Aussterben begriffen. Zuerst dachte ich an ein Kleinteile-Magazin, aber das war nichts: keine geschlossenen F\u00e4cher. Auf dem Flohmarkt habe ich dann Briefumschl\u00e4ge entdeckt: 100 St\u00fcck f\u00fcr 40 Cent. Funktioniert bestens: Pa\u00dft viel rein und l\u00e4\u00dft sich ganz einfach beschriften. F\u00fcr kleinere Mengen kann man die Umschl\u00e4ge halbieren.<\/p>\n<p><img src= \"http:\/\/www.wassersch.eu\/Blog\/Garten\/SamenSammlung2006.jpg\" alt= \"SamenSammlung2006.jpg\" title= \"Samen-Sammlung 2006\" \/><\/p>\n<p>In der Mitte sieht man den Karton mit den Briefumschl\u00e4gen. Auf dem Deckel des Kartons stehen u.a. Samen, die ich vorgestern(!) gekauft habe, neben zwei Schwertlilien-Zwiebeln, die im Herbst den Weg zu ihren Kumpels nicht gefunden haben. Rechts ist der andere Karton mit diversen gekauften und geschenkten Samen (mu\u00df ich noch ausmisten, ist noch altes Zeug drunter), davor steht der Eimer mit den unendlich vielen potentiellen Stockrosen. Links ist das K\u00f6rbchen mit den gekauften Zwiebeln, die es nicht in die Erde geschafft haben. Wenn die Saison wieder pa\u00dft, bekommen die \u00dcberlebenden eine zweite Chance.<\/p>\n<p>Was ich Euch nicht gezeigt habe: die Gladiolenzwiebeln, die Dahlien-Wurzeln und die Monster-Mirabilis-Wurzel, die alle im Keller \u00fcberwintern und die Saatkartoffeln, die (oh Schreck!) schon eifrig austreiben.<\/p>\n<p>Einen Trick habe ich noch gelernt: die Tomatensamen soll man ja so waschen, da\u00df die gallertartige H\u00fclle um den Samen verschwindet. Wenn man die Samen dann einzeln mit Abstand auf einem K\u00fcchenpapier trocknet, bleiben die Samen an dieser Stelle kleben und man hat sein eigenes Saatband.<\/p>\n<div align= \"right\"><font size= \"1\">Technorati: <a class= \"techtag\" href= \"http:\/\/technorati.com\/tag\/Garten\" rel= \"tag\">Garten<\/a>, <a class= \"techtag\"  href= \"http:\/\/technorati.com\/tag\/Blog-Event\" rel= \"tag\">Blog-Event<\/a><\/font> <\/div>\n","protected":false},"excerpt":{"rendered":"<p>Alle, die sehns\u00fcchtig auf die Zeit warten, wann man wieder im Garten rumwurschteln kann, haben es im Moment schwer: S\u00e4mtliche Superm\u00e4rkte haben Regale mit Sament\u00fctchen aufgebaut. Jedes einzelne ist nat\u00fcrlich h\u00f6chst interessant (und teuer) und mu\u00df unbedingt ausprobiert oder wieder ausges\u00e4t werden. Aber halt! Hat man nicht im Keller (Dachboden, etc.) seine eigene Samen-Sammlung? Sollte &hellip; <a href=\"https:\/\/wassersch.eu\/corumblog\/2007\/02\/die-gartensaison-erwacht-wieder-3263109\/\" class=\"more-link\"><span class=\"screen-reader-text\">\u201eDie Garten-Saison erwacht wieder &#8230;\u201c<\/span> weiterlesen<\/a><\/p>\n","protected":false},"author":1,"featured_media":0,"comment_status":"open","ping_status":"open","sticky":false,"template":"","format":"standard","meta":{"jetpack_post_was_ever_published":false,"_jetpack_newsletter_access":"","_jetpack_dont_email_post_to_subs":false,"_jetpack_newsletter_tier_id":0,"_jetpack_memberships_contains_paywalled_content":false,"_jetpack_memberships_contains_paid_content":false,"footnotes":"","jetpack_publicize_message":"","jetpack_publicize_feature_enabled":true,"jetpack_social_post_already_shared":false,"jetpack_social_options":{"image_generator_settings":{"template":"highway","default_image_id":0,"font":"","enabled":false},"version":2}},"categories":[4],"tags":[],"class_list":["post-192","post","type-post","status-publish","format-standard","hentry","category-gruenfutter"],"jetpack_publicize_connections":[],"jetpack_featured_media_url":"","jetpack_sharing_enabled":true,"jetpack_shortlink":"https:\/\/wp.me\/p923CK-36","jetpack-related-posts":[],"_links":{"self":[{"href":"https:\/\/wassersch.eu\/corumblog\/wp-json\/wp\/v2\/posts\/192","targetHints":{"allow":["GET"]}}],"collection":[{"href":"https:\/\/wassersch.eu\/corumblog\/wp-json\/wp\/v2\/posts"}],"about":[{"href":"https:\/\/wassersch.eu\/corumblog\/wp-json\/wp\/v2\/types\/post"}],"author":[{"embeddable":true,"href":"https:\/\/wassersch.eu\/corumblog\/wp-json\/wp\/v2\/users\/1"}],"replies":[{"embeddable":true,"href":"https:\/\/wassersch.eu\/corumblog\/wp-json\/wp\/v2\/comments?post=192"}],"version-history":[{"count":0,"href":"https:\/\/wassersch.eu\/corumblog\/wp-json\/wp\/v2\/posts\/192\/revisions"}],"wp:attachment":[{"href":"https:\/\/wassersch.eu\/corumblog\/wp-json\/wp\/v2\/media?parent=192"}],"wp:term":[{"taxonomy":"category","embeddable":true,"href":"https:\/\/wassersch.eu\/corumblog\/wp-json\/wp\/v2\/categories?post=192"},{"taxonomy":"post_tag","embeddable":true,"href":"https:\/\/wassersch.eu\/corumblog\/wp-json\/wp\/v2\/tags?post=192"}],"curies":[{"name":"wp","href":"https:\/\/api.w.org\/{rel}","templated":true}]}}