{"id":183,"date":"2007-02-28T09:12:00","date_gmt":"2007-02-28T08:12:00","guid":{"rendered":"http:\/\/wassersch.eu\/corumblog\/vermisstenmeldung-3375361\/"},"modified":"2020-06-16T17:41:59","modified_gmt":"2020-06-16T15:41:59","slug":"vermisstenmeldung-3375361","status":"publish","type":"post","link":"https:\/\/wassersch.eu\/corumblog\/2007\/02\/vermisstenmeldung-3375361\/","title":{"rendered":"Vermisstenmeldung"},"content":{"rendered":"<p>Seit einigen Tagen wird schmerzlichst vermisst:<\/p>\n<p>Das <a class= \"deadlink\" title= \"Dead Link: http:\/\/www.gaertnerblog.de\/blog\/\" target= \"_blank\">G\u00e4rtner-Blog<\/a> der G\u00e4rtnerin.<\/p>\n<p>Letzte Sichtung: 25. Februar.<br \/>\nEs trug einen dunkelgr\u00fcnen Banner und war \u00fcbers\u00e4t (!) mit sch\u00f6nen Pflanzenbildern, vielen Tipps zur Pflege und interessanten Garten-Koch-Events.<\/p>\n<p>Sachdienliche Hinweise werden gerne entgegengenommen.<\/p>\n<p><b>Entwarnung:<\/b><br \/>\nEs hat sich wieder eingefunden! Nach einem Server-Umzug bl\u00fcht und gedeiht es wieder! \ud83d\ude09<\/p>\n","protected":false},"excerpt":{"rendered":"<p>Seit einigen Tagen wird schmerzlichst vermisst: Das G\u00e4rtner-Blog der G\u00e4rtnerin. Letzte Sichtung: 25. Februar. Es trug einen dunkelgr\u00fcnen Banner und war \u00fcbers\u00e4t (!) mit sch\u00f6nen Pflanzenbildern, vielen Tipps zur Pflege und interessanten Garten-Koch-Events. Sachdienliche Hinweise werden gerne entgegengenommen. Entwarnung: Es hat sich wieder eingefunden! Nach einem Server-Umzug bl\u00fcht und gedeiht es wieder! \ud83d\ude09<\/p>\n","protected":false},"author":1,"featured_media":0,"comment_status":"open","ping_status":"open","sticky":false,"template":"","format":"standard","meta":{"jetpack_post_was_ever_published":false,"_jetpack_newsletter_access":"","_jetpack_dont_email_post_to_subs":false,"_jetpack_newsletter_tier_id":0,"_jetpack_memberships_contains_paywalled_content":false,"_jetpack_memberships_contains_paid_content":false,"footnotes":"","jetpack_publicize_message":"","jetpack_publicize_feature_enabled":true,"jetpack_social_post_already_shared":false,"jetpack_social_options":{"image_generator_settings":{"template":"highway","default_image_id":0,"font":"","enabled":false},"version":2}},"categories":[5],"tags":[553],"class_list":["post-183","post","type-post","status-publish","format-standard","hentry","category-halt-so","tag-seufz"],"jetpack_publicize_connections":[],"jetpack_featured_media_url":"","jetpack_sharing_enabled":true,"jetpack_shortlink":"https:\/\/wp.me\/p923CK-2X","jetpack-related-posts":[],"_links":{"self":[{"href":"https:\/\/wassersch.eu\/corumblog\/wp-json\/wp\/v2\/posts\/183","targetHints":{"allow":["GET"]}}],"collection":[{"href":"https:\/\/wassersch.eu\/corumblog\/wp-json\/wp\/v2\/posts"}],"about":[{"href":"https:\/\/wassersch.eu\/corumblog\/wp-json\/wp\/v2\/types\/post"}],"author":[{"embeddable":true,"href":"https:\/\/wassersch.eu\/corumblog\/wp-json\/wp\/v2\/users\/1"}],"replies":[{"embeddable":true,"href":"https:\/\/wassersch.eu\/corumblog\/wp-json\/wp\/v2\/comments?post=183"}],"version-history":[{"count":2,"href":"https:\/\/wassersch.eu\/corumblog\/wp-json\/wp\/v2\/posts\/183\/revisions"}],"predecessor-version":[{"id":4586,"href":"https:\/\/wassersch.eu\/corumblog\/wp-json\/wp\/v2\/posts\/183\/revisions\/4586"}],"wp:attachment":[{"href":"https:\/\/wassersch.eu\/corumblog\/wp-json\/wp\/v2\/media?parent=183"}],"wp:term":[{"taxonomy":"category","embeddable":true,"href":"https:\/\/wassersch.eu\/corumblog\/wp-json\/wp\/v2\/categories?post=183"},{"taxonomy":"post_tag","embeddable":true,"href":"https:\/\/wassersch.eu\/corumblog\/wp-json\/wp\/v2\/tags?post=183"}],"curies":[{"name":"wp","href":"https:\/\/api.w.org\/{rel}","templated":true}]}}