{"id":178,"date":"2007-03-12T09:48:00","date_gmt":"2007-03-12T08:48:00","guid":{"rendered":"http:\/\/wassersch.eu\/corumblog\/ein-fruehlingsgedicht-veilchen-3425056\/"},"modified":"2007-03-12T09:48:00","modified_gmt":"2007-03-12T08:48:00","slug":"ein-fruehlingsgedicht-veilchen-3425056","status":"publish","type":"post","link":"https:\/\/wassersch.eu\/corumblog\/2007\/03\/ein-fruehlingsgedicht-veilchen-3425056\/","title":{"rendered":"Ein Fr\u00fchlingsgedicht &#8230;"},"content":{"rendered":"<p><img src= \"http:\/\/www.wassersch.eu\/Blog\/Garten\/Veilchen.jpg\" alt= \"Veilchen.jpg\" title= \"Veilchen\" width= \"250\" height= \"250\" align= \"right\" hspace= \"4\" vspace= \"50\" \/>Ein Veilchen bei der Wiese stand<br \/>\nGeb\u00fcckt in sich und unbekannt;<br \/>\nEs war ein herzig&#8217;s Veilchen!<br \/>\nDa kam ein&#8216; junge G\u00e4rtnerin<br \/>\nMit leichtem Schritt und munt&#8217;rem Sinn<br \/>\nDie Wiese her und sang.<\/p>\n<p>Ach! denkt das Veilchen, w\u00e4r&#8216; ich nur<br \/>\nDie sch\u00f6nste Blume der Natur,<br \/>\nAch, nur ein kleines Weilchen,<br \/>\nBis mich das Liebchen abgepfl\u00fcckt<br \/>\nUnd an dem Busen mattgedr\u00fcckt,<br \/>\nAch, nur ein Viertelst\u00fcndchen lang!<\/p>\n<p>Ach, aber ach, das M\u00e4dchen kam<br \/>\nUnd doch in Acht das Veilchen nahm,<br \/>\nEs sah das sch\u00f6ne Veilchen!<br \/>\nEs wuchs und wuchs und freut sich noch:<br \/>\n&#8222;Und wachs ich denn, so wachs ich denn<br \/>\nf\u00fcr sie, in ihrem Garten hoch!&#8220;<br \/>\nDas sch\u00f6ne Veilchen!<br \/>\nEs ist ein herzig&#8217;s Veilchen!<\/p>\n<p><i><b>Frei<\/b> nach J.W. von Goethe<\/i><\/p>\n<div class= \"snap_nopreview\" align= \"right\"><font size= \"1\">Technorati: <a class= \"techtag\" href= \"http:\/\/corum.twoday.net\/search?q=tag:Garten\" rel= \"tag\">Garten<\/a>, <a class= \"techtag\"  href= \"http:\/\/corum.twoday.net\/search?q=tag:Veilchen\" rel= \"tag\">Veilchen<\/a>, <a class= \"techtag\" href=\"http:\/\/corum.twoday.net\/search?q=tag:Gedicht\" rel= \"tag\">Gedicht<\/a>, <a class= \"techtag\"  href= \"http:\/\/corum.twoday.net\/search?q=tag:Fun\" rel= \"tag\">Fun<\/a><\/font> <\/div>\n","protected":false},"excerpt":{"rendered":"<p>Ein Veilchen bei der Wiese stand Geb\u00fcckt in sich und unbekannt; Es war ein herzig&#8217;s Veilchen! Da kam ein&#8216; junge G\u00e4rtnerin Mit leichtem Schritt und munt&#8217;rem Sinn Die Wiese her und sang. Ach! denkt das Veilchen, w\u00e4r&#8216; ich nur Die sch\u00f6nste Blume der Natur, Ach, nur ein kleines Weilchen, Bis mich das Liebchen abgepfl\u00fcckt Und &hellip; <a href=\"https:\/\/wassersch.eu\/corumblog\/2007\/03\/ein-fruehlingsgedicht-veilchen-3425056\/\" class=\"more-link\"><span class=\"screen-reader-text\">\u201eEin Fr\u00fchlingsgedicht &#8230;\u201c<\/span> weiterlesen<\/a><\/p>\n","protected":false},"author":1,"featured_media":0,"comment_status":"open","ping_status":"open","sticky":false,"template":"","format":"standard","meta":{"jetpack_post_was_ever_published":false,"_jetpack_newsletter_access":"","_jetpack_dont_email_post_to_subs":false,"_jetpack_newsletter_tier_id":0,"_jetpack_memberships_contains_paywalled_content":false,"_jetpack_memberships_contains_paid_content":false,"footnotes":"","jetpack_publicize_message":"","jetpack_publicize_feature_enabled":true,"jetpack_social_post_already_shared":false,"jetpack_social_options":{"image_generator_settings":{"template":"highway","default_image_id":0,"font":"","enabled":false},"version":2}},"categories":[4],"tags":[],"class_list":["post-178","post","type-post","status-publish","format-standard","hentry","category-gruenfutter"],"jetpack_publicize_connections":[],"jetpack_featured_media_url":"","jetpack_sharing_enabled":true,"jetpack_shortlink":"https:\/\/wp.me\/p923CK-2S","jetpack-related-posts":[],"_links":{"self":[{"href":"https:\/\/wassersch.eu\/corumblog\/wp-json\/wp\/v2\/posts\/178","targetHints":{"allow":["GET"]}}],"collection":[{"href":"https:\/\/wassersch.eu\/corumblog\/wp-json\/wp\/v2\/posts"}],"about":[{"href":"https:\/\/wassersch.eu\/corumblog\/wp-json\/wp\/v2\/types\/post"}],"author":[{"embeddable":true,"href":"https:\/\/wassersch.eu\/corumblog\/wp-json\/wp\/v2\/users\/1"}],"replies":[{"embeddable":true,"href":"https:\/\/wassersch.eu\/corumblog\/wp-json\/wp\/v2\/comments?post=178"}],"version-history":[{"count":0,"href":"https:\/\/wassersch.eu\/corumblog\/wp-json\/wp\/v2\/posts\/178\/revisions"}],"wp:attachment":[{"href":"https:\/\/wassersch.eu\/corumblog\/wp-json\/wp\/v2\/media?parent=178"}],"wp:term":[{"taxonomy":"category","embeddable":true,"href":"https:\/\/wassersch.eu\/corumblog\/wp-json\/wp\/v2\/categories?post=178"},{"taxonomy":"post_tag","embeddable":true,"href":"https:\/\/wassersch.eu\/corumblog\/wp-json\/wp\/v2\/tags?post=178"}],"curies":[{"name":"wp","href":"https:\/\/api.w.org\/{rel}","templated":true}]}}