{"id":1662,"date":"2017-05-03T16:45:21","date_gmt":"2017-05-03T14:45:21","guid":{"rendered":"http:\/\/wassersch.eu\/corumblog\/?p=1662"},"modified":"2023-02-16T15:40:15","modified_gmt":"2023-02-16T14:40:15","slug":"eierlikoer-marmor-gugelhupf","status":"publish","type":"post","link":"https:\/\/wassersch.eu\/corumblog\/2017\/05\/eierlikoer-marmor-gugelhupf\/","title":{"rendered":"Eierlik\u00f6r-Marmor-Gugelhupf"},"content":{"rendered":"<p>Der gestrige Beitrag war nicht ganz grundlos&#8230;<\/p>\n<p>Was macht man mit Resten von <a href=\"https:\/\/wassersch.eu\/corumblog\/2017\/05\/selbstgemachter-eierlikoer\">Eierlik\u00f6r<\/a>, denen man nicht mehr so ganz traut, weil Ostern ja schon zwei Wochen her ist? <\/p>\n<p>Ganz einfach, man verbackt sie.<\/p>\n<p><img decoding=\"async\" src=\"https:\/\/www.wassersch.eu\/Blog\/Rez\/2017\/EierlikoerMarmorGugelhupf.jpg\" alt=\"EierlikoerMarmorGugelhupf.jpg\" title=\"Eierlik\u00f6r-Marmor-Gugelhupf\" class= \"center\" ><\/p>\n<h3>Eierlik\u00f6r-Marmor-Gugelhupf<\/h3>\n<table border= \"0\" width= \"100%\">\n<tr>\n<td width= \"200\" align= \"left\">Quellenangabe: <\/td>\n<td>Mein Lieblingskuchen-Rezept<br \/>Erfasst 01.05.2017 von Sus<\/td>\n<\/tr>\n<tr>\n<td width= \"200\" align= \"left\">Kategorien: <\/td>\n<td>Backen, Kuchen, Eierlik\u00f6r, R\u00fchrteig<\/td>\n<\/tr>\n<tr>\n<td width= \"200\" align= \"left\">Mengenangaben f&uuml;r: <\/td>\n<td>1 Kuchen<\/td>\n<\/tr>\n<\/table>\n<h4>Zutaten:<\/h4>\n<table>\n<tr>\n<td width= \"70\" align= \"right\">200<\/td>\n<td width= \"130\">g<\/td>\n<td>Butter<\/td>\n<\/tr>\n<tr>\n<td width= \"70\" align= \"right\">175<\/td>\n<td width= \"130\">g<\/td>\n<td>Zucker<\/td>\n<\/tr>\n<tr>\n<td width= \"70\" align= \"right\">1<\/td>\n<td width= \"130\">Prise<\/td>\n<td>Salz<\/td>\n<\/tr>\n<tr>\n<td width= \"70\" align= \"right\">3<\/td>\n<td width= \"130\"><\/td>\n<td>Eier<\/td>\n<\/tr>\n<tr>\n<td width= \"70\" align= \"right\">50-70<\/td>\n<td width= \"130\">ml<\/td>\n<td><a href=\"https:\/\/wassersch.eu\/corumblog\/2017\/05\/selbstgemachter-eierlikoer\">Eierlik\u00f6r<\/a><\/td>\n<\/tr>\n<tr>\n<td width= \"70\" align= \"right\">250<\/td>\n<td width= \"130\">g<\/td>\n<td>Mehl<\/td>\n<\/tr>\n<tr>\n<td width= \"70\" align= \"right\">50<\/td>\n<td width= \"130\">g<\/td>\n<td>Speisest\u00e4rke<\/td>\n<\/tr>\n<tr>\n<td width= \"70\" align= \"right\">1\/2<\/td>\n<td width= \"130\">Packung<\/td>\n<td>Backpulver<\/td>\n<\/tr>\n<tr>\n<td width= \"70\" align= \"right\">1\/2<\/td>\n<td width= \"130\">Teel\u00f6ffel<\/td>\n<td>Zitronenschale; gerieben<\/td>\n<\/tr>\n<tr>\n<td width= \"70\" align= \"right\">1<\/td>\n<td width= \"130\">Essl\u00f6ffel<\/td>\n<td>Kakao<\/td>\n<\/tr>\n<tr>\n<td width= \"70\" align= \"right\">1<\/td>\n<td width= \"130\">Essl\u00f6ffel<\/td>\n<td>Puderzucker<\/td>\n<\/tr>\n<\/table>\n<h4>Zubereitung:<\/h4>\n<p>Fett, Zucker und Vanille-Zucker mit dem Schneebesen des Handr\u00fchrger\u00e4ts schaumig schlagen. Eier nach und nach unterr\u00fchren.<\/p>\n<p>Mehl, Speisest\u00e4rke und Backpulver mischen, zuf\u00fcgen und alles zu einem glatten, cremigen Teig verr\u00fchren.<\/p>\n<p>Geriebene Zitronenschale zum Teig geben. Eierlik\u00f6r unterr\u00fchren, so dass ein cremiger Teig entsteht.<\/p>\n<p>Eine Gugelhupfform einfetten und die H\u00e4lfte des Teigs einf\u00fcllen. Den Kakao im restlichen Teig gleichm\u00e4\u00dfig verr\u00fchren und diesen dann ebenfalls in die Form geben. Mit einer Gabel den Teig vorsichtig mischen.<\/p>\n<p>Im vorgeheizten Backofen (E-Herd: 175\u00b0C, Gas: Stufe 2) ca. 50 Minuten backen.<\/p>\n<p>Nach dem Backen den Kuchen in der Form etwas abk\u00fchlen lassen. Dann auf ein Kuchengitter st\u00fcrzen und mit gesiebtem Puderzucker bestreuen.<\/p>\n<hr \/>\n<div align= \"right\"><span style=\"font-size: 0.625rem; \"1\">Index: <a class= \"techtag\" href= \"https:\/\/www.wassersch.eu\/Rezepte\/Index\/Rez_B#BackenSuess\" rel= \"tag\">Backen<\/a>, <a class= \"techtag\" href= \"https:\/\/www.wassersch.eu\/Rezepte\/Index\/Rez_K#Kuchen\" rel= \"tag\">Kuchen<\/a>, <a class= \"techtag\" href= \"https:\/\/www.wassersch.eu\/Rezepte\/Index\/Rez_E#Ei\" rel= \"tag\">Ei<\/a>, <a class= \"techtag\" href= \"https:\/\/www.wassersch.eu\/Rezepte\/Index\/Rez_R#Ruehrteig\" rel= \"tag\">R\u00fchrteig<\/a><\/span> <\/div>\n","protected":false},"excerpt":{"rendered":"<p>Der gestrige Beitrag war nicht ganz grundlos&#8230; Was macht man mit Resten von Eierlik\u00f6r, denen man nicht mehr so ganz traut, weil Ostern ja schon zwei Wochen her ist? Ganz einfach, man verbackt sie. Eierlik\u00f6r-Marmor-Gugelhupf Quellenangabe: Mein Lieblingskuchen-RezeptErfasst 01.05.2017 von Sus Kategorien: Backen, Kuchen, Eierlik\u00f6r, R\u00fchrteig Mengenangaben f&uuml;r: 1 Kuchen Zutaten: 200 g Butter 175 &hellip; <a href=\"https:\/\/wassersch.eu\/corumblog\/2017\/05\/eierlikoer-marmor-gugelhupf\/\" class=\"more-link\"><span class=\"screen-reader-text\">\u201eEierlik\u00f6r-Marmor-Gugelhupf\u201c<\/span> weiterlesen<\/a><\/p>\n","protected":false},"author":1,"featured_media":0,"comment_status":"open","ping_status":"open","sticky":false,"template":"","format":"standard","meta":{"jetpack_post_was_ever_published":false,"_jetpack_newsletter_access":"","_jetpack_dont_email_post_to_subs":false,"_jetpack_newsletter_tier_id":0,"_jetpack_memberships_contains_paywalled_content":false,"_jetpack_memberships_contains_paid_content":false,"footnotes":"","jetpack_publicize_message":"","jetpack_publicize_feature_enabled":true,"jetpack_social_post_already_shared":false,"jetpack_social_options":{"image_generator_settings":{"template":"highway","default_image_id":0,"font":"","enabled":false},"version":2}},"categories":[494,2,522],"tags":[32,56,141,102,103],"class_list":["post-1662","post","type-post","status-publish","format-standard","hentry","category-alkohol","category-kochen-backen-und-geniessen","category-kuchen","tag-backensuess","tag-ei","tag-eierlikoer","tag-kuchen","tag-ruehrteig"],"jetpack_publicize_connections":[],"jetpack_featured_media_url":"","jetpack_sharing_enabled":true,"jetpack_shortlink":"https:\/\/wp.me\/p923CK-qO","jetpack-related-posts":[],"_links":{"self":[{"href":"https:\/\/wassersch.eu\/corumblog\/wp-json\/wp\/v2\/posts\/1662","targetHints":{"allow":["GET"]}}],"collection":[{"href":"https:\/\/wassersch.eu\/corumblog\/wp-json\/wp\/v2\/posts"}],"about":[{"href":"https:\/\/wassersch.eu\/corumblog\/wp-json\/wp\/v2\/types\/post"}],"author":[{"embeddable":true,"href":"https:\/\/wassersch.eu\/corumblog\/wp-json\/wp\/v2\/users\/1"}],"replies":[{"embeddable":true,"href":"https:\/\/wassersch.eu\/corumblog\/wp-json\/wp\/v2\/comments?post=1662"}],"version-history":[{"count":10,"href":"https:\/\/wassersch.eu\/corumblog\/wp-json\/wp\/v2\/posts\/1662\/revisions"}],"predecessor-version":[{"id":6252,"href":"https:\/\/wassersch.eu\/corumblog\/wp-json\/wp\/v2\/posts\/1662\/revisions\/6252"}],"wp:attachment":[{"href":"https:\/\/wassersch.eu\/corumblog\/wp-json\/wp\/v2\/media?parent=1662"}],"wp:term":[{"taxonomy":"category","embeddable":true,"href":"https:\/\/wassersch.eu\/corumblog\/wp-json\/wp\/v2\/categories?post=1662"},{"taxonomy":"post_tag","embeddable":true,"href":"https:\/\/wassersch.eu\/corumblog\/wp-json\/wp\/v2\/tags?post=1662"}],"curies":[{"name":"wp","href":"https:\/\/api.w.org\/{rel}","templated":true}]}}