{"id":1289,"date":"2008-10-16T20:40:00","date_gmt":"2008-10-16T18:40:00","guid":{"rendered":"http:\/\/wassersch.eu\/corumblog\/2008\/10\/mais-soda-brot-5260627\/"},"modified":"2023-01-12T14:06:54","modified_gmt":"2023-01-12T13:06:54","slug":"mais-soda-brot-5260627","status":"publish","type":"post","link":"https:\/\/wassersch.eu\/corumblog\/2008\/10\/mais-soda-brot-5260627\/","title":{"rendered":"Abendbrot &#8230;"},"content":{"rendered":"<p><a target=\"_blank\" href=\"https:\/\/www.kochtopf.me\/world-bread-day-08-einladung\" title=\"3rd World Bread Day hosted by 1x umruehren bitte aka kochtopf [October 16, 2008]\"><img loading=\"lazy\" decoding=\"async\" src=\"http:\/\/farm4.static.flickr.com\/3061\/2826991233_ed3f34e0f5_o.jpg\" alt=\"3rd World Bread Day hosted by 1x umruehren bitte aka kochtopf [October 16, 2008]\" width=\"130\" height=\"180\" hspace= \"10\" class= \"left\" style=\"border-radius: 0; margin-top: 0em;\"\/><\/a>Zorra vom Kochtopf ruft bereits zum dritten Mal zum <a target=\"_blank\" href=\"https:\/\/www.kochtopf.me\/world-bread-day-08-einladung\" title=\"3rd World Bread Day hosted by 1x umruehren bitte aka kochtopf [October 16, 2008]\">World Bread Day<\/a><a class=\"extlink\"><\/a> auf. Da trifft es sich gut, da\u00df ich mal wieder ein Sodabrot backen wollte. Au\u00dferdem wollte auch mal dieses merkw\u00fcrdige Thymian-Gew\u00fcrz ausprobieren, das ich in einem t\u00fcrkischen Supermarkt gefunden habe. Au\u00dfer dem Wort &#8222;Green Thyme&#8220; stehen nur arabische Schriftzeichen auf der Packung. Ein Aufkleber spricht von Thymian, Weizenschrot, Sesam, Gew\u00fcrzen und \u00d6l. Kennt das vielleicht jemand und wei\u00df, wof\u00fcr es normalerweise verwendet wird?<\/p>\n<h3>Mais-Soda-Brot<\/h3>\n<table border= \"0\" width= \"100%\">\n<tr>\n<td width= \"200\" align= \"left\">Quellenangabe: <\/td>\n<td>16.10.2008 von Sus<\/td>\n<\/tr>\n<tr>\n<td width= \"150\" align= \"left\">Kategorien: <\/td>\n<td>Brot, Mais, Natron, Backen<\/td>\n<\/tr>\n<tr>\n<td width= \"150\" align= \"left\">Mengenangaben f&uuml;r: <\/td>\n<td>1 Brot<\/td>\n<\/tr>\n<\/table>\n<p><img src= \"http:\/\/www.wassersch.eu\/Blog\/Rez\/SodaBrotMaisThymian2.jpg\" alt= \"SodaBrotMaisThymian2.jpg\" title= \"Mais-Soda-Brot\" class= \"center\" \/><\/p>\n<h4>Zutaten:<\/h4>\n<table>\n<tbody>\n<tr>\n<td align=\"right\" width=\"70\">300<\/td>\n<td width=\"130\">Gramm<\/td>\n<td>Weizenmehl<\/td>\n<\/tr>\n<tr>\n<td align=\"right\" width=\"50\">200<\/td>\n<td width=\"100\">Gramm<\/td>\n<td>Maismehl<\/td>\n<\/tr>\n<tr>\n<td align=\"right\" width=\"50\">1<\/td>\n<td width=\"100\">Teel\u00f6ffel<\/td>\n<td>Salz<\/td>\n<\/tr>\n<tr>\n<td align=\"right\" width=\"50\">1<\/td>\n<td width=\"100\">Teel\u00f6ffel<\/td>\n<td>Baking Soda \/ Natron<\/td>\n<\/tr>\n<tr>\n<td align=\"right\" width=\"50\">2<\/td>\n<td width=\"100\">Teel\u00f6ffel<\/td>\n<td>Thymian-Gew\u00fcrzmischung<\/td>\n<\/tr>\n<tr>\n<td align=\"right\" width=\"50\">100<\/td>\n<td width=\"100\">Gramm<\/td>\n<td>Saure Sahne<\/td>\n<\/tr>\n<tr>\n<td align=\"right\" width=\"50\">400<\/td>\n<td width=\"100\">ml<\/td>\n<td>Wasser<\/td>\n<\/tr>\n<\/tbody>\n<\/table>\n<h4>Zubereitung:<\/h4>\n<p><img src= \"http:\/\/www.wassersch.eu\/Blog\/Rez\/SodaBrotMaisThymian1.jpg\" alt= \"SodaBrotMaisThymian1.jpg\" title= \"Mais-Soda-Brot\" class= \"right\" width=\"250\" style=\"margin-top: 0em;\" \/>Die beiden Mehlsorten mit dem Natron und dem Salz mit einem R\u00fchrl\u00f6ffel in einer Sch\u00fcssel locker mischen. Die saure Sahne in einen Messbecher geben, mit Wasser auf 500 ml auff\u00fcllen und gut vermischen. Die Fl\u00fcssigkeit zum Mehl geben und mit dem L\u00f6ffel gleichm\u00e4\u00dfig unter den Teig ziehen, nicht zuviel kneten.<br \/>\n<br \/>\nAus dem Teig einen runden Laib formen und auf ein Backblech mit Backpapier setzen. Ich habe diesmal einen Backring von ca. 17 cm Durchmesser zum Festhalten des Teigs verwendet. (Daraufhin ist er halt nach oben abgehauen. <img decoding=\"async\" src=\"http:\/\/www.wassersch.eu\/Blog\/Blog\/SmileyGrinsStatic.gif\" class=\"smiley\"\/>)<\/p>\n<p>Sofort f\u00fcr 35-40 Minuten in den auf 230\u00b0C vorgeheizten Backofen geben.<\/p>\n<hr \/>\n<div align= \"right\"><font size= \"1\">Index: <a class= \"techtag\" href= \"http:\/\/www.wassersch.eu\/Rezepte\/Index\/Rez_B#Brot\" rel= \"tag\">Brot<\/a>, <a class= \"techtag\" href= \"http:\/\/www.wassersch.eu\/Rezepte\/Index\/Rez_B#BackenHerzhaft\" rel= \"tag\">Backen<\/a>, <a class=\"techtag\" href=\"http:\/\/www.wassersch.eu\/Rezepte\/Index\/Rez_N#Natron\" rel=\"tag\">Natron<\/a>, <a class=\"techtag\" href=\"http:\/\/www.wassersch.eu\/Rezepte\/Index\/Rez_M#Mais\" rel=\"tag\">Mais<\/a>, <a class= \"techtag\" href= \"https:\/\/wassersch.eu\/corumblog\/?s=World-Bread-Day\" rel= \"tag\">World Bread Day 08<\/a>, <a class= \"techtag\" href= \"http:\/\/www.wassersch.eu\/Rezepte\/Index\/Rez_B#Blog-Event\" rel= \"tag\">Blog-Event<\/a><\/font> <\/div>\n","protected":false},"excerpt":{"rendered":"<p>Zorra vom Kochtopf ruft bereits zum dritten Mal zum World Bread Day auf. Da trifft es sich gut, da\u00df ich mal wieder ein Sodabrot backen wollte. Au\u00dferdem wollte auch mal dieses merkw\u00fcrdige Thymian-Gew\u00fcrz ausprobieren, das ich in einem t\u00fcrkischen Supermarkt gefunden habe. Au\u00dfer dem Wort &#8222;Green Thyme&#8220; stehen nur arabische Schriftzeichen auf der Packung. Ein &hellip; <a href=\"https:\/\/wassersch.eu\/corumblog\/2008\/10\/mais-soda-brot-5260627\/\" class=\"more-link\"><span class=\"screen-reader-text\">\u201eAbendbrot &#8230;\u201c<\/span> weiterlesen<\/a><\/p>\n","protected":false},"author":1,"featured_media":0,"comment_status":"open","ping_status":"open","sticky":false,"template":"","format":"standard","meta":{"jetpack_post_was_ever_published":false,"_jetpack_newsletter_access":"","_jetpack_dont_email_post_to_subs":false,"_jetpack_newsletter_tier_id":0,"_jetpack_memberships_contains_paywalled_content":false,"_jetpack_memberships_contains_paid_content":false,"footnotes":"","jetpack_publicize_message":"","jetpack_publicize_feature_enabled":true,"jetpack_social_post_already_shared":false,"jetpack_social_options":{"image_generator_settings":{"template":"highway","default_image_id":0,"font":"","enabled":false},"version":2}},"categories":[485,2],"tags":[23,44,24,114,278],"class_list":["post-1289","post","type-post","status-publish","format-standard","hentry","category-brot","category-kochen-backen-und-geniessen","tag-backenherzhaft","tag-blog-event","tag-brot","tag-mais","tag-natron"],"jetpack_publicize_connections":[],"jetpack_featured_media_url":"","jetpack_sharing_enabled":true,"jetpack_shortlink":"https:\/\/wp.me\/p923CK-kN","jetpack-related-posts":[],"_links":{"self":[{"href":"https:\/\/wassersch.eu\/corumblog\/wp-json\/wp\/v2\/posts\/1289","targetHints":{"allow":["GET"]}}],"collection":[{"href":"https:\/\/wassersch.eu\/corumblog\/wp-json\/wp\/v2\/posts"}],"about":[{"href":"https:\/\/wassersch.eu\/corumblog\/wp-json\/wp\/v2\/types\/post"}],"author":[{"embeddable":true,"href":"https:\/\/wassersch.eu\/corumblog\/wp-json\/wp\/v2\/users\/1"}],"replies":[{"embeddable":true,"href":"https:\/\/wassersch.eu\/corumblog\/wp-json\/wp\/v2\/comments?post=1289"}],"version-history":[{"count":7,"href":"https:\/\/wassersch.eu\/corumblog\/wp-json\/wp\/v2\/posts\/1289\/revisions"}],"predecessor-version":[{"id":4493,"href":"https:\/\/wassersch.eu\/corumblog\/wp-json\/wp\/v2\/posts\/1289\/revisions\/4493"}],"wp:attachment":[{"href":"https:\/\/wassersch.eu\/corumblog\/wp-json\/wp\/v2\/media?parent=1289"}],"wp:term":[{"taxonomy":"category","embeddable":true,"href":"https:\/\/wassersch.eu\/corumblog\/wp-json\/wp\/v2\/categories?post=1289"},{"taxonomy":"post_tag","embeddable":true,"href":"https:\/\/wassersch.eu\/corumblog\/wp-json\/wp\/v2\/tags?post=1289"}],"curies":[{"name":"wp","href":"https:\/\/api.w.org\/{rel}","templated":true}]}}