{"id":1243,"date":"2009-03-23T13:55:00","date_gmt":"2009-03-23T12:55:00","guid":{"rendered":"http:\/\/wassersch.eu\/corumblog\/2009\/03\/mandarinenschnitten-5601133\/"},"modified":"2022-04-28T16:34:28","modified_gmt":"2022-04-28T14:34:28","slug":"mandarinenschnitten-5601133","status":"publish","type":"post","link":"https:\/\/wassersch.eu\/corumblog\/2009\/03\/mandarinenschnitten-5601133\/","title":{"rendered":"Kennt Ihr das?"},"content":{"rendered":"<p>Man bereitet einen Blog-Eintrag vor und ist felsenfest davon \u00fcberzeugt, ihn schon online gestellt zu haben. Tage sp\u00e4ter sucht man ihn dann und findet ihn nicht. Deshalb ein wenig versp\u00e4tet, aber lange noch nicht zu sp\u00e4t (zum Gl\u00fcck):<\/p>\n<p><a href=\"https:\/\/www.huettenhilfe.de\/fremdkochen-mandarine-marz-2009_4035.html\" target= \"_blank\"><img decoding=\"async\" src=\"https:\/\/wassersch.eu\/Blog\/Div\/BlogEvents\/fremdkochen-mandarinen-500-112.jpg\" alt=\"Fremdkochen Mandarinen\" class= \"center\"\/><\/a><\/p>\n<p>Die <a  href=\"http:\/\/www.huettenhilfe.de\" target= \"_blank\">H\u00fcttenhilfe<\/a> m\u00f6chte in diesem Monat, dass wir Rezepte mit <a  href=\"http:\/\/www.huettenhilfe.de\/fremdkochen-mandarine-marz-2009_4035.html\" target= \"_blank\">Mandarinen<\/a> nachkochen oder -backen. Also, ich muss sagen, hier gibt es keine Mandarinen. Es gibt Satsumas (zumindest am Winteranfang), es gibt Clementinen, es gibt Mineolas, es gibt Tangerinen, es gibt Clauselinen, aber Mandarinen? Ich habe (schon aus Interesse) s\u00e4mtliche L\u00e4den vom Supermarkt A bis zum Marktstand, vom Bioladen bis zum Supermarkt Z alles abgeklappert: Keine Mandarinen!<\/p>\n<p>So, nun zum zweiten Problem: Welches Rezept? In meiner Nachmach-Bookmark-Liste findet sich vieles, nur nichts mit Mandarinen\/Clementinen\/Satsumas &#8230; Allerdings schwirrte mir seit Tagen <a href= \"http:\/\/kochtopf.me\/stories\/lemon-bars-etwas-ssssaures-zum-geburtstag\/\/\" target= \"_blank\">dieses Rezept<\/a> von Zorra im Kopf herum. Mehrmals dachte ich: &#8222;Schade, dass es Zitronen sind, wenn es denn Mandarinen w\u00e4ren &#8230;&#8220; Warum eigentlich nicht?<\/p>\n<p><img src= \"http:\/\/www.wassersch.eu\/Blog\/Rez\/MandarinBars.jpg\" alt= \"MandarinBars.jpg\" title= \"Mandarinen-Schnitten oder Mandarin Bars\"  class= \"center\"\/><\/p>\n<p>Ich muss sagen, die Mandarin Bars waren g\u00f6ttlich! Recht s\u00fc\u00df, aber eben auch ein bisschen herb durch die Schale. Der Boden war ein Tick zu knusprig, aber daf\u00fcr sch\u00f6n salzig. Tolle Kombination!<\/p>\n<p><H3>Mandarinen-Schnitten oder Mandarin Bars<\/H3><\/p>\n<table border= \"0\" width= \"100%\">\n<tr>\n<td width= \"200\" align= \"left\">Quellenangabe: <\/td>\n<td>Fremdgebacken von <a href= \"http:\/\/kochtopf.twoday.net\/stories\/lemon-bars-etwas-suesssaures-zum-geburtstag\/\" target= \"_blank\">hier<\/a><a class=\"extlink\"><\/a> 08.03.2009 von Sus<\/td>\n<\/tr>\n<tr>\n<td width= \"150\" align= \"left\">Kategorien: <\/td>\n<td>Fremdgebacken, Mandarine, Zitrone, Curd, Ei<\/td>\n<\/tr>\n<tr>\n<td width= \"150\" align= \"left\">Mengenangaben f&uuml;r: <\/td>\n<td>16-20 St\u00fcck<\/td>\n<\/tr>\n<\/table>\n<h4>Zutaten:<\/h4>\n<table>\n<tr>\n<td width= \"70\" align= \"right\"><\/td>\n<td width= \"130\"><\/td>\n<td><strong>Boden:<\/strong><\/td>\n<\/tr>\n<tr>\n<td width= \"50\" align= \"right\">100<\/td>\n<td width= \"100\">g<\/td>\n<td>Mehl<\/td>\n<\/tr>\n<tr>\n<td width= \"50\" align= \"right\">30<\/td>\n<td width= \"100\">g<\/td>\n<td>Puderzucker<\/td>\n<\/tr>\n<tr>\n<td width= \"50\" align= \"right\">1\/4<\/td>\n<td width= \"100\">Teel\u00f6ffel<\/td>\n<td>Salz<\/td>\n<\/tr>\n<tr>\n<td width= \"50\" align= \"right\">70<\/td>\n<td width= \"100\">g<\/td>\n<td>Butter; kalt<\/td>\n<\/tr>\n<tr>\n<td width= \"50\" align= \"right\"><\/td>\n<td width= \"100\"><\/td>\n<td><strong>Belag:<\/strong><\/td>\n<\/tr>\n<tr>\n<td width= \"50\" align= \"right\">200<\/td>\n<td width= \"100\">g<\/td>\n<td>Zucker<\/td>\n<\/tr>\n<tr>\n<td width= \"50\" align= \"right\">1<\/td>\n<td width= \"100\">gro\u00dfe<\/td>\n<td>Mandarine, unbehandelt (hier: Clementine)<\/td>\n<\/tr>\n<tr>\n<td width= \"50\" align= \"right\">60<\/td>\n<td width= \"100\">g<\/td>\n<td>Mehl<\/td>\n<\/tr>\n<tr>\n<td width= \"50\" align= \"right\">1<\/td>\n<td width= \"100\">Prise<\/td>\n<td>Salz<\/td>\n<\/tr>\n<tr>\n<td width= \"50\" align= \"right\">3<\/td>\n<td width= \"100\"><\/td>\n<td>Eier<\/td>\n<\/tr>\n<\/table>\n<h4>Zubereitung:<\/h4>\n<p>Am Vortag die Schale der Mandarine mit einem Zestenrei\u00dfer oder Messer hauchd\u00fcnn abschneiden, so dass kein Wei\u00dfes an der Schale haften bleibt. Zusammen mit dem Zucker im Mixer zu orangefarbenem Puderzucker verarbeiten. Auf einer gro\u00dfen Fl\u00e4che (Backblech) erst trocknen lassen und dann im K\u00fchlschrank aufbewahren.<\/p>\n<p>Den Backofen auf 180 \u00b0C vorheizen.<\/p>\n<p>F\u00fcr den Teig Mehl, Puderzucker und Salz in einer Sch\u00fcssel mischen. Butter dazugeben und mit den H\u00e4nden zu einer Art Streuselteig verarbeiten. Die Backform mit Backpapier auslegen und den Teig gleichm\u00e4\u00dfig verteilen und andr\u00fccken. Im Backofen f\u00fcr ca. 15 Minuten backen, bis die R\u00e4nder leicht braun werden.<\/p>\n<p>Den Backofen auf 160 \u00b0C herunterschalten.<\/p>\n<p>Die Mandarine auspressen. Den Mandarinenzucker mit dem Mehl und Salz mischen. In einer zweiten Sch\u00fcssel die Eier schaumig schlagen und den Mandarinensaft dazugeben. Die Fl\u00fcssigkeit unter die Mehlmischung r\u00fchren und in die Form gie\u00dfen. Diese wieder in den Backofen stellen und f\u00fcr 25-30 Minuten weiterbacken, bis die Masse gestockt ist. Bei der St\u00e4bchenprobe sollte noch etwas Masse klebenbleiben. Vollst\u00e4ndig ausk\u00fchlen lassen, mit Puderzucker bestreuen und in St\u00fccke schneiden. Im K\u00fchlschrank aufbewahren.<\/p>\n<h4>Anmerkung:<\/h4>\n<p>&#8211; Ich habe den Puderzucker in einer Sch\u00fcssel trocknen lassen: der Zucker wurde steinhart und ich musste ihn noch einmal durch den Mixer jagen. Der Geschmack war auch nicht intensiver als direkt nach dem Mixen. Das n\u00e4chste Mal werde ich den Zucker am selben Tag mit den Schalen mischen.<br \/>\n&#8211; Darauf achten, dass die Mandarine fest und saftig ist. Ich habe eine sehr aromatische (Clementine) erwischt.<br \/>\n&#8211; Der Puderzucker, der am Schluss daraufgestreut wird, l\u00f6st sich recht schnell auf. Immer erst vor dem Servieren dekorieren.<\/p>\n<hr \/>\n<div class= \"snap_nopreview\" align= \"right\"><font size= \"1\">Index: <a class= \"techtag\" href= \"https:\/\/www.wassersch.eu\/Rezepte\/Index\/RezeptIndex.html\" rel= \"tag\">Index<\/a>, <a class= \"techtag\" href= \"https:\/\/www.wassersch.eu\/Rezepte\/Index\/Rez_K#Kuchen\" rel= \"tag\">Kuchen<\/a>, <a class= \"techtag\" href= \"https:\/\/www.wassersch.eu\/Rezepte\/Index\/Rez_M#Mandarine\" rel= \"tag\">Mandarine<\/a>, <a class= \"techtag\" href= \"https:\/\/www.wassersch.eu\/Rezepte\/Index\/Rez_Z#Zitrus\" rel= \"tag\">Zitrus<\/a>, <a class= \"techtag\" href= \"https:\/\/www.wassersch.eu\/Rezepte\/Index\/Rez_E#Ei\" rel= \"tag\">Ei<\/a><\/font> <\/div>\n","protected":false},"excerpt":{"rendered":"<p>Man bereitet einen Blog-Eintrag vor und ist felsenfest davon \u00fcberzeugt, ihn schon online gestellt zu haben. Tage sp\u00e4ter sucht man ihn dann und findet ihn nicht. Deshalb ein wenig versp\u00e4tet, aber lange noch nicht zu sp\u00e4t (zum Gl\u00fcck): Die H\u00fcttenhilfe m\u00f6chte in diesem Monat, dass wir Rezepte mit Mandarinen nachkochen oder -backen. Also, ich muss &hellip; <a href=\"https:\/\/wassersch.eu\/corumblog\/2009\/03\/mandarinenschnitten-5601133\/\" class=\"more-link\"><span class=\"screen-reader-text\">\u201eKennt Ihr das?\u201c<\/span> weiterlesen<\/a><\/p>\n","protected":false},"author":1,"featured_media":0,"comment_status":"open","ping_status":"open","sticky":false,"template":"","format":"standard","meta":{"jetpack_post_was_ever_published":false,"_jetpack_newsletter_access":"","_jetpack_dont_email_post_to_subs":false,"_jetpack_newsletter_tier_id":0,"_jetpack_memberships_contains_paywalled_content":false,"_jetpack_memberships_contains_paid_content":false,"footnotes":"","jetpack_publicize_message":"","jetpack_publicize_feature_enabled":true,"jetpack_social_post_already_shared":false,"jetpack_social_options":{"image_generator_settings":{"template":"highway","default_image_id":0,"font":"","enabled":false},"version":2}},"categories":[483,2,522],"tags":[165,56,102,59],"class_list":["post-1243","post","type-post","status-publish","format-standard","hentry","category-backen-suess","category-kochen-backen-und-geniessen","category-kuchen","tag-curd","tag-ei","tag-kuchen","tag-zitrus"],"jetpack_publicize_connections":[],"jetpack_featured_media_url":"","jetpack_sharing_enabled":true,"jetpack_shortlink":"https:\/\/wp.me\/p923CK-k3","jetpack-related-posts":[],"_links":{"self":[{"href":"https:\/\/wassersch.eu\/corumblog\/wp-json\/wp\/v2\/posts\/1243","targetHints":{"allow":["GET"]}}],"collection":[{"href":"https:\/\/wassersch.eu\/corumblog\/wp-json\/wp\/v2\/posts"}],"about":[{"href":"https:\/\/wassersch.eu\/corumblog\/wp-json\/wp\/v2\/types\/post"}],"author":[{"embeddable":true,"href":"https:\/\/wassersch.eu\/corumblog\/wp-json\/wp\/v2\/users\/1"}],"replies":[{"embeddable":true,"href":"https:\/\/wassersch.eu\/corumblog\/wp-json\/wp\/v2\/comments?post=1243"}],"version-history":[{"count":2,"href":"https:\/\/wassersch.eu\/corumblog\/wp-json\/wp\/v2\/posts\/1243\/revisions"}],"predecessor-version":[{"id":5626,"href":"https:\/\/wassersch.eu\/corumblog\/wp-json\/wp\/v2\/posts\/1243\/revisions\/5626"}],"wp:attachment":[{"href":"https:\/\/wassersch.eu\/corumblog\/wp-json\/wp\/v2\/media?parent=1243"}],"wp:term":[{"taxonomy":"category","embeddable":true,"href":"https:\/\/wassersch.eu\/corumblog\/wp-json\/wp\/v2\/categories?post=1243"},{"taxonomy":"post_tag","embeddable":true,"href":"https:\/\/wassersch.eu\/corumblog\/wp-json\/wp\/v2\/tags?post=1243"}],"curies":[{"name":"wp","href":"https:\/\/api.w.org\/{rel}","templated":true}]}}