{"id":1180,"date":"2009-08-17T08:23:00","date_gmt":"2009-08-17T06:23:00","guid":{"rendered":"http:\/\/wassersch.eu\/corumblog\/2009\/08\/nudeln-mit-gruenen-bohnen-5882040\/"},"modified":"2018-09-03T13:46:15","modified_gmt":"2018-09-03T11:46:15","slug":"nudeln-mit-gruenen-bohnen-5882040","status":"publish","type":"post","link":"https:\/\/wassersch.eu\/corumblog\/2009\/08\/nudeln-mit-gruenen-bohnen-5882040\/","title":{"rendered":"Schade &#8230;"},"content":{"rendered":"<p>Im letzten Beitrag hatte ich erw\u00e4hnt, da\u00df es <strike>letztes<\/strike> mittlerweile vorletztes Wochenende bei uns Nudeln gab. Genauer: Nudeln mit gr\u00fcnen Bohnen und Bratwurst-B\u00e4llchen. Irgendwo hatte ich in einem Rezept gelesen, da\u00df man die Bohnen und die Nudeln zusammen in einem Topf kochen k\u00f6nnte. Die Idee fand ich praktisch und habe es gleich ausprobiert. Der Nachteil an der Sache ist, da\u00df die Bohnen dann total langweilig schmecken. Da hilft dann auch eine gut gew\u00fcrzte Sauce auch nicht mehr.<\/p>\n<p align= \"center\">\n<img decoding=\"async\" src=\"http:\/\/www.wassersch.eu\/Blog\/Rez\/NudelnMitGruenenBohnen.jpg\" alt=\"NudelnMitGruenenBohnen.jpg\" title= \"Nudeln mit gr&uuml;nen Bohnen\" class=\"center\" \/><\/p>\n<p>\nUnd somit ist dieses Rezept kein Teilnehmer am <a class= \"deadlink\" title= \"http:\/\/gaertnerblog.de\/blog\/2009\/garten-koch-event-august-bohnen\" target= \"_blank\">Garten-Koch-Event &#8222;Gr\u00fcne Bohnen&#8220;<\/a>. Schade eigentlich &#8230;<\/p>\n<hr \/>\n","protected":false},"excerpt":{"rendered":"<p>Im letzten Beitrag hatte ich erw\u00e4hnt, da\u00df es letztes mittlerweile vorletztes Wochenende bei uns Nudeln gab. Genauer: Nudeln mit gr\u00fcnen Bohnen und Bratwurst-B\u00e4llchen. Irgendwo hatte ich in einem Rezept gelesen, da\u00df man die Bohnen und die Nudeln zusammen in einem Topf kochen k\u00f6nnte. Die Idee fand ich praktisch und habe es gleich ausprobiert. Der Nachteil &hellip; <a href=\"https:\/\/wassersch.eu\/corumblog\/2009\/08\/nudeln-mit-gruenen-bohnen-5882040\/\" class=\"more-link\"><span class=\"screen-reader-text\">\u201eSchade &#8230;\u201c<\/span> weiterlesen<\/a><\/p>\n","protected":false},"author":1,"featured_media":0,"comment_status":"open","ping_status":"open","sticky":false,"template":"","format":"standard","meta":{"jetpack_post_was_ever_published":false,"_jetpack_newsletter_access":"","_jetpack_dont_email_post_to_subs":false,"_jetpack_newsletter_tier_id":0,"_jetpack_memberships_contains_paywalled_content":false,"_jetpack_memberships_contains_paid_content":false,"footnotes":"","jetpack_publicize_message":"","jetpack_publicize_feature_enabled":true,"jetpack_social_post_already_shared":false,"jetpack_social_options":{"image_generator_settings":{"template":"highway","default_image_id":0,"font":"","enabled":false},"version":2}},"categories":[2],"tags":[425,74],"class_list":["post-1180","post","type-post","status-publish","format-standard","hentry","category-kochen-backen-und-geniessen","tag-gruene-bohnen","tag-nudeln"],"jetpack_publicize_connections":[],"jetpack_featured_media_url":"","jetpack_sharing_enabled":true,"jetpack_shortlink":"https:\/\/wp.me\/p923CK-j2","jetpack-related-posts":[],"_links":{"self":[{"href":"https:\/\/wassersch.eu\/corumblog\/wp-json\/wp\/v2\/posts\/1180","targetHints":{"allow":["GET"]}}],"collection":[{"href":"https:\/\/wassersch.eu\/corumblog\/wp-json\/wp\/v2\/posts"}],"about":[{"href":"https:\/\/wassersch.eu\/corumblog\/wp-json\/wp\/v2\/types\/post"}],"author":[{"embeddable":true,"href":"https:\/\/wassersch.eu\/corumblog\/wp-json\/wp\/v2\/users\/1"}],"replies":[{"embeddable":true,"href":"https:\/\/wassersch.eu\/corumblog\/wp-json\/wp\/v2\/comments?post=1180"}],"version-history":[{"count":2,"href":"https:\/\/wassersch.eu\/corumblog\/wp-json\/wp\/v2\/posts\/1180\/revisions"}],"predecessor-version":[{"id":3487,"href":"https:\/\/wassersch.eu\/corumblog\/wp-json\/wp\/v2\/posts\/1180\/revisions\/3487"}],"wp:attachment":[{"href":"https:\/\/wassersch.eu\/corumblog\/wp-json\/wp\/v2\/media?parent=1180"}],"wp:term":[{"taxonomy":"category","embeddable":true,"href":"https:\/\/wassersch.eu\/corumblog\/wp-json\/wp\/v2\/categories?post=1180"},{"taxonomy":"post_tag","embeddable":true,"href":"https:\/\/wassersch.eu\/corumblog\/wp-json\/wp\/v2\/tags?post=1180"}],"curies":[{"name":"wp","href":"https:\/\/api.w.org\/{rel}","templated":true}]}}